{"id":476903,"date":"2018-04-02T09:38:19","date_gmt":"2018-04-02T13:38:19","guid":{"rendered":"http:\/\/diarioelpopular.com\/?p=476903"},"modified":"2018-04-02T09:38:20","modified_gmt":"2018-04-02T13:38:20","slug":"lopez-obrador-arranca-su-campana-con-un-mensaje-nacionalista-en-la-frontera-de-mexico-con-ee-uu","status":"publish","type":"post","link":"https:\/\/diarioelpopular.com\/index.php\/2018\/04\/02\/lopez-obrador-arranca-su-campana-con-un-mensaje-nacionalista-en-la-frontera-de-mexico-con-ee-uu\/","title":{"rendered":"L\u00f3pez Obrador arranca su campa\u00f1a con un mensaje nacionalista en la frontera de M\u00e9xico con EE UU"},"content":{"rendered":"<p><a style=\"color: #016ca2\" href=\"https:\/\/elpais.com\/tag\/andres_manuel_lopez_obrador\/a\">\u00a0<\/a><\/p>\n<div id=\"attachment_476904\" style=\"width: 570px\" class=\"wp-caption aligncenter\"><a href=\"https:\/\/diarioelpopular.com\/wp-content\/uploads\/2018\/04\/1522612535_232926_1522612655_noticia_normal_recorte1.jpg\"><img loading=\"lazy\" decoding=\"async\" aria-describedby=\"caption-attachment-476904\" class=\"size-large wp-image-476904\" src=\"https:\/\/diarioelpopular.com\/wp-content\/uploads\/2018\/04\/1522612535_232926_1522612655_noticia_normal_recorte1-560x361.jpg\" alt=\"L\u00f3pez Obrador saluda a sus simpatizantes en Ciudad Ju\u00e1rez, Chihuahua.\" width=\"560\" height=\"361\" \/><\/a><p id=\"caption-attachment-476904\" class=\"wp-caption-text\">L\u00f3pez Obrador saluda a sus simpatizantes en Ciudad Ju\u00e1rez, Chihuahua.<\/p><\/div>\n<p><a style=\"color: #016ca2\" href=\"https:\/\/elpais.com\/tag\/andres_manuel_lopez_obrador\/a\">Andr\u00e9s Manuel L\u00f3pez Obrador<\/a><span style=\"color: #111111\">\u00a0arranc\u00f3 este domingo su tercera campa\u00f1a presidencial en 12 a\u00f1os. El candidato del Movimiento de Regeneraci\u00f3n Nacional (<\/span><a style=\"color: #016ca2\" href=\"https:\/\/elpais.com\/tag\/morena_movimiento_regeneracion_nacional\/a\">Morena<\/a><span style=\"color: #111111\">), que encabeza la alianza Juntos haremos historia junto a los partidos Encuentro Social y del Trabajo, celebr\u00f3 su primer mitin en Ciudad Ju\u00e1rez (Chihuahua), en la frontera entre M\u00e9xico y Estados Unidos. Desde all\u00ed lanz\u00f3 un mensaje nacionalista y de defensa de la soberan\u00eda ante el beligerante Donald Trump. \u201cVamos a exigir respeto a los mexicanos\u2026 Ni M\u00e9xico ni su pueblo ser\u00e1 pi\u00f1ata de ning\u00fan Gobierno extranjero\u201d, dijo.<\/span><\/p>\n<p style=\"color: #444444\">L\u00f3pez Obrador repas\u00f3 en un largo primer discurso las ideas que ha venido repitiendo a lo largo de los \u00faltimos meses de una campa\u00f1a con pausas imperceptibles. El candidato asegur\u00f3 que su Gobierno fortalecer\u00e1 el consumo interno. \u201cVamos a producir lo que consumismos\u2026 Buscaremos la modernidad desde abajo y para todos. Habr\u00e1 crecimiento horizontal en todo el pa\u00eds y no solo en unos islotes\u201d. El l\u00edder de izquierdas subray\u00f3 su discurso contra las \u00e9lites pol\u00edticas. Prometi\u00f3 recortar los sueldos de los altos funcionarios y acabar con sus privilegios. \u201cEl Gobierno dejar\u00e1 de ser una f\u00e1brica de nuevos ricos\u2026 vamos a bajar los sueldos de los de arriba y vamos a aumentar el salario de los de abajo\u201d.<\/p>\n<p style=\"color: #444444\">El l\u00edder de los sondeos\u00a0<a style=\"font-style: inherit;color: #016ca2\" href=\"https:\/\/oraculus.mx\/\">con un 40% de intenci\u00f3n de voto<\/a>\u00a0\u2014Ricardo Anaya, de Por M\u00e9xico al Frente tiene un 27,7%\u2014 eligi\u00f3 arrancar su campa\u00f1a en Ciudad Ju\u00e1rez por su carga simb\u00f3lica. Paso del Norte, como se llam\u00f3 esta ciudad hasta 1888, acogi\u00f3 a Benito Ju\u00e1rez. El presidente mexicano huy\u00f3 de la Ciudad de M\u00e9xico rumbo al norte en mayo de 1863 asediado por las tropas francesas. Ese fue el inicio de la Rep\u00fablica itinerante, un periodo de cuatro a\u00f1os en el que el Gobierno juarista viaj\u00f3 en una caravana con el archivo de la naci\u00f3n por varias entidades. En esta ciudad de Chihuahua organiz\u00f3, a lo largo de 10 meses, la resistencia. \u201c<a style=\"font-style: inherit;color: #016ca2\" href=\"https:\/\/elpais.com\/tag\/ciudad_juarez\/a\">Ciudad Ju\u00e1rez<\/a>\u00a0representa el pasado glorioso y el presente de los grandes problemas nacionales\u201d, dijo L\u00f3pez Obrador en referencia a los feminicidios y la violencia desbordada por la guerra contra el narcotr\u00e1fico emprendida por el presidente Felipe Calder\u00f3n, que derrot\u00f3 a L\u00f3pez Obrador en las elecciones de 2006.<\/p>\n<div id=\"inread1\" style=\"font-style: inherit\">\u00a0Esta regi\u00f3n del pa\u00eds no es basti\u00f3n de la izquierda. La situaci\u00f3n podr\u00eda modificarse en la tercera campa\u00f1a presidencial de L\u00f3pez Obrador. En 2013 Morena naci\u00f3 en Chihuahua con poco m\u00e1s de 3.000 militantes. En 2015, en sus primeras elecciones, la organizaci\u00f3n fue la cuarta fuerza m\u00e1s votada con 53.000 votos tras el PRI, PAN y Nueva Alianza. El fen\u00f3meno L\u00f3pez Obrador parece haber aumentado considerablemente los militantes, que hoy superan los 47.000 en todo Chihuahua, que tiene una poblaci\u00f3n de 4.7 millones de personas. \u201cEl norte siempre ha sido reticente con L\u00f3pez Obrador, pero es tal el hartazgo con la situaci\u00f3n actual que las cosas est\u00e1n cambiando\u201d, dijo Fabi\u00e1n V\u00e1zquez, un empresario que lleg\u00f3 de Tamaulipas para escuchar al candidato.<\/div>\n<p style=\"color: #444444\">El aspirante dijo que, de triunfar en las elecciones del 1 de julio, aumentar\u00e1 al doble el salario m\u00ednimo en la zona fronteriza entre M\u00e9xico y Estados Unidos. Seg\u00fan \u00e9l la medida no aumentar\u00e1 la inflaci\u00f3n porque recortar\u00e1 el ISR al 20% y el IVA al 8%, una cifra similar a la tasa impositiva que tienen California, Arizona, Nuevo M\u00e9xico y Texas. Su plan de Gobierno incluye la creaci\u00f3n de una zona libre en los m\u00e1s de 3.000 kil\u00f3metros de frontera. Las aduanas se recorrer\u00edan \u201c20 \u00f3 30 kil\u00f3metros tierra adentro\u201d para fomentar el desarrollo productivo y tecnol\u00f3gico.<\/p>\n<section id=\"sumario_2|html\" class=\"sumario_html izquierda\" style=\"color: #444444\"><a style=\"font-style: inherit;color: #016ca2\" name=\"sumario_2\"><\/a><\/p>\n<div class=\"sumario__interior\" style=\"font-style: inherit\">\n<div class=\"sumario-texto\" style=\"font-style: inherit\">\n<blockquote style=\"font-weight: bold;color: #000000\">\n<p style=\"font-weight: inherit;font-style: inherit\">El neoliberalismo ha desatado la corrupci\u00f3n m\u00e1s colosal<\/p>\n<p style=\"font-weight: inherit;font-style: inherit\">\u00a0ANDR\u00c9S MANUEL L\u00d3PEZ OBRADOR<\/p>\n<\/blockquote>\n<\/div>\n<\/div>\n<\/section>\n<p style=\"color: #444444\">En su primer discurso de campa\u00f1a, L\u00f3pez Obrador tambi\u00e9n carg\u00f3 en contra de las pol\u00edticas econ\u00f3micas implementadas en M\u00e9xico en las \u00faltimas tres d\u00e9cadas. \u201cEl neoliberalismo ha desatado la corrupci\u00f3n m\u00e1s colosal\u201d, dijo despu\u00e9s de criticar las privatizaciones de diversos sectores llevados a cabo en el sexenio de\u00a0<a style=\"font-style: inherit;color: #016ca2\" href=\"https:\/\/elpais.com\/tag\/carlos_salinas_de_gortari\/a\">Carlos Salinas (1988-1994)<\/a>, su gran adversario pol\u00edtico. \u201cEn 30 a\u00f1os el crecimiento real de la econom\u00eda ha sido de cero\u2026 Un salario m\u00ednimo hace 30 a\u00f1os compraba 51 kilos de tortillas. Un salario hoy solo compra 6 kilos de tortilla, de ese tama\u00f1o ha sido el retroceso del pueblo frente a la pol\u00edtica econ\u00f3mica neoliberal\u201d.<\/p>\n<p style=\"color: #444444\">Algunos asistentes al mitin coinciden con este diagn\u00f3stico. \u201cLa gente est\u00e1 muy agobiada\u2026 Antes con 500 d\u00f3lares al mes la hac\u00edas, pero con los aumentos eso se ha convertido en 250 d\u00f3lares. Ya no alcanza\u201d, asegur\u00f3 Francisco, un ch\u00f3fer del transporte p\u00fablico que se acerc\u00f3 a o\u00edr el discurso del aspirante. \u201cYa es la hora de este se\u00f1or\u201d, agreg\u00f3.<\/p>\n<p style=\"color: #444444\">No todos los asistentes coincidieron con lo que oyeron. \u201cLo \u00fanico que no me gust\u00f3 fue lo de la cancelaci\u00f3n del aeropuerto porque es infraestructura para el pa\u00eds\u201d, mencion\u00f3 un peque\u00f1o empresario que viaj\u00f3 desde Chihuahua, la capital del Estado, para o\u00edr a L\u00f3pez Obrador. El aspirante de Morena retom\u00f3 la pol\u00e9mica de las \u00faltimas semanas al decir que cancelar\u00e1 la construcci\u00f3n de la nueva terminal para ahorrar a M\u00e9xico 200.000 millones de pesos (11.000 millones de d\u00f3lares). En su lugar, construir\u00e1, dos pistas en la base de Santa Luc\u00eda.<\/p>\n","protected":false},"excerpt":{"rendered":"<p>El candidato de Morena carga contra el neoliberalismo y la \u201cdescomunal deshonestidad\u201d de la pol\u00edtica actual<\/p>\n","protected":false},"author":5842,"featured_media":0,"comment_status":"open","ping_status":"open","sticky":false,"template":"","format":"standard","meta":{"footnotes":""},"categories":[1],"tags":[],"class_list":["post-476903","post","type-post","status-publish","format-standard","hentry","category-uncategorized"],"_links":{"self":[{"href":"https:\/\/diarioelpopular.com\/index.php\/wp-json\/wp\/v2\/posts\/476903","targetHints":{"allow":["GET"]}}],"collection":[{"href":"https:\/\/diarioelpopular.com\/index.php\/wp-json\/wp\/v2\/posts"}],"about":[{"href":"https:\/\/diarioelpopular.com\/index.php\/wp-json\/wp\/v2\/types\/post"}],"author":[{"embeddable":true,"href":"https:\/\/diarioelpopular.com\/index.php\/wp-json\/wp\/v2\/users\/5842"}],"replies":[{"embeddable":true,"href":"https:\/\/diarioelpopular.com\/index.php\/wp-json\/wp\/v2\/comments?post=476903"}],"version-history":[{"count":1,"href":"https:\/\/diarioelpopular.com\/index.php\/wp-json\/wp\/v2\/posts\/476903\/revisions"}],"predecessor-version":[{"id":476905,"href":"https:\/\/diarioelpopular.com\/index.php\/wp-json\/wp\/v2\/posts\/476903\/revisions\/476905"}],"wp:attachment":[{"href":"https:\/\/diarioelpopular.com\/index.php\/wp-json\/wp\/v2\/media?parent=476903"}],"wp:term":[{"taxonomy":"category","embeddable":true,"href":"https:\/\/diarioelpopular.com\/index.php\/wp-json\/wp\/v2\/categories?post=476903"},{"taxonomy":"post_tag","embeddable":true,"href":"https:\/\/diarioelpopular.com\/index.php\/wp-json\/wp\/v2\/tags?post=476903"}],"curies":[{"name":"wp","href":"https:\/\/api.w.org\/{rel}","templated":true}]}}