{"id":476968,"date":"2018-04-05T10:45:45","date_gmt":"2018-04-05T14:45:45","guid":{"rendered":"http:\/\/diarioelpopular.com\/?p=476968"},"modified":"2018-04-05T10:45:45","modified_gmt":"2018-04-05T14:45:45","slug":"algo-mas-que-palabras-380","status":"publish","type":"post","link":"https:\/\/diarioelpopular.com\/index.php\/2018\/04\/05\/algo-mas-que-palabras-380\/","title":{"rendered":"ALGO M\u00c1S QUE PALABRAS"},"content":{"rendered":"<p><strong><em>=========================<\/em><\/strong><\/p>\n<p><strong><em>V\u00edctor Corcoba Herrero\/ Escritor<\/em><\/strong><\/p>\n<p><strong><em>corcoba@telefonica.net<\/em><\/strong><\/p>\n<p><strong>=========================<\/strong><\/p>\n<p>Tenemos que desmontar las potencias del mal, como siempre aglutinadas en torno al \u00eddolo del dinero, y hemos de hacerlo, antes de que \u00e9stas nos trituren el alma y nos impidan seguir caminando por la vida. Hay que oponerse a tantas injusticias repartidas, si en verdad queremos reponernos en el esp\u00edritu de la concordia. No perdamos m\u00e1s tiempo. Ante este ambiente tan convulso, las medidas de desarme y de control son m\u00e1s necesarias que nunca. Hay que aliviar tensiones para poder crear otro ambiente m\u00e1s arm\u00f3nico. Quiz\u00e1s debido a su gran alcance, popularidad sin parang\u00f3n y los valores positivos sobre los que se sustenta, tal y como reconoce Naciones Unidas, el deporte sea un buen revulsivo de cambio, tanto a nivel individual como colectivo. De igual modo, la pr\u00e1ctica de cualquier arte, o la exploraci\u00f3n cient\u00edfica, por si mismo nos embellece, a trav\u00e9s del entusiasmo y del asombro, ante las energ\u00edas de la mente y el coraz\u00f3n, en justa alianza con el propio universo que nos acompa\u00f1a.<\/p>\n<p>&nbsp;<\/p>\n<p>Dej\u00e9monos reconducir, por tanto, hacia otros horizontes en el que podamos sentirnos humanidad. Ser\u00e1 la manera de edificar un planeta fundado en los valores de la justicia, la libertad y la paz. En consecuencia, las condiciones econ\u00f3micas no lo son todo. Es bueno progresar, pero de otro modo. Reparemos las fuerzas, hag\u00e1moslo de manera m\u00e1s solidaria. Por desgracia, han crecido las situaciones inhumanas. Ya est\u00e1 bien de tanto mercado insensible. Nos hace falta el crecimiento del ser interior, tomar otra conciencia, otro rumbo, con mejores relaciones de convivencia y no de conveniencia. Fijemos nuestra mirada en dejarnos ver m\u00e1s all\u00e1 de nuestro natural ego\u00edsmo, y as\u00ed podremos transformarnos en gentes de bien, que es lo que el mundo hoy necesita. Abundan demasiados intereses que lo \u00fanico que hacen es separarnos unos de otros y anteponer la maldad como abecedario destructivo. Deber\u00edamos tener m\u00e1s presente que \u00fanicamente aquella voluntad libre, que se ampara en lo aut\u00e9ntico, buscando el bien de sus an\u00e1logos, camina feliz hacia su verdadera realizaci\u00f3n. Jam\u00e1s nos acostumbremos al mal que siempre ser\u00e1 p\u00e9simo para todos.<\/p>\n<p>&nbsp;<\/p>\n<p>Bien es verdad, que no todo est\u00e1 perdido. En los pasados veinte a\u00f1os, la Uni\u00f3n Europea por ejemplo, ha establecido algunos de los est\u00e1ndares m\u00e1s altos de asilo com\u00fan en el mundo. Y, asimismo, en estos \u00faltimos dos a\u00f1os, la pol\u00edtica migratoria europea ha avanzado a pasos agigantados con la Agenda Europea de Migraci\u00f3n, propuesta por la Comisi\u00f3n Juncker, en mayo de 2015. Progresivamente, est\u00e1 surgiendo un enfoque m\u00e1s unido para abordar la migraci\u00f3n. Pero todav\u00eda hay trabajo por hacer para construir una forma coherente y global de cosechar los beneficios y abordar los desaf\u00edos derivados de la migraci\u00f3n a largo plazo. Junto a este camino recorrido de auxilio y donaciones, y a pesar de tantas crueldades sembradas, que tanto nos condicionan en ocasiones, la esperanza por un mundo m\u00e1s humanitario no puede desaprovecharse. Cualquier motivo puede ser saludable para instar a mover el bien de la colectividad.<\/p>\n<p>&nbsp;<\/p>\n<p>En cualquier caso, hay que tener presente que las fibras del mal no se vencen ni convencen, con raciones de mayor perversidad, sino con la l\u00f3gica interna de la fortaleza, puesto que no tiene otra gram\u00e1tica la vida que el fomento de actitudes desinteresadas y nobles. Cada cual, evidentemente, desde su camino ha de implicarse en armonizar sus lenguajes en favor del linaje en su conjunto. En 2015, 2016 y 2017 las operaciones de la Uni\u00f3n Europea contribuyeron a: m\u00e1s de 520.000 vidas salvadas y a m\u00e1s de 2.100 presuntos traficantes y contrabandistas detenidos. Desmantelar las redes delictivas implicadas en el tr\u00e1fico organizado de migrantes es un buen prop\u00f3sito. Universalicemos, entonces, la consideraci\u00f3n hacia todos, respet\u00e1ndonos m\u00e1s y escuch\u00e1ndonos mejor. Nadie se hizo perverso de la noche a la ma\u00f1ana. Tampoco lo dejemos todo en manos de la Comunidad Internacional, tambi\u00e9n cada ciudadano, est\u00e1 en la obligaci\u00f3n de dejarse sintonizar por otras culturas para poder hacer pi\u00f1a y levantar otro mundo m\u00e1s inspirador de los principios universales de la equidad y la uni\u00f3n. Desterremos, al fin, aquello de que el hombre es un lobo para el hombre, por aquello de que la bondad es la \u00fanica inversi\u00f3n que jam\u00e1s quiebra.<\/p>\n<p>&nbsp;<\/p>\n<p><strong><em>V\u00edctor Corcoba Herrero\/ Escritor<\/em><\/strong><\/p>\n<p><strong><em><a href=\"mailto:corcoba@telefonica.net\">corcoba@telefonica.net<\/a><\/em><\/strong><\/p>\n<p><strong><em>5\u00a0de Abril de 2018<\/em><\/strong><\/p>\n","protected":false},"excerpt":{"rendered":"<p>ANTE LAS POTENCIAS DEL MAL<\/p>\n","protected":false},"author":5842,"featured_media":0,"comment_status":"open","ping_status":"open","sticky":false,"template":"","format":"standard","meta":{"footnotes":""},"categories":[1],"tags":[],"class_list":["post-476968","post","type-post","status-publish","format-standard","hentry","category-uncategorized"],"_links":{"self":[{"href":"https:\/\/diarioelpopular.com\/index.php\/wp-json\/wp\/v2\/posts\/476968","targetHints":{"allow":["GET"]}}],"collection":[{"href":"https:\/\/diarioelpopular.com\/index.php\/wp-json\/wp\/v2\/posts"}],"about":[{"href":"https:\/\/diarioelpopular.com\/index.php\/wp-json\/wp\/v2\/types\/post"}],"author":[{"embeddable":true,"href":"https:\/\/diarioelpopular.com\/index.php\/wp-json\/wp\/v2\/users\/5842"}],"replies":[{"embeddable":true,"href":"https:\/\/diarioelpopular.com\/index.php\/wp-json\/wp\/v2\/comments?post=476968"}],"version-history":[{"count":1,"href":"https:\/\/diarioelpopular.com\/index.php\/wp-json\/wp\/v2\/posts\/476968\/revisions"}],"predecessor-version":[{"id":476969,"href":"https:\/\/diarioelpopular.com\/index.php\/wp-json\/wp\/v2\/posts\/476968\/revisions\/476969"}],"wp:attachment":[{"href":"https:\/\/diarioelpopular.com\/index.php\/wp-json\/wp\/v2\/media?parent=476968"}],"wp:term":[{"taxonomy":"category","embeddable":true,"href":"https:\/\/diarioelpopular.com\/index.php\/wp-json\/wp\/v2\/categories?post=476968"},{"taxonomy":"post_tag","embeddable":true,"href":"https:\/\/diarioelpopular.com\/index.php\/wp-json\/wp\/v2\/tags?post=476968"}],"curies":[{"name":"wp","href":"https:\/\/api.w.org\/{rel}","templated":true}]}}