{"id":4773,"date":"2011-07-13T22:39:10","date_gmt":"2011-07-14T02:39:10","guid":{"rendered":"http:\/\/retrolab.ca\/elpopular\/?p=4773"},"modified":"2011-07-13T22:39:10","modified_gmt":"2011-07-14T02:39:10","slug":"canada-en-la-final-del-mundial-de-futbol-americano","status":"publish","type":"post","link":"https:\/\/diarioelpopular.com\/index.php\/2011\/07\/13\/canada-en-la-final-del-mundial-de-futbol-americano\/","title":{"rendered":"Canad\u00e1, en la final del mundial de f\u00fatbol americano"},"content":{"rendered":"<div id=\"attachment_4774\" style=\"width: 310px\" class=\"wp-caption alignright\"><a href=\"http:\/\/retrolab.ca\/elpopular\/wp-content\/uploads\/2011\/07\/Canada-IFAF.jpg\"><img loading=\"lazy\" decoding=\"async\" aria-describedby=\"caption-attachment-4774\" class=\"size-medium wp-image-4774\" title=\"Canada, IFAF\" src=\"http:\/\/retrolab.ca\/elpopular\/wp-content\/uploads\/2011\/07\/Canada-IFAF-300x180.jpg\" alt=\"\" width=\"300\" height=\"180\" \/><\/a><p id=\"caption-attachment-4774\" class=\"wp-caption-text\">Canad\u00e1 derrot\u00f3 a Jap\u00f3n por 31-27. Foto: IFAF<\/p><\/div>\n<p><em>Efe. Redacci\u00f3n Deportes.- <\/em>La selecci\u00f3n de Canad\u00e1 derrot\u00f3 al subcampe\u00f3n Jap\u00f3n por 31-27 en la tercera jornada del Grupo B y se clasific\u00f3 para la final del Mundial de F\u00fatbol Americano, en la que se enfrentar\u00e1 a Estados Unidos, favorito para revalidar el t\u00edtulo.<\/p>\n<p>Los poco m\u00e1s de dos mil espectadores en el estadio UPC Arena de Graz (Austria) gozaron de un vibrante encuentro, durante el cual ambos conjuntos no dieron tregua y que se defini\u00f3 a s\u00f3lo tres minutos del final.<\/p>\n<p>Con el marcador parcial 24-27 a favor de los asi\u00e1ticos, el mariscal de campo Michael Faulds complet\u00f3 un pase de 72 yardas con David Stevens, quien en la jugada posterior acarre\u00f3 el ovoide una yarda y consigui\u00f3 la anotaci\u00f3n del triunfo.<\/p>\n<p>Jap\u00f3n intent\u00f3 reaccionar en su \u00faltima ofensiva, pero la presi\u00f3n de la l\u00ednea defensiva canadiense provoc\u00f3 que Ogawa no pudiera lanzar de manera correcta y tras un desv\u00edo, Julien Hamel intercept\u00f3 el pase y con ello sepult\u00f3 las aspiraciones del combinado nip\u00f3n.<\/p>\n<p>Esta es la primera ocasi\u00f3n que Jap\u00f3n no llega a la final del Mundial, pues hab\u00eda conseguido alcanzar dicha instancia en las tres ediciones anteriores, de las cuales result\u00f3 campe\u00f3n en 1999 y 2003, y perdi\u00f3 ante Estados Unidos en 2007.<\/p>\n<p>La final del Mundial de F\u00fatbol Americano 2011 entre Canad\u00e1 y Estados Unidos se disputar\u00e1 el pr\u00f3ximo s\u00e1bado en el estadio Ernst Happel de Viena, justo despu\u00e9s de jugarse el partido por el tercer puesto, entre Jap\u00f3n y M\u00e9xico.<\/p>\n","protected":false},"excerpt":{"rendered":"<p>La selecci\u00f3n de Canad\u00e1 derrot\u00f3 al subcampe\u00f3n Jap\u00f3n por 31-27 en la tercera jornada del Grupo B y se clasific\u00f3 para la final del Mundial de F\u00fatbol Americano, en la que se enfrentar\u00e1 a Estados Unidos, favorito para revalidar el t\u00edtulo.<\/p>\n","protected":false},"author":1,"featured_media":4774,"comment_status":"closed","ping_status":"open","sticky":false,"template":"","format":"standard","meta":{"footnotes":""},"categories":[28],"tags":[77,120,1303,6747],"class_list":["post-4773","post","type-post","status-publish","format-standard","has-post-thumbnail","hentry","category-deportes","tag-canada-2","tag-estados-unidos","tag-futbol-americano","tag-ifaf"],"_links":{"self":[{"href":"https:\/\/diarioelpopular.com\/index.php\/wp-json\/wp\/v2\/posts\/4773","targetHints":{"allow":["GET"]}}],"collection":[{"href":"https:\/\/diarioelpopular.com\/index.php\/wp-json\/wp\/v2\/posts"}],"about":[{"href":"https:\/\/diarioelpopular.com\/index.php\/wp-json\/wp\/v2\/types\/post"}],"author":[{"embeddable":true,"href":"https:\/\/diarioelpopular.com\/index.php\/wp-json\/wp\/v2\/users\/1"}],"replies":[{"embeddable":true,"href":"https:\/\/diarioelpopular.com\/index.php\/wp-json\/wp\/v2\/comments?post=4773"}],"version-history":[{"count":0,"href":"https:\/\/diarioelpopular.com\/index.php\/wp-json\/wp\/v2\/posts\/4773\/revisions"}],"wp:featuredmedia":[{"embeddable":true,"href":"https:\/\/diarioelpopular.com\/index.php\/wp-json\/"}],"wp:attachment":[{"href":"https:\/\/diarioelpopular.com\/index.php\/wp-json\/wp\/v2\/media?parent=4773"}],"wp:term":[{"taxonomy":"category","embeddable":true,"href":"https:\/\/diarioelpopular.com\/index.php\/wp-json\/wp\/v2\/categories?post=4773"},{"taxonomy":"post_tag","embeddable":true,"href":"https:\/\/diarioelpopular.com\/index.php\/wp-json\/wp\/v2\/tags?post=4773"}],"curies":[{"name":"wp","href":"https:\/\/api.w.org\/{rel}","templated":true}]}}