{"id":477890,"date":"2018-06-20T10:57:41","date_gmt":"2018-06-20T14:57:41","guid":{"rendered":"http:\/\/diarioelpopular.com\/?p=477890"},"modified":"2018-06-20T10:57:41","modified_gmt":"2018-06-20T14:57:41","slug":"eduardo-uruena-director-de-diario-el-popular-entre-trece-lideres-que-reciben-reconocimiento","status":"publish","type":"post","link":"https:\/\/diarioelpopular.com\/index.php\/2018\/06\/20\/eduardo-uruena-director-de-diario-el-popular-entre-trece-lideres-que-reciben-reconocimiento\/","title":{"rendered":"Eduardo Urue\u00f1a, Director de Diario El Popular entre trece l\u00edderes que reciben reconocimiento"},"content":{"rendered":"<div id=\"attachment_477891\" style=\"width: 570px\" class=\"wp-caption aligncenter\"><a href=\"https:\/\/diarioelpopular.com\/wp-content\/uploads\/2018\/06\/web.uruena.4.gif\"><img loading=\"lazy\" decoding=\"async\" aria-describedby=\"caption-attachment-477891\" class=\"size-large wp-image-477891\" src=\"https:\/\/diarioelpopular.com\/wp-content\/uploads\/2018\/06\/web.uruena.4-560x315.gif\" alt=\"El Director de Diario El Popular Eduardo Urue\u00f1a luego de recibir el reconocimiento a su labor period\u00edstica en Canad\u00e1 de m\u00e1s de 38 a\u00f1os en la comunidad.\" width=\"560\" height=\"315\" \/><\/a><p id=\"caption-attachment-477891\" class=\"wp-caption-text\">El Director de Diario El Popular Eduardo Urue\u00f1a luego de recibir el reconocimiento a su labor period\u00edstica en Canad\u00e1 de m\u00e1s de 38 a\u00f1os en la comunidad.<\/p><\/div>\n<p>por: Myrna Kahan<\/p>\n<p><strong><em>TORONTO.-<\/em><\/strong> Con\u00a0 mucho\u00a0 \u00e9xito\u00a0 se\u00a0 celebr\u00f3 en los escenarios del Woodbine Mall \u00a0el primer evento anual de \u201cCanadian Hispanic Leaders\u201d. En la actividad se rindi\u00f3 homenaje a\u00a0personas que han logrado el \u00e9xito en este pa\u00eds.<\/p>\n<p>La actividad coordinada por Kahan Productions, ofreci\u00f3\u00a0 conferencias \u00a0con temas de\u00a0 ayuda a nuevos negocios \u00a0redes sociales.<\/p>\n<p>Al importante evento,\u00a0 asistieron pol\u00edticos distinguidas personalidades de la comunidad latina y canadiense. Los maestros de ceremonia Renzo Garc\u00eda y Fernando Torres realizaron un esmerado trabajo desde la una de la tarde, con entrevistas a los panelistas.<\/p>\n<div id=\"attachment_477897\" style=\"width: 570px\" class=\"wp-caption aligncenter\"><a href=\"https:\/\/diarioelpopular.com\/wp-content\/uploads\/2018\/06\/urue\u00f1a11.jpg\"><img loading=\"lazy\" decoding=\"async\" aria-describedby=\"caption-attachment-477897\" class=\"size-large wp-image-477897\" src=\"https:\/\/diarioelpopular.com\/wp-content\/uploads\/2018\/06\/urue\u00f1a11-560x373.jpg\" alt=\"Eduardo Urue\u00f1a, durante la entrevista que le realiz\u00f3 Fernando Torres, en la que conversaron de la trayectoria period\u00edstica, empresarial y familiar del galardonado.\" width=\"560\" height=\"373\" \/><\/a><p id=\"caption-attachment-477897\" class=\"wp-caption-text\">Eduardo Urue\u00f1a, durante la entrevista que le realiz\u00f3 Fernando Torres, en la que conversaron de la trayectoria period\u00edstica, empresarial y familiar del galardonado.<\/p><\/div>\n<p>Los 13 lideres que fueron\u00a0 galardonados\u00a0 ante el aplauso de los asistentes fueron: El Concejal C\u00e9sar Palacio,\u00fanico latino que nos representa como miembro de la plana ejecutiva de la Municipalidad de Toronto; \u00a0Eduardo Urue\u00f1a, empresario y Director de Diario El Popular; Germ\u00e1n Contreras, \u00a0empresario y \u00a0escritor; Jos\u00e9 Ortega, pintor y propietario de Lula Lounge; Dennis D\u00e1vila; director Miss universo Canad\u00e1; V\u00edctor Lobo, Ingeniero en computaci\u00f3n; Osvaldo Mezquita, Abogado y Productor de \u00a0Canada Latino; Fabian Brizuela empresario. Director FB \u00a0Club de F\u00fatbol Internacional; Renzo Garc\u00eda, actor y presentador de Univisi\u00f3n Canada; Rolando Vera,\u00a0 Ex-C\u00f3nsul del Ecuador; Freddy Gonzalez, emprendedor, fundador de Dataoptin.com (WebDesign &amp; E-marketing Solution); Luiraf Garc\u00eda y Luis Garnica, con reconocimiento por su trabajo en \u00a0BLN &#8221;NETWORKING&#8221;.<\/p>\n<div id=\"attachment_477895\" style=\"width: 570px\" class=\"wp-caption aligncenter\"><a href=\"https:\/\/diarioelpopular.com\/wp-content\/uploads\/2018\/06\/web.uruena.gif\"><img loading=\"lazy\" decoding=\"async\" aria-describedby=\"caption-attachment-477895\" class=\"size-large wp-image-477895\" src=\"https:\/\/diarioelpopular.com\/wp-content\/uploads\/2018\/06\/web.uruena-560x264.gif\" alt=\"Algunos de los galardonados al momento de posar para la foto familiar.\" width=\"560\" height=\"264\" \/><\/a><p id=\"caption-attachment-477895\" class=\"wp-caption-text\">Algunos de los galardonados al momento de posar para la foto familiar.<\/p><\/div>\n<div id=\"attachment_477892\" style=\"width: 570px\" class=\"wp-caption aligncenter\"><a href=\"https:\/\/diarioelpopular.com\/wp-content\/uploads\/2018\/06\/web.cesar_.gif\"><img loading=\"lazy\" decoding=\"async\" aria-describedby=\"caption-attachment-477892\" class=\"size-large wp-image-477892\" src=\"https:\/\/diarioelpopular.com\/wp-content\/uploads\/2018\/06\/web.cesar_-560x315.gif\" alt=\"El Concejal C\u00e9sar Palacio expres\u00f3 su complacencia con este tipo de reconocimientos.\" width=\"560\" height=\"315\" \/><\/a><p id=\"caption-attachment-477892\" class=\"wp-caption-text\">El Concejal C\u00e9sar Palacio expres\u00f3 su complacencia con este tipo de reconocimientos.<\/p><\/div>\n<p>\u201cQuiero agradecer a Kahan Productions \u00a0por preparar estos espacios para el crecimiento de profesionales \u00a0latinos.\u201d afirm\u00f3 el ex diplom\u00e1tico Rolando Vera. Adem\u00e1s de un espacio de conversaci\u00f3n y networking. Kevin Gray General Manager del Woodbine Mall, felicit\u00f3 a todos los premiados.<\/p>\n<div id=\"attachment_477893\" style=\"width: 570px\" class=\"wp-caption aligncenter\"><a href=\"https:\/\/diarioelpopular.com\/wp-content\/uploads\/2018\/06\/web.german.gif\"><img loading=\"lazy\" decoding=\"async\" aria-describedby=\"caption-attachment-477893\" class=\"size-large wp-image-477893\" src=\"https:\/\/diarioelpopular.com\/wp-content\/uploads\/2018\/06\/web.german-560x315.gif\" alt=\"Germ\u00e1n Contreras dedic\u00f3 su reconocimiento a la comunidad.\" width=\"560\" height=\"315\" \/><\/a><p id=\"caption-attachment-477893\" class=\"wp-caption-text\">Germ\u00e1n Contreras dedic\u00f3 su reconocimiento a la comunidad.<\/p><\/div>\n<p>Dora Luz de Life Skills Coach dio comienzo a la actividad \u00a0con su seminario Visi\u00f3n, prop\u00f3sito y acci\u00f3n. La bella cantante cubana Marta Elena y Xtravaganza show deleitaron la concurrencia con su voz privilegiada y gran talento.<\/p>\n<div id=\"attachment_477894\" style=\"width: 570px\" class=\"wp-caption aligncenter\"><a href=\"https:\/\/diarioelpopular.com\/wp-content\/uploads\/2018\/06\/web.cantante.gif\"><img loading=\"lazy\" decoding=\"async\" aria-describedby=\"caption-attachment-477894\" class=\"size-large wp-image-477894\" src=\"https:\/\/diarioelpopular.com\/wp-content\/uploads\/2018\/06\/web.cantante-560x995.gif\" alt=\"La cantante Marta Elena deleit\u00f3 a los participantes con su atractiva voz.\" width=\"560\" height=\"995\" \/><\/a><p id=\"caption-attachment-477894\" class=\"wp-caption-text\">La cantante Marta Elena deleit\u00f3 a los participantes con su atractiva voz.<\/p><\/div>\n","protected":false},"excerpt":{"rendered":"<p>Con\u00a0 el\u00a0 prop\u00f3sito\u00a0 de\u00a0 resaltar\u00a0 y\u00a0 honrar\u00a0\u00a0 el\u00a0 talento hispano se celebr\u00f3 Canadian Hispanic Leaders en Woodbine Mall<\/p>\n","protected":false},"author":5842,"featured_media":0,"comment_status":"open","ping_status":"open","sticky":false,"template":"","format":"standard","meta":{"footnotes":""},"categories":[21],"tags":[],"class_list":["post-477890","post","type-post","status-publish","format-standard","hentry","category-canada"],"_links":{"self":[{"href":"https:\/\/diarioelpopular.com\/index.php\/wp-json\/wp\/v2\/posts\/477890","targetHints":{"allow":["GET"]}}],"collection":[{"href":"https:\/\/diarioelpopular.com\/index.php\/wp-json\/wp\/v2\/posts"}],"about":[{"href":"https:\/\/diarioelpopular.com\/index.php\/wp-json\/wp\/v2\/types\/post"}],"author":[{"embeddable":true,"href":"https:\/\/diarioelpopular.com\/index.php\/wp-json\/wp\/v2\/users\/5842"}],"replies":[{"embeddable":true,"href":"https:\/\/diarioelpopular.com\/index.php\/wp-json\/wp\/v2\/comments?post=477890"}],"version-history":[{"count":1,"href":"https:\/\/diarioelpopular.com\/index.php\/wp-json\/wp\/v2\/posts\/477890\/revisions"}],"predecessor-version":[{"id":477898,"href":"https:\/\/diarioelpopular.com\/index.php\/wp-json\/wp\/v2\/posts\/477890\/revisions\/477898"}],"wp:attachment":[{"href":"https:\/\/diarioelpopular.com\/index.php\/wp-json\/wp\/v2\/media?parent=477890"}],"wp:term":[{"taxonomy":"category","embeddable":true,"href":"https:\/\/diarioelpopular.com\/index.php\/wp-json\/wp\/v2\/categories?post=477890"},{"taxonomy":"post_tag","embeddable":true,"href":"https:\/\/diarioelpopular.com\/index.php\/wp-json\/wp\/v2\/tags?post=477890"}],"curies":[{"name":"wp","href":"https:\/\/api.w.org\/{rel}","templated":true}]}}