{"id":481606,"date":"2019-04-13T19:25:50","date_gmt":"2019-04-13T23:25:50","guid":{"rendered":"http:\/\/diarioelpopular.com\/?p=481606"},"modified":"2019-04-13T19:25:50","modified_gmt":"2019-04-13T23:25:50","slug":"un-magistrado-acusado-de-violencia-machista-despierta-la-indignacion-en-bolivia","status":"publish","type":"post","link":"https:\/\/diarioelpopular.com\/index.php\/2019\/04\/13\/un-magistrado-acusado-de-violencia-machista-despierta-la-indignacion-en-bolivia\/","title":{"rendered":"Un magistrado acusado de violencia machista despierta la indignaci\u00f3n en Bolivia"},"content":{"rendered":"<div id=\"attachment_481607\" style=\"width: 570px\" class=\"wp-caption aligncenter\"><a href=\"https:\/\/diarioelpopular.com\/wp-content\/uploads\/2019\/04\/1555116385_741711_1555118996_noticia_normal_recorte1.jpg\"><img loading=\"lazy\" decoding=\"async\" aria-describedby=\"caption-attachment-481607\" class=\"size-large wp-image-481607\" src=\"https:\/\/diarioelpopular.com\/wp-content\/uploads\/2019\/04\/1555116385_741711_1555118996_noticia_normal_recorte1-560x341.jpg\" alt=\"Orlando Ceballos, durante una conferencia.\" width=\"560\" height=\"341\" \/><\/a><p id=\"caption-attachment-481607\" class=\"wp-caption-text\">Orlando Ceballos, durante una conferencia.<\/p><\/div>\n<p style=\"color: #444444\">El rechazo a la violencia contra las mujeres logr\u00f3 un inusual consenso. Por primera vez desde que\u00a0<a style=\"font-style: inherit;color: #016ca2\" href=\"https:\/\/elpais.com\/tag\/evo_morales\/a\/\" target=\"_blank\">Evo Morales<\/a>\u00a0es presidente de Bolivia, oficialismo y oposici\u00f3n han sumado esfuerzos en la misma acci\u00f3n parlamentaria. Los congresistas de ambas orillas pol\u00edticas hicieron a un lado sus diferencias en otros frentes y se coordinan para pedir la dimisi\u00f3n del magistrado del Tribunal Constitucional Orlando Ceballos, involucrado en una golpiza a su esposa, seg\u00fan la polic\u00eda. Junto a diputadas y senadoras, los presidentes de las dos C\u00e1maras y decenas de organizaciones sociales se pronunciaron en la misma direcci\u00f3n. No obstante, el Constitucional no ha tomado ninguna medida contra el jurista.<\/p>\n<p class=\"xmsonormal\" style=\"color: #444444\">El mes pasado, Ceballos fue denunciado por su esposa, quien acudi\u00f3 con signos de haber sufrido violencia a la polic\u00eda. La mujer dijo que no era la primera vez que ocurr\u00eda. El magistrado intent\u00f3 mantenerse en sus labores, pero la presi\u00f3n del Gobierno lo oblig\u00f3 a pedir una licencia para enfrentar la acusaci\u00f3n. Despu\u00e9s de unos d\u00edas, la esposa desisti\u00f3 de la querella. La fiscal\u00eda no lo impidi\u00f3, pese a que la ley establece que debe acusar, aunque la parte ofendida se retracte, cuando haya peligro de una nueva agresi\u00f3n o cuando existan indicios de reincidencia, como en este caso. Ahora Ceballos asegura que \u00fanicamente se trat\u00f3 de una \u201cdiscusi\u00f3n de pareja\u201d. Las organizaciones feministas no tardaron en considerar sus palabras una confesi\u00f3n, ya que la ley sanciona tanto la violencia f\u00edsica como la psicol\u00f3gica, es decir, una \u201cdiscusi\u00f3n\u201d que termina en una comisar\u00eda.<\/p>\n<div id=\"inread1\" style=\"font-style: inherit\">\u00a0<span style=\"color: #444444\">Amparado en la inacci\u00f3n de la fiscal\u00eda y tras dar por solucionado un \u201cproblema circunstancial\u201d, el magistrado se reincorpor\u00f3 esta semana su cargo, que entre otras cosas le exige verificar que las leyes protejan los derechos humanos, algo con lo que est\u00e1 comprometido el pa\u00eds. \u201cUn hecho de violencia contra una mujer no es un problema &#8216;circunstancial&#8217;, sino que es un delito\u201d, afirmaron m\u00e1s de medio centenar de organizaciones de mujeres, abogados y defensa de los derechos humanos en un comunicado conjunto.<\/span><\/div>\n<div style=\"font-style: inherit\"><\/div>\n<p class=\"xmsonormal\" style=\"color: #444444\">Incluso la oficina del Alto Comisionado de las Naciones Unidas para los Derechos Humanos ha expresado su \u201cprofunda preocupaci\u00f3n\u201d por este caso, que se suma a otros en los que autoridades bolivianas fueron acusadas de violencia intrafamiliar. Hace unos meses, por ejemplo, el jefe de la bancada de Santa Cruz del oficialista Movimiento al Socialismo afront\u00f3 una acusaci\u00f3n similar, de la que tambi\u00e9n sali\u00f3 indemne al conseguir que la mujer desistiera de su denuncia. Las organizaciones feministas atribuyen estas retractaciones a que los agresores utilizan el poder que ostentan y a que las v\u00edctimas carecen de protecci\u00f3n estatal.<\/p>\n<p class=\"xmsonormal\" style=\"color: #444444\">El\u00a0<em><a style=\"font-style: inherit;color: #016ca2\" href=\"https:\/\/elpais.com\/tag\/movimiento_metoo\/a\" target=\"_blank\">Me Too<\/a>,\u00a0<\/em>movimiento mundial para denunciar los abusos contra las mujeres, no termina de aterrizar en el pa\u00eds andino. Bolivia registra algunas de las peores cifras de violencia de g\u00e9nero de la regi\u00f3n. Cada d\u00eda de 2018, 104 mujeres fueron agredidas f\u00edsica o sexualmente y cada dos d\u00edas una mujer fue asesinada por su pareja o expareja. Los asesinatos m\u00faltiples, en los que el autor mata a su esposa y sus hijos, son frecuentes. Dos ni\u00f1os mueren asesinados por alguno de sus padres cada mes. Solo el 1% de las denuncias que se producen cada a\u00f1o termina en una sentencia; la mayor\u00eda se quedan en el camino porque la v\u00edctima se retracta, abandona la acusaci\u00f3n (y las autoridades no la contin\u00faan \u201cde oficio\u201d) o por \u201cpruebas insuficientes\u201d.<\/p>\n","protected":false},"excerpt":{"rendered":"<p>Oficialismo y oposici\u00f3n exigen la renuncia de Orlando Ceballos, denunciado por agredir a su esposa<\/p>\n","protected":false},"author":5842,"featured_media":0,"comment_status":"open","ping_status":"open","sticky":false,"template":"","format":"standard","meta":{"footnotes":""},"categories":[23],"tags":[],"class_list":["post-481606","post","type-post","status-publish","format-standard","hentry","category-latinoamerica"],"_links":{"self":[{"href":"https:\/\/diarioelpopular.com\/index.php\/wp-json\/wp\/v2\/posts\/481606","targetHints":{"allow":["GET"]}}],"collection":[{"href":"https:\/\/diarioelpopular.com\/index.php\/wp-json\/wp\/v2\/posts"}],"about":[{"href":"https:\/\/diarioelpopular.com\/index.php\/wp-json\/wp\/v2\/types\/post"}],"author":[{"embeddable":true,"href":"https:\/\/diarioelpopular.com\/index.php\/wp-json\/wp\/v2\/users\/5842"}],"replies":[{"embeddable":true,"href":"https:\/\/diarioelpopular.com\/index.php\/wp-json\/wp\/v2\/comments?post=481606"}],"version-history":[{"count":1,"href":"https:\/\/diarioelpopular.com\/index.php\/wp-json\/wp\/v2\/posts\/481606\/revisions"}],"predecessor-version":[{"id":481608,"href":"https:\/\/diarioelpopular.com\/index.php\/wp-json\/wp\/v2\/posts\/481606\/revisions\/481608"}],"wp:attachment":[{"href":"https:\/\/diarioelpopular.com\/index.php\/wp-json\/wp\/v2\/media?parent=481606"}],"wp:term":[{"taxonomy":"category","embeddable":true,"href":"https:\/\/diarioelpopular.com\/index.php\/wp-json\/wp\/v2\/categories?post=481606"},{"taxonomy":"post_tag","embeddable":true,"href":"https:\/\/diarioelpopular.com\/index.php\/wp-json\/wp\/v2\/tags?post=481606"}],"curies":[{"name":"wp","href":"https:\/\/api.w.org\/{rel}","templated":true}]}}