{"id":481841,"date":"2019-05-08T09:50:24","date_gmt":"2019-05-08T13:50:24","guid":{"rendered":"http:\/\/diarioelpopular.com\/?p=481841"},"modified":"2019-05-10T09:52:08","modified_gmt":"2019-05-10T13:52:08","slug":"la-cristiana-pakistani-asia-bibi-condenada-en-su-dia-a-muerte-por-blasfemia-llega-a-canada","status":"publish","type":"post","link":"https:\/\/diarioelpopular.com\/index.php\/2019\/05\/08\/la-cristiana-pakistani-asia-bibi-condenada-en-su-dia-a-muerte-por-blasfemia-llega-a-canada\/","title":{"rendered":"La cristiana pakistan\u00ed Asia Bibi, condenada en su d\u00eda a muerte por blasfemia, llega a Canad\u00e1"},"content":{"rendered":"<div id=\"attachment_481842\" style=\"width: 570px\" class=\"wp-caption aligncenter\"><a href=\"https:\/\/diarioelpopular.com\/wp-content\/uploads\/2019\/05\/1557299530_986463_1557300085_noticia_normal_recorte1.jpg\"><img loading=\"lazy\" decoding=\"async\" aria-describedby=\"caption-attachment-481842\" class=\"size-large wp-image-481842\" src=\"https:\/\/diarioelpopular.com\/wp-content\/uploads\/2019\/05\/1557299530_986463_1557300085_noticia_normal_recorte1-560x342.jpg\" alt=\"Las hijas de Asia Bibi posan con su retrato fuera de su residencia en Sheikhupura en la provincia de Punjab en Pakistan \" width=\"560\" height=\"342\" \/><\/a><p id=\"caption-attachment-481842\" class=\"wp-caption-text\">Las hijas de Asia Bibi posan con su retrato fuera de su residencia en Sheikhupura en la provincia de Punjab en Pakistan<\/p><\/div>\n<p style=\"color: #444444\">La mujer pakistan\u00ed de fe cristiana\u00a0<a style=\"font-style: inherit;color: #016ca2\" href=\"https:\/\/elpais.com\/internacional\/2018\/11\/08\/actualidad\/1541675553_018174.html\"><strong style=\"font-weight: bold;font-style: inherit\">Asia Bibi<\/strong><\/a>\u00a0que\u00a0<a style=\"font-style: inherit;color: #016ca2\" href=\"https:\/\/elpais.com\/internacional\/2018\/11\/05\/actualidad\/1541437436_859611.html\" target=\"_blank\">pas\u00f3 ocho a\u00f1os en prisi\u00f3n<\/a>\u00a0por un supuesto delito de blasfemia que luego se demostr\u00f3 falso ha dejado Pakist\u00e1n. As\u00ed lo ha dicho su abogado y lo han recogido varios medios del pa\u00eds este mi\u00e9rcoles, seis meses despu\u00e9s de que\u00a0<a style=\"font-style: inherit;color: #016ca2\" href=\"https:\/\/elpais.com\/sociedad\/2018\/10\/31\/actualidad\/1540972303_897948.html\" target=\"_blank\">el tribunal supremo del pa\u00eds anulara una sentencia<\/a>\u00a0que la condenaba a muerte.\u00a0<span style=\"font-style: inherit\">&#8220;Asia Bibi ha salido del pa\u00eds. Es una persona libre y viaja por voluntad propia&#8221;, ha asegurado un responsable del Ministerio de Exteriores paquistan\u00ed.<\/span><\/p>\n<p style=\"color: #444444\"><span style=\"font-style: inherit\">E<\/span><a style=\"font-style: inherit;color: #016ca2\" href=\"https:\/\/elpais.com\/internacional\/2018\/11\/05\/actualidad\/1541437436_859611.html\" target=\"_blank\">l abogado de la mujer<\/a><span style=\"font-style: inherit\">, Saif Ul Malook, ha confirmado a la cadena CNN que Bibi ya ha llegado a Canad\u00e1. En el pa\u00eds se encuentran sus hijas. El primer ministro, Justin Trudeau, se ofreci\u00f3 a ayudar el a\u00f1o pasado despu\u00e9s de que la familia de Bibi\u00a0<\/span><a style=\"font-style: inherit;color: #016ca2\" href=\"https:\/\/elpais.com\/internacional\/2018\/11\/04\/actualidad\/1541358263_164158.html\" target=\"_blank\">pidiese asilo a varios pa\u00edses de occidente<\/a><span style=\"font-style: inherit\">.\u00a0<\/span><\/p>\n<section id=\"sumario_1|apoyos\" class=\"sumario_apoyos izquierda\" style=\"color: #444444\">\n<div class=\"sumario__interior\" style=\"font-style: inherit\"><\/div>\n<\/section>\n<p style=\"color: #444444\">El caso de Asia Bibi ha suscitado una enorme pol\u00e9mica en Pakist\u00e1n. La mujer qued\u00f3 absuelta de la condena por blasfemia por decisi\u00f3n del Tribunal Supremo de Pakist\u00e1n el 31 de octubre de 2018, tras haber pasado ocho a\u00f1os en el corredor de la muerte. Su absoluci\u00f3n provoc\u00f3 protestas de grupos pol\u00edticos y religiosos.<\/p>\n<p style=\"color: #444444\">Bibi fue condenada en 2010 por blasfemia despu\u00e9s de que sus vecinos aseguraran que hab\u00eda hecho comentarios denigrantes sobre el islam tras pedirle que no bebiera agua de su vaso por no ser musulmana. Ella es protestante y siempre ha defendido que no cometi\u00f3 blasfemia alguna ni contra el Islam ni contra Mahoma.<\/p>\n<p style=\"color: #444444\">Su caso gener\u00f3 malestar entre los cristianos de todo el mundo y fue una fuente de divisi\u00f3n en Pakist\u00e1n, donde dos pol\u00edticos que mostraron su apoyo a Bibi fueron asesinados, a uno de ellos el gobernador de Punyab, Salman Tasir, le mat\u00f3 su propio guardaespaldas.<\/p>\n","protected":false},"excerpt":{"rendered":"<p>La anulaci\u00f3n de la sentencia capital contra la mujer tras un juicio plagado de irregularidades suscit\u00f3 protestas de los islamistas<\/p>\n","protected":false},"author":5842,"featured_media":0,"comment_status":"open","ping_status":"open","sticky":false,"template":"","format":"standard","meta":{"footnotes":""},"categories":[21,11191],"tags":[],"class_list":["post-481841","post","type-post","status-publish","format-standard","hentry","category-canada","category-top-news"],"_links":{"self":[{"href":"https:\/\/diarioelpopular.com\/index.php\/wp-json\/wp\/v2\/posts\/481841","targetHints":{"allow":["GET"]}}],"collection":[{"href":"https:\/\/diarioelpopular.com\/index.php\/wp-json\/wp\/v2\/posts"}],"about":[{"href":"https:\/\/diarioelpopular.com\/index.php\/wp-json\/wp\/v2\/types\/post"}],"author":[{"embeddable":true,"href":"https:\/\/diarioelpopular.com\/index.php\/wp-json\/wp\/v2\/users\/5842"}],"replies":[{"embeddable":true,"href":"https:\/\/diarioelpopular.com\/index.php\/wp-json\/wp\/v2\/comments?post=481841"}],"version-history":[{"count":2,"href":"https:\/\/diarioelpopular.com\/index.php\/wp-json\/wp\/v2\/posts\/481841\/revisions"}],"predecessor-version":[{"id":481865,"href":"https:\/\/diarioelpopular.com\/index.php\/wp-json\/wp\/v2\/posts\/481841\/revisions\/481865"}],"wp:attachment":[{"href":"https:\/\/diarioelpopular.com\/index.php\/wp-json\/wp\/v2\/media?parent=481841"}],"wp:term":[{"taxonomy":"category","embeddable":true,"href":"https:\/\/diarioelpopular.com\/index.php\/wp-json\/wp\/v2\/categories?post=481841"},{"taxonomy":"post_tag","embeddable":true,"href":"https:\/\/diarioelpopular.com\/index.php\/wp-json\/wp\/v2\/tags?post=481841"}],"curies":[{"name":"wp","href":"https:\/\/api.w.org\/{rel}","templated":true}]}}