{"id":481961,"date":"2019-05-21T09:12:06","date_gmt":"2019-05-21T13:12:06","guid":{"rendered":"http:\/\/diarioelpopular.com\/?p=481961"},"modified":"2019-05-22T09:46:32","modified_gmt":"2019-05-22T13:46:32","slug":"amazon-gana-provisionalmente-a-ocho-paises-la-batalla-por-usar-un-dominio-de-internet","status":"publish","type":"post","link":"https:\/\/diarioelpopular.com\/index.php\/2019\/05\/21\/amazon-gana-provisionalmente-a-ocho-paises-la-batalla-por-usar-un-dominio-de-internet\/","title":{"rendered":"Amazon gana provisionalmente a ocho pa\u00edses la batalla por usar un dominio de Internet"},"content":{"rendered":"<div id=\"attachment_481962\" style=\"width: 570px\" class=\"wp-caption aligncenter\"><a href=\"https:\/\/diarioelpopular.com\/wp-content\/uploads\/2019\/05\/1556046616_957867_1556046840_noticia_normal_recorte1.jpg\"><img loading=\"lazy\" decoding=\"async\" aria-describedby=\"caption-attachment-481962\" class=\"size-large wp-image-481962\" src=\"https:\/\/diarioelpopular.com\/wp-content\/uploads\/2019\/05\/1556046616_957867_1556046840_noticia_normal_recorte1-560x297.jpg\" alt=\"Territorio ind\u00edgena de los Surui, en el Estado de Rondonia, en la Amazonia. \" width=\"560\" height=\"297\" \/><\/a><p id=\"caption-attachment-481962\" class=\"wp-caption-text\">Territorio ind\u00edgena de los Surui, en el Estado de Rondonia, en la Amazonia.<\/p><\/div>\n<p style=\"color: #444444\">La empresa Amazon ha logrado una valiosa victoria provisional en una batalla por un trozo de ciberespacio que dura ya m\u00e1s que muchas guerras convencionales. En el bando de los perdedores, ocho Estados, ocho pa\u00edses sudamericanos. El bot\u00edn es la exclusividad en el uso del dominio .amazon, la versi\u00f3n siglo XXI de Ios territorios y riquezas de anta\u00f1o. El organismo que decide c\u00f3mo se reparten los dominios de Internet, el ICANN, ha acordado que\u00a0<a style=\"font-style: inherit;color: #016ca2\" href=\"https:\/\/elpais.com\/sociedad\/2019\/04\/23\/actualidad\/1556046616_957867.html\">el dominio de la traducci\u00f3n inglesa de Amazonia<\/a>\u00a0sea provisionalmente para la empresa para compa\u00f1\u00eda m\u00e1s valiosa del mundo, a la que da nombre, que lo solicit\u00f3 hace siete a\u00f1os. Brasil, a la cabeza de los pa\u00edses amaz\u00f3nicos, ha expresado su malestar. De todos modos, el ICANN ha abierto un periodo de 30 d\u00edas de consultas p\u00fablicas.<\/p>\n<p style=\"color: #444444\">El ICANN (la Corporaci\u00f3n de Internet para asignar Nombres y N\u00fameros, por sus siglas en ingl\u00e9s) tom\u00f3 su decisi\u00f3n tras un tortuoso proceso en el que se ha saltado sus propios plazos varias veces. El organismo internacional considera que la propuesta de la compa\u00f1\u00eda no es inconsistente con las normas para otorgar dominios que incluyen consultar a los afectados en el caso de nombres geogr\u00e1ficos. El organismo ha recordado los esfuerzos de estos dos \u00faltimos a\u00f1os para que las partes alcanzaran un acuerdo \u201cmutuamente aceptable\u201d y que han sido muchas las reuniones celebradas, adem\u00e1s de las propuestas y cartas intercambiadas. Pero como en los conflictos m\u00e1s enquistados, no ha sido posible que los litigantes encontraran una soluci\u00f3n por s\u00ed mismas. Y el ICANN ha tomado una decisi\u00f3n provisional pendiente de las alegaciones de los pr\u00f3ximos 30 d\u00edas.<\/p>\n<p style=\"color: #444444\">Hace ya dos a\u00f1os que este organismo privado, creado en los inicios de Internet para\u00a0<a style=\"font-style: inherit;color: #016ca2\" href=\"https:\/\/elpais.com\/tecnologia\/2014\/03\/05\/actualidad\/1394039190_978640.html\">poner orden en el ciberespacio,<\/a>\u00a0se mostr\u00f3 favorable a que Amazon se quedara con el dominio. Pero los pa\u00edses donde se alza la Amazonia original litigaron con\u00a0<a style=\"font-style: inherit;color: #016ca2\" href=\"https:\/\/cincodias.elpais.com\/cincodias\/2019\/03\/05\/companias\/1551807717_977556.html\">la empresa de Jeff Bezos<\/a>\u00a0porque quer\u00edan poder de veto sobre el uso que esta dar\u00e1 al cibernombre.<\/p>\n<p style=\"color: #444444\">Brasil ha expresado su malestar en una nota del Ministerio de Exteriores: \u201cPreocupa que una decisi\u00f3n de esa entidad deje de considerar adecuadamente el inter\u00e9s p\u00fablico identificado por ocho Gobiernos, en particular la necesidad de defender el patrimonio natural, cultural y simb\u00f3lico de los pa\u00edses y pueblos de la regi\u00f3n amaz\u00f3nica\u201d. Bolivia, Brasil, Colombia, Ecuador, Guyana, Per\u00fa, Surinam y Venezuela, agrupados en la\u00a0<a style=\"font-style: inherit;color: #016ca2\" href=\"http:\/\/www.otca-oficial.info\/\">Organizaci\u00f3n del Tratado de Cooperaci\u00f3n Amaz\u00f3nica (OTCA<\/a>) quer\u00edan el derecho a objetar del uso que Amazon pudiera dar al dominio y que el asunto, en caso de discrepancia, fuera a un arbitraje independiente.<\/p>\n<p style=\"color: #444444\">La batalla de verdad no es tanto por el uso de .amazon, sino por los subdominios que esta pudiera crear como .amazon.hotel o .amazon.turism y que, seg\u00fan los pa\u00edses litigantes, podr\u00eda perjudicar a empresas locales.<\/p>\n","protected":false},"excerpt":{"rendered":"<p>Brasil muestra su malestar ante la decisi\u00f3n del organismo internacional de otorgarle el uso de .amazon. El ICANN abre un periodo de 30 d\u00edas para alegaciones p\u00fablicas<\/p>\n","protected":false},"author":5842,"featured_media":0,"comment_status":"open","ping_status":"open","sticky":false,"template":"","format":"standard","meta":{"footnotes":""},"categories":[23,11191],"tags":[],"class_list":["post-481961","post","type-post","status-publish","format-standard","hentry","category-latinoamerica","category-top-news"],"_links":{"self":[{"href":"https:\/\/diarioelpopular.com\/index.php\/wp-json\/wp\/v2\/posts\/481961","targetHints":{"allow":["GET"]}}],"collection":[{"href":"https:\/\/diarioelpopular.com\/index.php\/wp-json\/wp\/v2\/posts"}],"about":[{"href":"https:\/\/diarioelpopular.com\/index.php\/wp-json\/wp\/v2\/types\/post"}],"author":[{"embeddable":true,"href":"https:\/\/diarioelpopular.com\/index.php\/wp-json\/wp\/v2\/users\/5842"}],"replies":[{"embeddable":true,"href":"https:\/\/diarioelpopular.com\/index.php\/wp-json\/wp\/v2\/comments?post=481961"}],"version-history":[{"count":1,"href":"https:\/\/diarioelpopular.com\/index.php\/wp-json\/wp\/v2\/posts\/481961\/revisions"}],"predecessor-version":[{"id":481963,"href":"https:\/\/diarioelpopular.com\/index.php\/wp-json\/wp\/v2\/posts\/481961\/revisions\/481963"}],"wp:attachment":[{"href":"https:\/\/diarioelpopular.com\/index.php\/wp-json\/wp\/v2\/media?parent=481961"}],"wp:term":[{"taxonomy":"category","embeddable":true,"href":"https:\/\/diarioelpopular.com\/index.php\/wp-json\/wp\/v2\/categories?post=481961"},{"taxonomy":"post_tag","embeddable":true,"href":"https:\/\/diarioelpopular.com\/index.php\/wp-json\/wp\/v2\/tags?post=481961"}],"curies":[{"name":"wp","href":"https:\/\/api.w.org\/{rel}","templated":true}]}}