{"id":482077,"date":"2019-05-28T15:26:19","date_gmt":"2019-05-28T19:26:19","guid":{"rendered":"http:\/\/diarioelpopular.com\/?p=482077"},"modified":"2019-05-28T15:26:19","modified_gmt":"2019-05-28T19:26:19","slug":"ex-asesor-de-facebook-insta-a-cerrar-las-plataformas-de-medios-sociales","status":"publish","type":"post","link":"https:\/\/diarioelpopular.com\/index.php\/2019\/05\/28\/ex-asesor-de-facebook-insta-a-cerrar-las-plataformas-de-medios-sociales\/","title":{"rendered":"Ex asesor de Facebook insta a cerrar las plataformas de medios sociales"},"content":{"rendered":"<div id=\"attachment_482078\" style=\"width: 570px\" class=\"wp-caption aligncenter\"><a href=\"https:\/\/diarioelpopular.com\/wp-content\/uploads\/2019\/05\/Screen-Shot-2019-05-28-at-3.13.24-PM.png\"><img loading=\"lazy\" decoding=\"async\" aria-describedby=\"caption-attachment-482078\" class=\"size-large wp-image-482078\" src=\"https:\/\/diarioelpopular.com\/wp-content\/uploads\/2019\/05\/Screen-Shot-2019-05-28-at-3.13.24-PM-560x401.png\" alt=\"Una silla vac\u00eda se encuentra detr\u00e1s de las etiquetas con los nombres de Mark Zuckerberg y Sheryl Sandberg de Facebook, mientras el Gran Comit\u00e9 Internacional sobre Big Data, Privacidad y Democracia espera comenzar en Ottawa, el martes 28 de mayo de 2019.\" width=\"560\" height=\"401\" \/><\/a><p id=\"caption-attachment-482078\" class=\"wp-caption-text\">Una silla vac\u00eda se encuentra detr\u00e1s de las etiquetas con los nombres de Mark Zuckerberg y Sheryl Sandberg de Facebook, mientras el Gran Comit\u00e9 Internacional sobre Big Data, Privacidad y Democracia espera comenzar en Ottawa, el martes 28 de mayo de 2019.<\/p><\/div>\n<p><em><strong>OTTAWA.-<\/strong> <\/em>Un ex asesor de Facebook est\u00e1 instando a los gobiernos de todo el mundo a cerrar las plataformas de redes sociales hasta que puedan reformarse.<\/p>\n<p>&#8220;Si sus objetivos son proteger la democracia y la libertad personal, debe ser audaz. Debe forzar una transformaci\u00f3n radical del modelo de negocios de las plataformas de Internet&#8221;, dijo este martes el comit\u00e9 de privacidad y \u00e9tica de la C\u00e1mara de los Comunes al comit\u00e9 de privacidad y \u00e9tica de la C\u00e1mara de los Comunes.<\/p>\n<p>&#8220;Al final del d\u00eda, sin embargo, el camino m\u00e1s efectivo para la reforma ser\u00eda cerrar las plataformas al menos temporalmente &#8230; Cualquier pa\u00eds puede ir primero. Las plataformas no le han dejado otra opci\u00f3n. Ha llegado el momento de hacerlo.&#8221;<\/p>\n<p>Los comentarios de McNamee surgieron cuando un comit\u00e9 internacional de parlamentarios en Ottawa renov\u00f3 su convocatoria para que el fundador de Facebook, Mark Zuckerberg y la directora de operaciones de la compa\u00f1\u00eda, Sheryl Sandberg, comparecieran y dieran pruebas ante ellos. Ambos ignoraron la primera convocatoria, eligiendo enviar representantes de la compa\u00f1\u00eda en su lugar.<\/p>\n<p>Esta semana, a los parlamentarios canadienses en el comit\u00e9 se les unir\u00e1n pol\u00edticos de un pu\u00f1ado de pa\u00edses de todo el mundo, incluidos el Reino Unido, Irlanda y Alemania, para tratar de averiguar qu\u00e9 se debe y se puede hacer para proteger la privacidad de los ciudadanos en l\u00ednea y frenar el problema. Difusi\u00f3n de la desinformaci\u00f3n.<\/p>\n<p>En su testimonio, McNamee se\u00f1al\u00f3 a Sri Lanka, donde las autoridades cerraron los grifos en la mayor\u00eda de las redes sociales despu\u00e9s de los ataques del domingo de Pascua el mes pasado en iglesias y hoteles que mataron a cientos de personas.<\/p>\n<p>El portal oficial de noticias del gobierno de Sri Lanka dijo que las acciones, que inclu\u00edan el bloqueo de Facebook y sus servicios de WhatsApp e Instagram, eran necesarias para detener los informes de noticias falsas en l\u00ednea.<\/p>\n<p>&#8220;La gente de Google y Facebook no es mala&#8221;, dijo McNamee, uno de los primeros inversionistas en Facebook.<\/p>\n<p>&#8220;Son los productos de una cultura empresarial estadounidense con pocas reglas, donde el mal comportamiento rara vez se traduce en un castigo. Las personas inteligentes toman lo que pueden obtener y se dicen a s\u00ed mismos que se lo ganaron. Se sienten con derecho. Las consecuencias son el problema de otra persona&#8221;.<\/p>\n<p>A\u00f1adi\u00f3 que &#8220;las empresas con modelos de negocio responsables surgir\u00e1n de la noche a la ma\u00f1ana para llenar el vac\u00edo&#8221;.<\/p>\n<p><strong><em>\u00a0Advertencias fatales<\/em><\/strong><\/p>\n<p>McNamee, quien escribi\u00f3 Zucked: Despertando a la cat\u00e1strofe de Facebook, dijo que &#8220;como m\u00ednimo&#8221; los pa\u00edses deber\u00edan poner fin a la capacidad de las plataformas para realizar un seguimiento web y escanear correos electr\u00f3nicos y documentos, y acabar con la vigilancia de los usuarios de las plataformas.<\/p>\n<p>El jefe del Centro para la Innovaci\u00f3n en Gobernanza Internacional, Jim Balsillie, quien se hizo famoso como uno de los fundadores del fabricante de Blackberry, Research in Motion, tambi\u00e9n tuvo palabras extremas para el comit\u00e9.<\/p>\n<p>&#8220;La tecnolog\u00eda est\u00e1 perturbando la gobernabilidad y, si no se controla, podr\u00eda hacer que la democracia liberal quede obsoleta&#8221;, dijo.<\/p>\n<p>&#8220;Los datos no son el nuevo aceite. Es el nuevo plutonio: incre\u00edblemente poderoso, peligroso cuando se propaga, dif\u00edcil de limpiar y con graves consecuencias cuando se usa incorrectamente&#8221;.<\/p>\n<p>Este martes, el comit\u00e9 vot\u00f3 para entregar una segunda convocatoria a Facebook Zuckerberg y Sandberg. La citaci\u00f3n los obligar\u00eda a comparecer ante el comit\u00e9 de la C\u00e1mara de los Comunes la pr\u00f3xima vez que alguno de ellos ponga un pie en Canad\u00e1.<\/p>\n<p>El presidente del comit\u00e9, el diputado conservador Bob Zimmer, dijo que era &#8220;abominable&#8221; que los dos no aparecieran esta semana.<\/p>\n<p>&#8220;Tan pronto como pongan un pie, ya sea el Sr. Zuckerberg o la Sra. Sandberg, ingresen a nuestro pa\u00eds, ser\u00e1n atendidos y se espera que comparezcan ante nuestro comit\u00e9&#8221;, dijo Zimmer.<\/p>\n<p>Si se niegan, ser\u00e1n recluidos en desacato al Parlamento, dijo.<\/p>\n<p><em><strong>\u00a0&#8216;Muestra un poco de desd\u00e9n&#8217;<\/strong><\/em><\/p>\n<p>Neil Potts, el director de pol\u00edtica global de Facebook, trat\u00f3 de tranquilizar al comit\u00e9 hoy de que Facebook estaba tomando en serio el trabajo de los parlamentarios, a pesar de la decisi\u00f3n de Zuckerberg y Sandberg de no venir a Canad\u00e1.<\/p>\n<p>&#8220;Ha habido un tema constante en el sentido de que el Sr. Zuckerberg y la Sra. Sandberg no est\u00e1n aqu\u00ed porque est\u00e1n evitando su deber. Han ordenado y autorizado al Sr. Chan y a m\u00ed a aparecer en este comit\u00e9 para trabajar con todos ustedes&#8221;, dijo Potts.<\/p>\n<p>Zimmer (eliminando a Potts antes de que pudiera terminar) dijo que cuando se les ped\u00eda a Sandberg y Zuckerberg que presentaran pruebas ante un comit\u00e9 parlamentario, se esperaba que lo hicieran.<\/p>\n<p>&#8220;Representamos a 400 millones de personas, as\u00ed que cuando pedimos que vengan esos dos individuos, eso es exactamente lo que esperamos&#8221;, dijo Zimmer.<\/p>\n<p>&#8220;Muestra un poco de desd\u00e9n por parte de Mark Zuckerberg y la Sra. Sandberg por simplemente elegir no venir y simplemente muestra una falta de comprensi\u00f3n de lo que hacemos como legisladores. Usar a los dos individuos en su lugar simplemente no es aceptable&#8221;.<\/p>\n<p>Potts intent\u00f3 disculpar su ausencia diciendo que &#8220;no estaba familiarizado con los procedimientos del Parlamento canadiense y con lo que requiere una comparecencia&#8221;.<\/p>\n<p><strong><em>\u00a0&#8216;Horas de lugares comunes de Facebook&#8217;<\/em><\/strong><\/p>\n<p>La parlamentaria brit\u00e1nica Jo Stevens fue a\u00fan m\u00e1s contundente en su condena, y dijo que si bien aprecia el hecho de que el Jefe de Pol\u00edticas P\u00fablicas de Potts y Facebook de Canad\u00e1, Kevin Chan, se present\u00f3, quer\u00eda hablar con Zuckerberg.<\/p>\n<p>&#8220;\u00c9l no vino a responder nuestras preguntas en Londres en nuestro Parlamento, por lo que hemos cruzado el Atl\u00e1ntico para facilitarle las cosas. Y solo podemos concluir que le asusta el escrutinio&#8221;, dijo Stevens.<\/p>\n<p>&#8220;Y para evitar dudas, estoy harto de estar sentado durante horas y lugares comunes de Facebook y evitar las t\u00e1cticas para responder preguntas. Quiero que el jefe de aqu\u00ed asuma la responsabilidad&#8221;.<\/p>\n<p>El parlamentario irland\u00e9s James Lawless dijo que no le impresion\u00f3 la explicaci\u00f3n que Potts ofreci\u00f3 por la ausencia de Zuckerberg y Sandberg, calific\u00e1ndola de &#8220;extraordinaria&#8221;.<\/p>\n<p>&#8220;Me parece extraordinario algunas de las declaraciones que se est\u00e1n realizando, como la declaraci\u00f3n hecha por el Sr. Potts hace unos minutos de que no estaba familiarizado con el procedimiento parlamentario, y tal vez para explicar alguna brecha en la evidencia, &#8220;Dijo sin ley.<\/p>\n<p>&#8220;Habr\u00eda pensado que ese era un requisito previo b\u00e1sico antes de ingresar a la sala, si estuviera calificado para hacer el trabajo. Es decepcionante. Quiero dejar eso en el registro&#8221;.<\/p>\n<p>El comit\u00e9 tambi\u00e9n est\u00e1 escuchando de:<\/p>\n<p>Derek Slater, director global de Google.<\/p>\n<p>Colin McKay, jefe de asuntos gubernamentales y pol\u00edticas p\u00fablicas de Google Canad\u00e1.<\/p>\n<p>Carlos Monje, director de pol\u00edticas p\u00fablicas de Twitter.<\/p>\n<p>Michele Austin, jefa de pol\u00edticas p\u00fablicas del gobierno en Twitter Canad\u00e1.<\/p>\n<p>El lunes, apenas unas horas antes de que comience el comit\u00e9, Facebook anunci\u00f3 que eliminar\u00e1 las cuentas que intenten interferir en las pr\u00f3ximas elecciones canadienses y hacer p\u00fablicos esos intentos.<\/p>\n<p>Bajo el interrogatorio del diputado conservador Peter Kent, Chan dijo que Facebook respeta el trabajo de los legisladores en Canad\u00e1 y que cumplir\u00eda con todas las leyes que aprueben.<\/p>\n<p>&#8220;Agradecer\u00edamos los est\u00e1ndares b\u00e1sicos que los legisladores pueden imponer en la plataforma sobre lo que deber\u00eda subir y lo que deber\u00eda bajar&#8221;, dijo Chan. &#8220;Y si los legisladores, en su sabidur\u00eda, quieren trazar la l\u00ednea en alg\u00fan lugar al norte o al sur de la censura, estar\u00edamos, obviamente estar\u00edamos obligados (a seguir) la ley local&#8221;.<\/p>\n<p>Google y Microsoft tambi\u00e9n anunciaron que apoyan una iniciativa canadiense para proteger la integridad de la elecci\u00f3n este oto\u00f1o, incluida la eliminaci\u00f3n de cuentas falsas y contenido falso.<\/p>\n<p>Twitter no hab\u00eda firmado esa iniciativa hasta el martes por la ma\u00f1ana.<\/p>\n","protected":false},"excerpt":{"rendered":"<p>El comit\u00e9 internacional de parlamentarios emite la segunda convocatoria de Zuckerberg y Sandberg de Facebook despu\u00e9s de no presentarse<\/p>\n","protected":false},"author":5842,"featured_media":0,"comment_status":"open","ping_status":"open","sticky":false,"template":"","format":"standard","meta":{"footnotes":""},"categories":[11191],"tags":[],"class_list":["post-482077","post","type-post","status-publish","format-standard","hentry","category-top-news"],"_links":{"self":[{"href":"https:\/\/diarioelpopular.com\/index.php\/wp-json\/wp\/v2\/posts\/482077","targetHints":{"allow":["GET"]}}],"collection":[{"href":"https:\/\/diarioelpopular.com\/index.php\/wp-json\/wp\/v2\/posts"}],"about":[{"href":"https:\/\/diarioelpopular.com\/index.php\/wp-json\/wp\/v2\/types\/post"}],"author":[{"embeddable":true,"href":"https:\/\/diarioelpopular.com\/index.php\/wp-json\/wp\/v2\/users\/5842"}],"replies":[{"embeddable":true,"href":"https:\/\/diarioelpopular.com\/index.php\/wp-json\/wp\/v2\/comments?post=482077"}],"version-history":[{"count":1,"href":"https:\/\/diarioelpopular.com\/index.php\/wp-json\/wp\/v2\/posts\/482077\/revisions"}],"predecessor-version":[{"id":482079,"href":"https:\/\/diarioelpopular.com\/index.php\/wp-json\/wp\/v2\/posts\/482077\/revisions\/482079"}],"wp:attachment":[{"href":"https:\/\/diarioelpopular.com\/index.php\/wp-json\/wp\/v2\/media?parent=482077"}],"wp:term":[{"taxonomy":"category","embeddable":true,"href":"https:\/\/diarioelpopular.com\/index.php\/wp-json\/wp\/v2\/categories?post=482077"},{"taxonomy":"post_tag","embeddable":true,"href":"https:\/\/diarioelpopular.com\/index.php\/wp-json\/wp\/v2\/tags?post=482077"}],"curies":[{"name":"wp","href":"https:\/\/api.w.org\/{rel}","templated":true}]}}