{"id":482147,"date":"2019-06-03T09:41:33","date_gmt":"2019-06-03T13:41:33","guid":{"rendered":"http:\/\/diarioelpopular.com\/?p=482147"},"modified":"2019-06-03T15:31:47","modified_gmt":"2019-06-03T19:31:47","slug":"canada-suspende-las-operaciones-diplomaticas-de-su-embajada-en-venezuela","status":"publish","type":"post","link":"https:\/\/diarioelpopular.com\/index.php\/2019\/06\/03\/canada-suspende-las-operaciones-diplomaticas-de-su-embajada-en-venezuela\/","title":{"rendered":"Canad\u00e1 suspende las operaciones diplom\u00e1ticas de su Embajada en Venezuela"},"content":{"rendered":"<div id=\"attachment_482148\" style=\"width: 570px\" class=\"wp-caption aligncenter\"><a href=\"https:\/\/diarioelpopular.com\/wp-content\/uploads\/2019\/06\/1559523542_889814_1559523657_noticia_normal_recorte1.jpg\"><img loading=\"lazy\" decoding=\"async\" aria-describedby=\"caption-attachment-482148\" class=\"size-large wp-image-482148\" src=\"https:\/\/diarioelpopular.com\/wp-content\/uploads\/2019\/06\/1559523542_889814_1559523657_noticia_normal_recorte1-560x341.jpg\" alt=\"La ministra de Asuntos Exteriores de Canad\u00e1, Chrystia Freeland, en febrero pasado. \" width=\"560\" height=\"341\" \/><\/a><p id=\"caption-attachment-482148\" class=\"wp-caption-text\">La ministra de Asuntos Exteriores de Canad\u00e1, Chrystia Freeland, en febrero pasado.<\/p><\/div>\n<p style=\"color: #444444\"><a style=\"font-style: inherit;color: #016ca2\" href=\"https:\/\/elpais.com\/internacional\/2019\/02\/04\/estados_unidos\/1549301369_008168.html\">Canad\u00e1<\/a>\u00a0se ha sumado a Estados Unidos como uno de los pa\u00edses que han estrechado\u00a0<a style=\"font-style: inherit;color: #016ca2\" href=\"https:\/\/elpais.com\/internacional\/2019\/05\/02\/actualidad\/1556756832_761339.html\">el cerco diplom\u00e1tico al r\u00e9gimen de Nicol\u00e1s Maduro.<\/a>\u00a0La ministra de Asuntos Exteriores canadiense Chrystia Freeland inform\u00f3 este domingo de que se han suspendido temporalmente las operaciones de su Embajada en Caracas y brindar\u00e1 asistencia a sus ciudadanos en el pa\u00eds sudamericano a trav\u00e9s de la delegaci\u00f3n en Colombia, a quienes recomienda no viajar a Venezuela.<\/p>\n<p style=\"color: #444444\">La raz\u00f3n que alega el Gobierno canadiense para el cese de sus operaciones y el retiro de sus diplom\u00e1ticos es que \u201cel r\u00e9gimen ileg\u00edtimo de Maduro ha tomado medidas para limitar la capacidad de las\u00a0<a style=\"font-style: inherit;color: #016ca2\" href=\"https:\/\/elpais.com\/internacional\/2019\/05\/03\/actualidad\/1556883608_806391.html\">embajadas extranjeras para funcionar en Venezuela<\/a>, en particular los que abogan por el restablecimiento de la democracia en Venezuela\u201d. El comunicado de prensa agrega que \u201clos diplom\u00e1ticos canadienses en Venezuela ya no est\u00e1n en condiciones de obtener una acreditaci\u00f3n diplom\u00e1tica bajo el r\u00e9gimen de Maduro, y sus visas expiran este mes\u201d. La canciller Freeland ha se\u00f1alado que tambi\u00e9n se est\u00e1 evaluando el estatus de los diplom\u00e1ticos nombrados por Maduro en su pa\u00eds.<\/p>\n<p style=\"color: #444444\">Al igual que Canad\u00e1,\u00a0<a style=\"font-style: inherit;color: #016ca2\" href=\"https:\/\/elpais.com\/internacional\/2019\/05\/13\/colombia\/1557784677_158217.html\">Estados Unidos traslad\u00f3 las operaciones a Colombia<\/a>\u00a0y mantiene una embajada virtual en el pa\u00eds a trav\u00e9s de una cuenta de Twitter. En marzo pasado el secretario de Estado Mike Pompeo anunci\u00f3 el retir\u00f3 su personal de Caracas luego de que Maduro decidiera romper relaciones con el pa\u00eds norteamericano, al ser el primero en reconocer al presidente de la Asamblea Nacional\u00a0<a style=\"font-style: inherit;color: #016ca2\" href=\"https:\/\/elpais.com\/internacional\/2019\/04\/05\/america\/1554420373_144322.html\">Juan Guaid\u00f3 como presidente encargado<\/a>, una figura que invoca la Constituci\u00f3n venezolana ante la ausencia de un presidente electo. El pasado 10 de enero, Maduro asumi\u00f3 el 10 de enero para un segundo mandato con base en unas elecciones que han sido se\u00f1aladas por la oposici\u00f3n como fraudulentas y que no han sido reconocidas por la comunidad internacional. Cinco meses despu\u00e9s m\u00e1s de 50 pa\u00edses han respaldado a Guaid\u00f3.<\/p>\n<p style=\"color: #444444\">La crisis institucional en la que est\u00e1 sumida Venezuela desde enero ha acrecentado las tensiones de gran parte de la comunidad internacional con el r\u00e9gimen de Maduro. Canad\u00e1 forma junto con el Grupo de Lima el bloque de mayor presi\u00f3n para la transici\u00f3n pol\u00edtica que impulsa Guaid\u00f3, que volver\u00e1 a reunirse el pr\u00f3ximo 6 de junio. \u201cA pesar de esta suspensi\u00f3n temporal, Canad\u00e1 continuar\u00e1 defendiendo los derechos del pueblo venezolano y el pleno retorno a la democracia en Venezuela\u201d, reitera\u00a0<a style=\"font-style: inherit;color: #016ca2\" href=\"https:\/\/elpais.com\/internacional\/2019\/02\/04\/estados_unidos\/1549301369_008168.html\">Chrystia Freeland<\/a>\u00a0en el comunicado.<\/p>\n<p style=\"color: #444444\">Junto con Estados Unidos y la Uni\u00f3n Europea, Canad\u00e1 ha aplicado sanciones individuales a funcionarios chavistas desde 2017, incluido Maduro. En septiembre de ese a\u00f1o emiti\u00f3 una lista de 54 nombres de venezolanos con restricciones para viajar y hacer transacciones en ese pa\u00eds.<\/p>\n","protected":false},"excerpt":{"rendered":"<p>La canciller canadiense alega que el r\u00e9gimen de Nicol\u00e1s Maduro ha limitado la capacidad de las delegaciones extranjeras de trabajar en el pa\u00eds<\/p>\n","protected":false},"author":5842,"featured_media":0,"comment_status":"open","ping_status":"open","sticky":false,"template":"","format":"standard","meta":{"footnotes":""},"categories":[21,11191],"tags":[],"class_list":["post-482147","post","type-post","status-publish","format-standard","hentry","category-canada","category-top-news"],"_links":{"self":[{"href":"https:\/\/diarioelpopular.com\/index.php\/wp-json\/wp\/v2\/posts\/482147","targetHints":{"allow":["GET"]}}],"collection":[{"href":"https:\/\/diarioelpopular.com\/index.php\/wp-json\/wp\/v2\/posts"}],"about":[{"href":"https:\/\/diarioelpopular.com\/index.php\/wp-json\/wp\/v2\/types\/post"}],"author":[{"embeddable":true,"href":"https:\/\/diarioelpopular.com\/index.php\/wp-json\/wp\/v2\/users\/5842"}],"replies":[{"embeddable":true,"href":"https:\/\/diarioelpopular.com\/index.php\/wp-json\/wp\/v2\/comments?post=482147"}],"version-history":[{"count":2,"href":"https:\/\/diarioelpopular.com\/index.php\/wp-json\/wp\/v2\/posts\/482147\/revisions"}],"predecessor-version":[{"id":482163,"href":"https:\/\/diarioelpopular.com\/index.php\/wp-json\/wp\/v2\/posts\/482147\/revisions\/482163"}],"wp:attachment":[{"href":"https:\/\/diarioelpopular.com\/index.php\/wp-json\/wp\/v2\/media?parent=482147"}],"wp:term":[{"taxonomy":"category","embeddable":true,"href":"https:\/\/diarioelpopular.com\/index.php\/wp-json\/wp\/v2\/categories?post=482147"},{"taxonomy":"post_tag","embeddable":true,"href":"https:\/\/diarioelpopular.com\/index.php\/wp-json\/wp\/v2\/tags?post=482147"}],"curies":[{"name":"wp","href":"https:\/\/api.w.org\/{rel}","templated":true}]}}