{"id":482332,"date":"2019-06-19T08:54:37","date_gmt":"2019-06-19T12:54:37","guid":{"rendered":"http:\/\/diarioelpopular.com\/?p=482332"},"modified":"2019-06-19T21:38:04","modified_gmt":"2019-06-20T01:38:04","slug":"canada-confirma-la-polemica-expansion-de-un-oleoducto-un-dia-despues-de-declarar-la-emergencia-climatica","status":"publish","type":"post","link":"https:\/\/diarioelpopular.com\/index.php\/2019\/06\/19\/canada-confirma-la-polemica-expansion-de-un-oleoducto-un-dia-despues-de-declarar-la-emergencia-climatica\/","title":{"rendered":"Canad\u00e1 confirma la pol\u00e9mica expansi\u00f3n de un oleoducto un d\u00eda despu\u00e9s de declarar la emergencia clim\u00e1tica"},"content":{"rendered":"<div id=\"attachment_482333\" style=\"width: 570px\" class=\"wp-caption aligncenter\"><a href=\"https:\/\/diarioelpopular.com\/wp-content\/uploads\/2019\/06\/1560914765_748984_1560915343_noticia_normal_recorte1.jpg\"><img loading=\"lazy\" decoding=\"async\" aria-describedby=\"caption-attachment-482333\" class=\"size-large wp-image-482333\" src=\"https:\/\/diarioelpopular.com\/wp-content\/uploads\/2019\/06\/1560914765_748984_1560915343_noticia_normal_recorte1-560x328.jpg\" alt=\"Trudeau, durante una conferencia de prensa.\" width=\"560\" height=\"328\" \/><\/a><p id=\"caption-attachment-482333\" class=\"wp-caption-text\">Trudeau, durante una conferencia de prensa.<\/p><\/div>\n<p style=\"color: #444444\">En menos de 24 horas, el Gobierno de\u00a0<a style=\"font-style: inherit;color: #016ca2\" href=\"https:\/\/elpais.com\/tag\/justin_pierre_james_trudeau\/a\" target=\"_blank\">Justin Trudeau<\/a>\u00a0ha hecho dos movimientos que muchos han interpretado como contradictorios. Sin embargo, el partido del primer ministro canadiense, el Liberal, afirma que son prueba del equilibrio entre el crecimiento econ\u00f3mico -en gran medida a trav\u00e9s de la venta de combustibles- y el cuidado medioambiental. El Parlamento del pa\u00eds norteamericano aprob\u00f3 este lunes una moci\u00f3n para declarar formalmente el estado de emergencia clim\u00e1tica por el calentamiento global. Apenas 24 horas despu\u00e9s, Trudeau confirm\u00f3 en cambio la decisi\u00f3n de construir una segunda l\u00ednea del oleoducto Trans Mountain, un proyecto que ha levantado una fuerte pol\u00e9mica desde hace a\u00f1os. Las cr\u00edticas no se han hecho esperar, aunque por distintas razones. A su vez, aparece en el horizonte la jornada electoral del 21 de octubre, en las que el primer ministro se juega la reelecci\u00f3n.<\/p>\n<p style=\"color: #444444\">Canad\u00e1 es el tercer pa\u00eds del mundo, tras el Reino Unido y el Vaticano, en declarar el estado de emergencia clim\u00e1tica. La ministra de Medio Ambiente,\u00a0Catherine McKenna, fue la encargada de presentar la moci\u00f3n ante el Legislativo. Se trata, dijo, de \u201cuna crisis real y urgente, provocada por la actividad humana, que afecta el medioambiente, la biodiversidad, la salud y la econom\u00eda de los canadienses. Es un problema de seguridad nacional. Y es tiempo de que comencemos a tratarlo como tal\u201d.<\/p>\n<p style=\"color: #444444\">La moci\u00f3n subrayaba que\u00a0<a style=\"font-style: inherit;color: #016ca2\" href=\"https:\/\/elpais.com\/tag\/canada\/a\" target=\"_blank\">Canad\u00e1<\/a>\u00a0reitera su compromiso de cumplir con lo establecido en el Acuerdo de Par\u00eds contra el cambio clim\u00e1tico y de realizar otras reducciones que contribuyan a luchar contra el calentamiento global. Los liberales contaron con el voto del resto de formaciones del arco parlamentario con una excepci\u00f3n: el Partido Conservador, que ya puso el grito en el cielo cuando el Ejecutivo de Trudeau puso en marcha su plan de grav\u00e1menes al carbono, una de sus mayores apuestas ambientales, bajo el argumento de que ser\u00eda un freno para la econom\u00eda.<\/p>\n<p style=\"color: #444444\">Este martes, Trudeau confirm\u00f3 la decisi\u00f3n de construir una segunda l\u00ednea del oleoducto Trans Mountain, cuyos trabajos arrancar\u00e1n este verano. Trans Mountain opera desde 1953 y transporta hoy unos 300.000 barriles diarios de petr\u00f3leo desde Edmonton (Alberta) a Burnaby (Columbia Brit\u00e1nica). En su mayor\u00eda, este crudo es extra\u00eddo de arenas bituminosas, conocidas por su alto impacto ambiental. Seg\u00fan los c\u00e1lculos gubernamentales, la segunda l\u00ednea permitir\u00e1 alcanzar los 890.000 barriles por d\u00eda. Trudeau subray\u00f3 que la obra busca reducir la dependencia exportadora de EE UU: abrir\u00e1 posibilidades en Asia en un momento en el que el 99% de los recursos energ\u00e9ticos canadienses exportados se hacen al vecino del sur.<\/p>\n<p style=\"color: #444444\">Los liberales de Trudeau hab\u00edan aprobado en noviembre de 2016 la expansi\u00f3n de Trans Mountain a cargo de la due\u00f1a del oleoducto, la compa\u00f1\u00eda estadounidense Kinder Morgan. Sin embargo, el Gobierno de la Columbia Brit\u00e1nica y diversos grupos de ambientalistas mostraron su oposici\u00f3n. Entre ellos, varias comunidades ind\u00edgenas de la regi\u00f3n presentaron un recurso legal y forzaron a Kinder Morgan a dejar caer que abandonar\u00eda el proyecto si no exist\u00eda un acuerdo entre todas las partes antes del 31 de mayo del a\u00f1o pasado. Dos d\u00edas antes de esa fecha, el Gobierno canadiense nacionaliz\u00f3 el oleoducto en una transacci\u00f3n valorada en 4.500 millones de d\u00f3lares canadienses (3.005 millones de euros).<\/p>\n<p style=\"color: #444444\">En agosto del a\u00f1o pasado, una Corte federal dictamin\u00f3 que no se hab\u00edan estudiado de forma detallada las consecuencias medioambientales de la obra y que las consultas a los grupos ind\u00edgenas hab\u00edan sido insuficientes. Finalmente, tras nuevos ex\u00e1menes a cargo de la Oficina Nacional de la Energ\u00eda, los liberales han anunciado que la segunda l\u00ednea se construir\u00e1. \u201cHemos escuchado tambi\u00e9n a los canadienses que quieren un futuro m\u00e1s verde. Es por ello que hemos decidido invertir cada d\u00f3lar generado por este proyecto en la transici\u00f3n ecol\u00f3gica de Canad\u00e1\u201d, manifest\u00f3 Trudeau.<\/p>\n<h3 style=\"color: #111111\">&#8220;Es igual de l\u00f3gico que apagar un incendio con un lanzallamas&#8221;<\/h3>\n<p style=\"color: #444444\">Las reacciones al anuncio no han demorado. Jason Kenney, primer ministro de Alberta, escribi\u00f3 en Twitter que su Gobierno aprecia la aprobaci\u00f3n de las autoridades federales. \u201cPero aprobaci\u00f3n no es lo mismo que construcci\u00f3n. Ahora, \u00a1a construir!\u201d, a\u00f1adi\u00f3. Andrew Scheer, l\u00edder del Partido Conservador, dijo por su parte que los liberales carecen de un plan de construcci\u00f3n de la segunda l\u00ednea y aprovech\u00f3 para criticar de nueva cuenta el programa de impuestos al carbono.<\/p>\n<p style=\"color: #444444\">Jagmeet Singh, l\u00edder del Nuevo Partido Democr\u00e1tico, se\u00f1al\u00f3 que un solo derrame en las costas de la Columbia Brit\u00e1nica ser\u00eda desastroso para la biodiversidad y para miles de empleos en actividades pesqueras. Elizabeth May, dirigente de los verdes, denunci\u00f3 \u201cel cinismo y la hipocres\u00eda\u201d del anuncio, en referencia a la moci\u00f3n aprobada por el Parlamento el d\u00eda anterior. \u201cLa aprobaci\u00f3n del proyecto por parte del Gobierno de Trudeau, luego de haber declarado que estamos en estado de emergencia clim\u00e1tica, es igual de l\u00f3gica que tratar de apagar un incendio con un lanzallamas\u201d, declar\u00f3 Patrick Bonin, portavoz del cap\u00edtulo canadiense de Greenpeace a Radio-Canad\u00e1. Asimismo, Leah George Wilson, jefa de la comunidad ind\u00edgena Tsleil-Waututh, anunci\u00f3 en Vancouver que buscar\u00e1 llegar a los tribunales para frenar el proyecto.<\/p>\n<p style=\"color: #444444\">La conciliaci\u00f3n entre el desarrollo econ\u00f3mico y el cuidado medioambiental, defendida por los liberales, es presa de se\u00f1alamientos desde varios frentes. La pregunta es hasta qu\u00e9 punto ser\u00e1 beneficiosa o perjudicial para Trudeau de cara a las elecciones que tendr\u00e1n lugar en poco m\u00e1s de cuatro meses.<\/p>\n","protected":false},"excerpt":{"rendered":"<p>La aparente contradicci\u00f3n, negada por los liberales, despierta las cr\u00edticas de oposici\u00f3n y ambientalistas<\/p>\n","protected":false},"author":5842,"featured_media":0,"comment_status":"open","ping_status":"open","sticky":false,"template":"","format":"standard","meta":{"footnotes":""},"categories":[21,11191],"tags":[],"class_list":["post-482332","post","type-post","status-publish","format-standard","hentry","category-canada","category-top-news"],"_links":{"self":[{"href":"https:\/\/diarioelpopular.com\/index.php\/wp-json\/wp\/v2\/posts\/482332","targetHints":{"allow":["GET"]}}],"collection":[{"href":"https:\/\/diarioelpopular.com\/index.php\/wp-json\/wp\/v2\/posts"}],"about":[{"href":"https:\/\/diarioelpopular.com\/index.php\/wp-json\/wp\/v2\/types\/post"}],"author":[{"embeddable":true,"href":"https:\/\/diarioelpopular.com\/index.php\/wp-json\/wp\/v2\/users\/5842"}],"replies":[{"embeddable":true,"href":"https:\/\/diarioelpopular.com\/index.php\/wp-json\/wp\/v2\/comments?post=482332"}],"version-history":[{"count":1,"href":"https:\/\/diarioelpopular.com\/index.php\/wp-json\/wp\/v2\/posts\/482332\/revisions"}],"predecessor-version":[{"id":482334,"href":"https:\/\/diarioelpopular.com\/index.php\/wp-json\/wp\/v2\/posts\/482332\/revisions\/482334"}],"wp:attachment":[{"href":"https:\/\/diarioelpopular.com\/index.php\/wp-json\/wp\/v2\/media?parent=482332"}],"wp:term":[{"taxonomy":"category","embeddable":true,"href":"https:\/\/diarioelpopular.com\/index.php\/wp-json\/wp\/v2\/categories?post=482332"},{"taxonomy":"post_tag","embeddable":true,"href":"https:\/\/diarioelpopular.com\/index.php\/wp-json\/wp\/v2\/tags?post=482332"}],"curies":[{"name":"wp","href":"https:\/\/api.w.org\/{rel}","templated":true}]}}