{"id":482495,"date":"2019-07-01T20:58:35","date_gmt":"2019-07-02T00:58:35","guid":{"rendered":"http:\/\/diarioelpopular.com\/?p=482495"},"modified":"2019-07-03T10:29:18","modified_gmt":"2019-07-03T14:29:18","slug":"un-grupo-canadiense-prescinde-de-un-vinetista-tras-una-dura-caricatura-sobre-trump","status":"publish","type":"post","link":"https:\/\/diarioelpopular.com\/index.php\/2019\/07\/01\/un-grupo-canadiense-prescinde-de-un-vinetista-tras-una-dura-caricatura-sobre-trump\/","title":{"rendered":"Un grupo canadiense prescinde de un vi\u00f1etista tras una dura caricatura sobre Trump"},"content":{"rendered":"<div id=\"attachment_482496\" style=\"width: 570px\" class=\"wp-caption aligncenter\"><a href=\"https:\/\/diarioelpopular.com\/wp-content\/uploads\/2019\/07\/1561979374_788349_1561986965_noticia_normal_recorte1.jpg\"><img loading=\"lazy\" decoding=\"async\" aria-describedby=\"caption-attachment-482496\" class=\"size-large wp-image-482496\" src=\"https:\/\/diarioelpopular.com\/wp-content\/uploads\/2019\/07\/1561979374_788349_1561986965_noticia_normal_recorte1-560x340.jpg\" alt=\"El tuit de Michael de Adder con la pol\u00e9mica vi\u00f1eta.\" width=\"560\" height=\"340\" \/><\/a><p id=\"caption-attachment-482496\" class=\"wp-caption-text\">El tuit de Michael de Adder con la pol\u00e9mica vi\u00f1eta.<\/p><\/div>\n<p style=\"color: #444444\">Michael de Adder, un caricaturista de renombre en Canad\u00e1, difundi\u00f3 en redes sociales un dibujo que ha corrido como la p\u00f3lvora. La vi\u00f1eta, publicada el 26 de junio, muestra con indumentaria y carrito de golf a Donald Trump junto a los cad\u00e1veres de \u00d3scar y Valeria Mart\u00ednez,\u00a0<a style=\"font-style: inherit;color: #016ca2\" href=\"https:\/\/elpais.com\/internacional\/2019\/06\/27\/actualidad\/1561661219_955185.html\">el padre y la ni\u00f1a salvadore\u00f1os que murieron<\/a>\u00a0en sus intentos por cruzar el r\u00edo Bravo para llegar a EE UU y cuya fotograf\u00eda dio la vuelta al mundo. Trump pregunta a los fallecidos en la imagen: \u201c\u00bfOs molesta si sigo jugando?\u201d. Dos d\u00edas despu\u00e9s, el caricaturista anunci\u00f3 en Twitter que Brunswick News cort\u00f3 cualquier v\u00ednculo laboral con \u00e9l tras 17 a\u00f1os de relaci\u00f3n. El grupo de medios ha negado que la medida tuviese que ver con el dibujo, que no apareci\u00f3 publicado en ninguno de los cuatro peri\u00f3dicos de su propiedad. El caso coincide con la entrada en vigor, este lunes, de la decisi\u00f3n de<em>The New York Times<\/em>\u00a0de\u00a0<a style=\"font-style: inherit;color: #016ca2\" href=\"https:\/\/elpais.com\/sociedad\/2019\/06\/11\/actualidad\/1560271902_318005.html\">suprimir las vi\u00f1etas de su edici\u00f3n internacional,<\/a>\u00a0tras diversas cr\u00edticas por una ilustraci\u00f3n sobre Benjamin Netanyahu y Donald Trump.<\/p>\n<p style=\"color: #444444\">De Adder, a trav\u00e9s de Twitter, se\u00f1al\u00f3 este lunes que todas las caricaturas sobre Trump que hab\u00eda enviado este a\u00f1o a Brunswick News hab\u00edan sido rechazadas. \u201cLlegu\u00e9 al punto de no enviar ninguna vi\u00f1eta sobre Trump por miedo a ser despedido\u201d, coment\u00f3. A su vez, el caricaturista indic\u00f3 que el grupo tampoco aceptaba la menor cr\u00edtica en dibujos a Blaine Higgs, primer ministro de Nueva Brunswick. Cabe se\u00f1alar que Brunswick News es propiedad de la familia Irving, la octava mayor fortuna canadiense. En un comunicado, Wes Tyrell, presidente de la Asociaci\u00f3n de caricaturistas de Canad\u00e1, afirm\u00f3 que la decisi\u00f3n del grupo de medios se explica por los intereses comerciales que tienen del otro lado de la frontera. \u201cParece que los Irving no quieren riesgo alguno\u201d, escribi\u00f3 Tyrell.<\/p>\n<p style=\"color: #444444\">Brunswick News expres\u00f3 el domingo que todo obedece a \u201cuna narrativa falsa que ha surgido de manera descuidada e imprudente en las redes sociales\u201d. Seg\u00fan el grupo de medios, la decisi\u00f3n de concluir los v\u00ednculos laborales con Michael de Adder se hab\u00eda tomado antes de que se difundiera el dibujo, y la raz\u00f3n fue volver a contar con los servicios de otro vi\u00f1etista. \u201cDe hecho, el se\u00f1or de Adder ni siquiera ofreci\u00f3 esa caricatura al grupo\u201d, precis\u00f3 la compa\u00f1\u00eda en un comunicado. Este lunes,\u00a0<a style=\"font-style: inherit;color: #016ca2\" href=\"https:\/\/twitter.com\/deadder?lang=es\" target=\"_blank\">Michael De Adder coment\u00f3 \u2014nuevamente v\u00eda Twitter\u2014<\/a>\u00a0que el presidente estadounidense nunca ha sido el tema central de su trabajo. \u201cTrabajo para diarios canadienses as\u00ed que no hay necesidad de cubrir a Trump 24 horas de cada d\u00eda de la semana. Ahora mismo la pol\u00edtica canadiense es muy interesante\u201d, escribi\u00f3.<\/p>\n<p style=\"color: #444444\">La pol\u00e9mica desatada por el dibujo del dibujante canadiense ocurre en momentos en que\u00a0<em>The New York Times<\/em>\u00a0ha dejado de presentar caricaturas pol\u00edticas en su edici\u00f3n internacional, adem\u00e1s de haber concluido sus v\u00ednculos con Patrick Chapatte y Heng Kim Song, dos dibujantes de reconocida trayectoria. La decisi\u00f3n, tomada a principios de junio, ha sido considerada como \u201cpuritana\u201d por diversos expertos y lectores del peri\u00f3dico, y se dio a ra\u00edz de la publicaci\u00f3n de una caricatura que ha sido asociada con el antisemitismo. En la imagen, Benjamin Netanyahu, primer ministro israel\u00ed, aparec\u00eda representado como un perro que Donald Trump paseaba, en calidad de invidente.<\/p>\n<p style=\"color: #444444\">En febrero de este a\u00f1o, De Adder se disculp\u00f3 por una caricatura considerada como ofensiva por varios lectores. En el dibujo estaba el primer ministro canadiense, Justin Trudeau, con Jody Wilson-Raybould, exministra de Justicia, en un ring de boxeo. La obra hac\u00eda referencia al esc\u00e1ndalo SNC-Lavalin, donde a Trudeau y varios de sus allegados se les atribuy\u00f3 la voluntad de intervenir en decisiones judiciales para que la firma de ingenier\u00eda evitara un juicio por sobornos a funcionarios libios. En la vi\u00f1eta, Wilson-Raybould aparec\u00eda sentada y maniatada, esperando que Trudeau le propinara una paliza. \u201cLa vida es aprender de tus errores y yo comet\u00ed uno\u201d, indic\u00f3 Michael de Adder en esos d\u00edas. No obstante, resulta muy improbable que haga lo propio con el dibujo de Trump.<\/p>\n","protected":false},"excerpt":{"rendered":"<p>Brunswick News prescinde de Michael de Adder tras hacerse viral un dibujo cr\u00edtico con la pol\u00edtica migratoria del presidente de EE UU<\/p>\n","protected":false},"author":5842,"featured_media":0,"comment_status":"open","ping_status":"open","sticky":false,"template":"","format":"standard","meta":{"footnotes":""},"categories":[21,11191],"tags":[],"class_list":["post-482495","post","type-post","status-publish","format-standard","hentry","category-canada","category-top-news"],"_links":{"self":[{"href":"https:\/\/diarioelpopular.com\/index.php\/wp-json\/wp\/v2\/posts\/482495","targetHints":{"allow":["GET"]}}],"collection":[{"href":"https:\/\/diarioelpopular.com\/index.php\/wp-json\/wp\/v2\/posts"}],"about":[{"href":"https:\/\/diarioelpopular.com\/index.php\/wp-json\/wp\/v2\/types\/post"}],"author":[{"embeddable":true,"href":"https:\/\/diarioelpopular.com\/index.php\/wp-json\/wp\/v2\/users\/5842"}],"replies":[{"embeddable":true,"href":"https:\/\/diarioelpopular.com\/index.php\/wp-json\/wp\/v2\/comments?post=482495"}],"version-history":[{"count":2,"href":"https:\/\/diarioelpopular.com\/index.php\/wp-json\/wp\/v2\/posts\/482495\/revisions"}],"predecessor-version":[{"id":482518,"href":"https:\/\/diarioelpopular.com\/index.php\/wp-json\/wp\/v2\/posts\/482495\/revisions\/482518"}],"wp:attachment":[{"href":"https:\/\/diarioelpopular.com\/index.php\/wp-json\/wp\/v2\/media?parent=482495"}],"wp:term":[{"taxonomy":"category","embeddable":true,"href":"https:\/\/diarioelpopular.com\/index.php\/wp-json\/wp\/v2\/categories?post=482495"},{"taxonomy":"post_tag","embeddable":true,"href":"https:\/\/diarioelpopular.com\/index.php\/wp-json\/wp\/v2\/tags?post=482495"}],"curies":[{"name":"wp","href":"https:\/\/api.w.org\/{rel}","templated":true}]}}