{"id":482587,"date":"2019-07-09T18:23:19","date_gmt":"2019-07-09T22:23:19","guid":{"rendered":"http:\/\/diarioelpopular.com\/?p=482587"},"modified":"2019-07-09T18:23:19","modified_gmt":"2019-07-09T22:23:19","slug":"fantasia-2019","status":"publish","type":"post","link":"https:\/\/diarioelpopular.com\/index.php\/2019\/07\/09\/fantasia-2019\/","title":{"rendered":"FANTASIA 2019"},"content":{"rendered":"<div id=\"attachment_482588\" style=\"width: 570px\" class=\"wp-caption aligncenter\"><a href=\"https:\/\/diarioelpopular.com\/wp-content\/uploads\/2019\/07\/SADAKO.jpg\"><img loading=\"lazy\" decoding=\"async\" aria-describedby=\"caption-attachment-482588\" class=\"size-large wp-image-482588\" src=\"https:\/\/diarioelpopular.com\/wp-content\/uploads\/2019\/07\/SADAKO-560x314.jpg\" alt=\"SADAKO\" width=\"560\" height=\"314\" \/><\/a><p id=\"caption-attachment-482588\" class=\"wp-caption-text\">SADAKO<\/p><\/div>\n<p><strong>Cr\u00f3nica de Jorge Gutman<\/strong><\/p>\n<p><strong>\u00a0<\/strong>Desde el 11 de Julio hasta el 1 de Agosto inclusive se desarrollar\u00e1 en Montreal la vig\u00e9sima tercera edici\u00f3n de <strong>Fantasia<\/strong>. Este festival de cine fant\u00e1stico concita anualmente la atenci\u00f3n de artistas, profesionales de la industria y muy en especial la de un p\u00fablico que supera los 100.000 espectadores dispuestos a disfrutar de su diversificada programaci\u00f3n. Si bien en su comienzo han sido los filmes de horror y de ciencia ficci\u00f3n los que nutr\u00edan a esta muestra, a trav\u00e9s de los a\u00f1os este cine de g\u00e9nero se ha diversificado; es as\u00ed que el drama psicol\u00f3gico, la comedia sofisticada, relatos de humor negro y bizarro, documentales ilustrando la vasta gama vinculada con la cultura popular y la contracultura como tambi\u00e9n obras marginales audaces que no temen afrontar riesgos, integran la ecl\u00e9ctica programaci\u00f3n que en esta edici\u00f3n est\u00e1 conformada por 134 largometrajes provenientes de m\u00e1s de 25 pa\u00edses.<\/p>\n<p>&nbsp;<\/p>\n<p>He aqu\u00ed una lista de filmes que ser\u00e1n proyectados en los primeros d\u00edas del festival.<\/p>\n<p>&nbsp;<\/p>\n<p>La pel\u00edcula inaugural es <strong>SADAKO<\/strong> (Jap\u00f3n) del director Hideo Nakata presentado en car\u00e1cter de primicia norteamericana. Su tema gira en torno de las extra\u00f1as peripecias que atraviesa una consejera psicol\u00f3gica que atiende en un hospital a una joven chica que sufre de total amnesia\u00a0\u00a0 y que est\u00e1 dotada de poderes paranormales.<\/p>\n<p>&nbsp;<\/p>\n<p><strong>THE ART OF SELF-DEFENSE<\/strong> (Estados Unidos) ha sido escrito y dirigido por Riley Stearns con un elenco encabezado por Jesse Eisenberg, Alessandro Nivola e Imogen Poots; este perturbador relato gira en torno de un inofensivo joven que decide seguir cursos de karate a fin de evitar ser agredido.<\/p>\n<p>&nbsp;<\/p>\n<p>En <strong>SONS OF DENMARK <\/strong>(Dinamarca) se aborda el inquietante tema de la islamofobia. El realizador Ulaa Salim vali\u00e9ndose de su propio gui\u00f3n ilustra la forma en que el extremismo violento ejercido por una organizaci\u00f3n ultraderechista solo sirve para generar m\u00e1s violencia en el marco de un c\u00edrculo vicioso donde nadie resulta indemne.<\/p>\n<div id=\"attachment_482589\" style=\"width: 570px\" class=\"wp-caption aligncenter\"><a href=\"https:\/\/diarioelpopular.com\/wp-content\/uploads\/2019\/07\/SONS-OF-DENMARK.jpg\"><img loading=\"lazy\" decoding=\"async\" aria-describedby=\"caption-attachment-482589\" class=\"size-large wp-image-482589\" src=\"https:\/\/diarioelpopular.com\/wp-content\/uploads\/2019\/07\/SONS-OF-DENMARK-560x315.jpg\" alt=\"SONS OF DENMARK\" width=\"560\" height=\"315\" \/><\/a><p id=\"caption-attachment-482589\" class=\"wp-caption-text\">SONS OF DENMARK<\/p><\/div>\n<p>&nbsp;<\/p>\n<p>En <strong>LITTLE MONSTERS<\/strong> (Australia) el realizador y guionista Abe Forsythe narra las peripecias vividas por un aspirante a m\u00fasico sin gran porvenir y la maestra de su sobrino liderando a un grupo de ni\u00f1os en un viaje escolar en plena epidemia de zombies; los roles principales est\u00e1n a cargo de Lupita Nyong&#8217;o, Alexander England y Josh Gad.<\/p>\n<p>&nbsp;<\/p>\n<p>Otro t\u00edtulo que despierta inter\u00e9s es <strong>VIVARIUM <\/strong> (Irlanda-B\u00e9lgica-Dinamarca) que fue muy bien acogido en la Semana de la Cr\u00edtica de Cannes 2019; protagonizado por Jesse Eisenberg (quien estar\u00e1 presente para su exhibici\u00f3n) e Imogen Poots, este film de ciencia ficci\u00f3n del director irland\u00e9s Lorcan Finnegan narra las desventuras de Gemma y Tom, una joven pareja en procura de adquirir su primera casa con la ayuda de un misterioso agente de bienes ra\u00edces; cuando al llegar a un nuevo desarrollo urban\u00edstico el corredor inmobiliario los abandona, la pareja queda atrapada sin encontrar la forma de salir del lugar.<\/p>\n<p>&nbsp;<\/p>\n<p>En primicia mundial se proyectar\u00e1 <strong>JADE&#8217;S ASYLUM<\/strong> (Canad\u00e1) del director y guionista Alexandre Carri\u00e8re con la actuaci\u00f3n de Morgan Kohan, Roc Lafortune y Sebastian Piggott; se anticipa como un film de horror psicol\u00f3gico que a trav\u00e9s de una cronolog\u00eda fracturada y un montaje singular, el relato se adentra en la psiquis inestable de su protagonista, entre recuerdos y alucinaciones.<\/p>\n<div id=\"attachment_482590\" style=\"width: 570px\" class=\"wp-caption aligncenter\"><a href=\"https:\/\/diarioelpopular.com\/wp-content\/uploads\/2019\/07\/JADES-ASYLUM.png\"><img loading=\"lazy\" decoding=\"async\" aria-describedby=\"caption-attachment-482590\" class=\"size-large wp-image-482590\" src=\"https:\/\/diarioelpopular.com\/wp-content\/uploads\/2019\/07\/JADES-ASYLUM-560x315.png\" alt=\"JADE'S ASYLUM\" width=\"560\" height=\"315\" \/><\/a><p id=\"caption-attachment-482590\" class=\"wp-caption-text\">JADE&#8217;S ASYLUM<\/p><\/div>\n<p>&nbsp;<\/p>\n<p>Yuya Ishii es el realizador de la fant\u00e1stica historia <strong>ALMOST A MIRACLE<\/strong> (Jap\u00f3n) protagonizada por Kanata Hosoda. El relato presenta el extra\u00f1o caso de un joven estudiante de educaci\u00f3n media que si bien est\u00e1 incapacitado para concentrarse en sus estudios o bien para cualquier actividad de tipo deportivo, un rasgo de su personalidad lo impulsa a ayudar a todos los que lo rodean, a veces en su propio detrimento; por ese motivo recibe el sobrenombre de &#8220;Jesucristo&#8221;.<\/p>\n<p>&nbsp;<\/p>\n<p>Uno de los importantes eventos de esta muestra es la celebraci\u00f3n del 45\u00b0 aniversario del estreno de <strong>PHANTOM OF THE PARADISE <\/strong>(Estados Unidos) del realizador Brian De Palma. Para tal ocasi\u00f3n estar\u00e1n presentes Paul Williams, actor y compositor del film, as\u00ed como su productor Edward R. Pressman quien recibir\u00e1 un premio de carrera honor\u00edfica; paralelamente Pressman ofrecer\u00e1 una clase magistral sobre su trayectoria profesional.<\/p>\n<p>&nbsp;<\/p>\n<p>Un relato de acci\u00f3n y suspenso es T<strong>HE GANGSTER, THE COP, THE DEVIL <\/strong>(Corea del Sur) del realizador y guionista Lee Won-Tae que tuvo su estreno mundial en la Selecci\u00f3n Oficial de Cannes 2019; su trama gira en torno de un malhechor y un polic\u00eda que por diferentes razones deciden unir sus fuerzas con el prop\u00f3sito de atrapar a un peligroso asesino.<\/p>\n<div id=\"attachment_482591\" style=\"width: 570px\" class=\"wp-caption aligncenter\"><a href=\"https:\/\/diarioelpopular.com\/wp-content\/uploads\/2019\/07\/THE-GANGSTER-THE-COP-THE-DEVIL.jpg\"><img loading=\"lazy\" decoding=\"async\" aria-describedby=\"caption-attachment-482591\" class=\"size-large wp-image-482591\" src=\"https:\/\/diarioelpopular.com\/wp-content\/uploads\/2019\/07\/THE-GANGSTER-THE-COP-THE-DEVIL-560x373.jpg\" alt=\"THE GANGSTER, THE COP, THE DEVIL\" width=\"560\" height=\"373\" \/><\/a><p id=\"caption-attachment-482591\" class=\"wp-caption-text\">THE GANGSTER, THE COP, THE DEVIL<\/p><\/div>\n<p>&nbsp;<\/p>\n<p><strong>COME TO DADDY<\/strong> (Nueva Zelandia-Canad\u00e1-Irlanda) es una comedia negra que tuvo excelente acogida en el Festival de Tribeca 2019. Escrita y dirigida por Ant Timpson e interpretada por Elijah Wood, Stephen McHattie y Garfield Wilson, la pel\u00edcula se caracteriza por su mezcla gen\u00e9rica donde comenzando en tono amable abordando a una familia desunida que intenta reconectarse, inmediatamente cambio de foco al adoptar inesperadas aristas sangrientas.<\/p>\n<div id=\"attachment_482592\" style=\"width: 310px\" class=\"wp-caption aligncenter\"><a href=\"https:\/\/diarioelpopular.com\/wp-content\/uploads\/2019\/07\/COME-TO-DADDY.jpg\"><img loading=\"lazy\" decoding=\"async\" aria-describedby=\"caption-attachment-482592\" class=\"size-full wp-image-482592\" src=\"https:\/\/diarioelpopular.com\/wp-content\/uploads\/2019\/07\/COME-TO-DADDY.jpg\" alt=\"COME TO DADDY\" width=\"300\" height=\"168\" \/><\/a><p id=\"caption-attachment-482592\" class=\"wp-caption-text\">COME TO DADDY<\/p><\/div>\n<p>&nbsp;<\/p>\n<p>&nbsp;<\/p>\n<p>El p\u00fablico tendr\u00e1 la ocasi\u00f3n de apreciar el estreno mundial de <strong>L&#8217;INQUI\u00c9TANTE ABSCENCE <\/strong>(Canad\u00e1) de F\u00e9lix Brassard y Amir Belkaim. A trav\u00e9s de una docena de entrevistas de importantes de cineastas de Quebec este documental examina el estado actual de los filmes de g\u00e9nero realizados en esta provincia.<\/p>\n<p>&nbsp;<\/p>\n<p>El actor japon\u00e9s Kim Yoon-seok se ubica por primera vez detr\u00e1s de la c\u00e1mara en <strong>ANOTHER CHILD<\/strong> (Corea del Sur). Seg\u00fan se anuncia, el novel realizador ofrece un relato inici\u00e1tico y feminista caracterizado por su riqueza narrativa, fineza y sensibilidad.<\/p>\n<p>.<\/p>\n<p>En primicia para Am\u00e9rica del Norte se ver\u00e1 <strong>ASTRONAUT <\/strong>(Canad\u00e1), \u00f3pera prima de Shelagh McLeod quien es tambi\u00e9n autora del gui\u00f3n. Interpretado por Richard Dreyfuss, Colm Feore y Graham Greene, el relato gira en torno de un ingeniero civil jubilado de 75 a\u00f1os de edad que con su precaria salud lo que m\u00e1s anhela es efectuar un viaje espacial y sentir que puede tocar las estrellas; esa oportunidad se le presenta cuando un multimillonario se apresta a lanzar el primer vuelo comercial en el espacio y ofrece a un ciudadano com\u00fan un lugar a bordo de su aparato. A trav\u00e9s de un cuento de hadas aunque a la vez realista, el film explora algunas facetas de la experiencia de vida, el amor y el poder que emana del indisoluble lazo de la familia.<\/p>\n<div id=\"attachment_482593\" style=\"width: 560px\" class=\"wp-caption aligncenter\"><a href=\"https:\/\/diarioelpopular.com\/wp-content\/uploads\/2019\/07\/ASTRONAUT.jpg\"><img loading=\"lazy\" decoding=\"async\" aria-describedby=\"caption-attachment-482593\" class=\"size-full wp-image-482593\" src=\"https:\/\/diarioelpopular.com\/wp-content\/uploads\/2019\/07\/ASTRONAUT.jpg\" alt=\"ASTRONAUT\" width=\"550\" height=\"377\" \/><\/a><p id=\"caption-attachment-482593\" class=\"wp-caption-text\">ASTRONAUT<\/p><\/div>\n<p>&nbsp;<\/p>\n<p>Con la intenci\u00f3n de que la poblaci\u00f3n menuda tenga la oportunidad de asistir a <strong>Fantasia<\/strong>, el Festival incluye por primera vez un ciclo denominado <strong>Mon Premier Fantasia<\/strong>. Esta muestra comprendeun ciclo de proyecciones gratuitas de cortometrajes de dibujos animados que ser\u00e1n exhibidos los d\u00edas 13,18, 20, 25 y 27 de Julio a las 13 y 15 horas en la sala Armand Bombardier del Museo McCord de Montreal.<\/p>\n<p>&nbsp;<\/p>\n<p>Para una informaci\u00f3n sobre la completa programaci\u00f3n, horarios y lugares de exhibici\u00f3n de los filmes, as\u00ed como homenajes especiales, lista de invitados, clases magistrales y otras actividades vinculadas con este evento, el sitio a consultar es <strong>fantasiafestival.com<\/strong><\/p>\n<p>&nbsp;<\/p>\n<p><em>Nota: La presente cr\u00f3nica de ning\u00fan modo constituye una evaluaci\u00f3n cr\u00edtica sobre los filmes mencionados puesto que los comentarios se han basado en las informaciones contenidas en el cat\u00e1logo del festival.<\/em><\/p>\n","protected":false},"excerpt":{"rendered":"<p>Desde el 11 de Julio hasta el 1 de Agosto inclusive se desarrollar\u00e1 en Montreal la vig\u00e9sima tercera edici\u00f3n de Fantasia.<\/p>\n","protected":false},"author":5842,"featured_media":0,"comment_status":"open","ping_status":"open","sticky":false,"template":"","format":"standard","meta":{"footnotes":""},"categories":[21,80],"tags":[],"class_list":["post-482587","post","type-post","status-publish","format-standard","hentry","category-canada","category-cine-2"],"_links":{"self":[{"href":"https:\/\/diarioelpopular.com\/index.php\/wp-json\/wp\/v2\/posts\/482587","targetHints":{"allow":["GET"]}}],"collection":[{"href":"https:\/\/diarioelpopular.com\/index.php\/wp-json\/wp\/v2\/posts"}],"about":[{"href":"https:\/\/diarioelpopular.com\/index.php\/wp-json\/wp\/v2\/types\/post"}],"author":[{"embeddable":true,"href":"https:\/\/diarioelpopular.com\/index.php\/wp-json\/wp\/v2\/users\/5842"}],"replies":[{"embeddable":true,"href":"https:\/\/diarioelpopular.com\/index.php\/wp-json\/wp\/v2\/comments?post=482587"}],"version-history":[{"count":1,"href":"https:\/\/diarioelpopular.com\/index.php\/wp-json\/wp\/v2\/posts\/482587\/revisions"}],"predecessor-version":[{"id":482594,"href":"https:\/\/diarioelpopular.com\/index.php\/wp-json\/wp\/v2\/posts\/482587\/revisions\/482594"}],"wp:attachment":[{"href":"https:\/\/diarioelpopular.com\/index.php\/wp-json\/wp\/v2\/media?parent=482587"}],"wp:term":[{"taxonomy":"category","embeddable":true,"href":"https:\/\/diarioelpopular.com\/index.php\/wp-json\/wp\/v2\/categories?post=482587"},{"taxonomy":"post_tag","embeddable":true,"href":"https:\/\/diarioelpopular.com\/index.php\/wp-json\/wp\/v2\/tags?post=482587"}],"curies":[{"name":"wp","href":"https:\/\/api.w.org\/{rel}","templated":true}]}}