{"id":482914,"date":"2019-08-08T08:57:13","date_gmt":"2019-08-08T12:57:13","guid":{"rendered":"http:\/\/diarioelpopular.com\/?p=482914"},"modified":"2019-08-10T15:34:29","modified_gmt":"2019-08-10T19:34:29","slug":"la-policia-montada-de-canada-halla-los-cadaveres-de-dos-jovenes-sospechosos-de-tres-asesinatos","status":"publish","type":"post","link":"https:\/\/diarioelpopular.com\/index.php\/2019\/08\/08\/la-policia-montada-de-canada-halla-los-cadaveres-de-dos-jovenes-sospechosos-de-tres-asesinatos\/","title":{"rendered":"La Polic\u00eda Montada de Canad\u00e1 halla los cad\u00e1veres de dos j\u00f3venes sospechosos de tres asesinatos"},"content":{"rendered":"<div id=\"cuerpo_noticia\" class=\"articulo-cuerpo\" style=\"color: #444444\">\n<p style=\"font-style: inherit\">La Polic\u00eda Montada de Canad\u00e1 ha localizado\u00a0este mi\u00e9rcoles dos cuerpos en una remota localidad del centro del pa\u00eds que cree que corresponden a los de\u00a0<a style=\"font-style: inherit;color: #016ca2\" href=\"https:\/\/elpais.com\/internacional\/2019\/07\/25\/america\/1564069643_916406.html\">dos fugitivos acusados de tres asesinatos y<\/a>\u00a0<a style=\"font-style: inherit;color: #016ca2\" href=\"https:\/\/elpais.com\/internacional\/2019\/07\/25\/america\/1564069643_916406.html\">que eran objeto de una amplia b\u00fasqueda<\/a>. En una rueda de prensa, la Polic\u00eda Montada inform\u00f3 de que la identificaci\u00f3n oficial est\u00e1 a la espera de que se realicen autopsias a los doscad\u00e1veres, pero que las autoridades est\u00e1n seguras de que se trata de Bryer Schmegelsky, de 18 a\u00f1os, y Kam McLeod, de 19.<\/p>\n<p>Los dos j\u00f3venes estaban acusados del asesinato a mediados de julio en la provincia de Columbia Brit\u00e1nica, en la costa del Pac\u00edfico de Canad\u00e1, de una pareja de turistas, la estadounidense Chynna Deese, de 24 a\u00f1os, y el australiano Lucas Fowler, de 23, as\u00ed como del experto bot\u00e1nico Leonard<br \/>\nDyck, de 64 a\u00f1os.<\/p>\n<p>&#8220;Esta ma\u00f1ana, aproximadamente a las 10.00 (17.00 en Espa\u00f1a), agentes de la Polic\u00eda Montada localizaron los cuerpos de dos varones en una zona de densa vegetaci\u00f3n&#8221;, explic\u00f3 en una conferencia de prensa la responsable de la Polic\u00eda Montada en la provincia de Manitoba, Jane MacLatchy. Seg\u00fan su testimonio, los cuerpos supuestamente de Schmegelsky y McLeod fueron localizados en las cercan\u00edas de la localidad de Gillam, en el centro del pa\u00eds, y a unos ocho kil\u00f3metros de donde el pasado 24 de julio la Polic\u00eda descubri\u00f3 el veh\u00edculo calcinado de los dos fugitivos. &#8220;En estos momentos, creemos que son los cuerpos de los dos sospechosos buscados en conexi\u00f3n con los asesinatos en Columbia Brit\u00e1nica. La autopsia ha sido programada para confirmar las identidades y las causas de la muerte&#8221;, a\u00f1adi\u00f3.<\/p>\n<p>Aunque la Polic\u00eda hab\u00eda desplegado una intensa b\u00fasqueda de Schmegelsky y McLeod en torno a Gillam desde el pasado 24 de julio, en el que participaron\u00a0centenares de agentes y personal militar, la operaci\u00f3n no dio resultado y las autoridades especularon que los dos fugitivos hab\u00edan escapado de la zona. Pero este martes el descubrimiento de objetos pertenecientes a los dos sospechosos en las orillas del r\u00edo Nelson, a solo un kil\u00f3metro de donde hoy se localizaron los cuerpos, ofreci\u00f3 la pista definitiva que ha permitido hallar los supuestos cad\u00e1veres de los dos fugitivos.<\/p>\n<\/div>\n<div class=\"articulo-trust\" style=\"color: #444444\">\n<div id=\"attachment_482915\" style=\"width: 570px\" class=\"wp-caption aligncenter\"><a href=\"https:\/\/diarioelpopular.com\/wp-content\/uploads\/2019\/08\/1565210070_058422_1565249707_noticia_fotograma.jpg\"><img loading=\"lazy\" decoding=\"async\" aria-describedby=\"caption-attachment-482915\" class=\"size-large wp-image-482915\" src=\"https:\/\/diarioelpopular.com\/wp-content\/uploads\/2019\/08\/1565210070_058422_1565249707_noticia_fotograma-560x315.jpg\" alt=\"magen presentada por la Polic\u00eda Montada de Canad\u00e1 con las fotograf\u00edas de Kam McLeod y Bryer Schmegelsky, los dos sospechosos de tres asesinatos y cuyos cad\u00e1veres se han encontrado este mi\u00e9rcoles.\" width=\"560\" height=\"315\" \/><\/a><p id=\"caption-attachment-482915\" class=\"wp-caption-text\">magen presentada por la Polic\u00eda Montada de Canad\u00e1 con las fotograf\u00edas de Kam McLeod y Bryer Schmegelsky, los dos sospechosos de tres asesinatos y cuyos cad\u00e1veres se han encontrado este mi\u00e9rcoles.<\/p><\/div>\n<\/div>\n","protected":false},"excerpt":{"rendered":"<p>Bryer Schmegelsky, de 18 a\u00f1os, y Kam McLeod, de 19, eran buscados por terminar supuestamente con la vida de una pareja de turistas y de una tercera persona a mediados de julio<\/p>\n","protected":false},"author":5842,"featured_media":0,"comment_status":"open","ping_status":"open","sticky":false,"template":"","format":"standard","meta":{"footnotes":""},"categories":[21,11191],"tags":[],"class_list":["post-482914","post","type-post","status-publish","format-standard","hentry","category-canada","category-top-news"],"_links":{"self":[{"href":"https:\/\/diarioelpopular.com\/index.php\/wp-json\/wp\/v2\/posts\/482914","targetHints":{"allow":["GET"]}}],"collection":[{"href":"https:\/\/diarioelpopular.com\/index.php\/wp-json\/wp\/v2\/posts"}],"about":[{"href":"https:\/\/diarioelpopular.com\/index.php\/wp-json\/wp\/v2\/types\/post"}],"author":[{"embeddable":true,"href":"https:\/\/diarioelpopular.com\/index.php\/wp-json\/wp\/v2\/users\/5842"}],"replies":[{"embeddable":true,"href":"https:\/\/diarioelpopular.com\/index.php\/wp-json\/wp\/v2\/comments?post=482914"}],"version-history":[{"count":2,"href":"https:\/\/diarioelpopular.com\/index.php\/wp-json\/wp\/v2\/posts\/482914\/revisions"}],"predecessor-version":[{"id":482957,"href":"https:\/\/diarioelpopular.com\/index.php\/wp-json\/wp\/v2\/posts\/482914\/revisions\/482957"}],"wp:attachment":[{"href":"https:\/\/diarioelpopular.com\/index.php\/wp-json\/wp\/v2\/media?parent=482914"}],"wp:term":[{"taxonomy":"category","embeddable":true,"href":"https:\/\/diarioelpopular.com\/index.php\/wp-json\/wp\/v2\/categories?post=482914"},{"taxonomy":"post_tag","embeddable":true,"href":"https:\/\/diarioelpopular.com\/index.php\/wp-json\/wp\/v2\/tags?post=482914"}],"curies":[{"name":"wp","href":"https:\/\/api.w.org\/{rel}","templated":true}]}}