{"id":483123,"date":"2019-08-31T01:10:09","date_gmt":"2019-08-31T05:10:09","guid":{"rendered":"http:\/\/diarioelpopular.com\/?p=483123"},"modified":"2019-09-04T10:17:45","modified_gmt":"2019-09-04T14:17:45","slug":"prohibicion-de-los-telefonos-celulares-para-los-estudiantes-de-ontario-comenzara-2-meses-despues-del-ano-escolar","status":"publish","type":"post","link":"https:\/\/diarioelpopular.com\/index.php\/2019\/08\/31\/prohibicion-de-los-telefonos-celulares-para-los-estudiantes-de-ontario-comenzara-2-meses-despues-del-ano-escolar\/","title":{"rendered":"Prohibici\u00f3n de los tel\u00e9fonos celulares para los estudiantes de Ontario comenzar\u00e1 2 meses despu\u00e9s del a\u00f1o escolar"},"content":{"rendered":"<div id=\"attachment_483124\" style=\"width: 310px\" class=\"wp-caption aligncenter\"><a href=\"https:\/\/diarioelpopular.com\/wp-content\/uploads\/2019\/08\/image1.jpg\"><img loading=\"lazy\" decoding=\"async\" aria-describedby=\"caption-attachment-483124\" class=\"size-full wp-image-483124\" src=\"https:\/\/diarioelpopular.com\/wp-content\/uploads\/2019\/08\/image1.jpg\" alt=\"Un menor sostiene un tel\u00e9fono celular en esta foto de archivo.\" width=\"300\" height=\"168\" \/><\/a><p id=\"caption-attachment-483124\" class=\"wp-caption-text\">Un menor sostiene un tel\u00e9fono celular en esta foto de archivo.<\/p><\/div>\n<p><strong><em>TORONTO.-<\/em> <\/strong>A partir del 4 de noviembre, el uso de dispositivos m\u00f3viles personales dentro de las aulas en toda la provincia estar\u00e1 restringido durante el &#8220;tiempo de instrucci\u00f3n&#8221;, anunci\u00f3 este jueves el gobierno conservador.<\/p>\n<p>&#8220;Cuando est\u00e9n en clase, los estudiantes deben centrarse en sus estudios, no en sus redes sociales&#8221;, dijo el ministro de Educaci\u00f3n Stephen Lecce.<\/p>\n<p>&#8220;Es por eso que estamos restringiendo los tel\u00e9fonos celulares y otros dispositivos m\u00f3viles personales en el aula, al tiempo que nos aseguramos de que haya tecnolog\u00eda disponible para ayudar a los estudiantes a alcanzar el \u00e9xito en la econom\u00eda digital y la fuerza laboral moderna&#8221;.<\/p>\n<p>El gobierno de Ontario agreg\u00f3 que se har\u00e1n excepciones a la prohibici\u00f3n si &#8220;se requieren tel\u00e9fonos celulares para fines m\u00e9dicos y de salud, para apoyar necesidades de educaci\u00f3n especial o para fines educativos seg\u00fan lo indique un educador&#8221;.<\/p>\n<p>El gobierno dijo que el 97 por ciento de los padres, estudiantes y maestros, que participaron en una consulta de reforma educativa en el oto\u00f1o de 2018, dijeron que el uso del tel\u00e9fono celular deber\u00eda estar restringido de alguna manera.<\/p>\n<p>Anteriormente, la Junta Escolar del Distrito de Toronto abandon\u00f3 una pol\u00edtica de prohibici\u00f3n de tel\u00e9fonos celulares implementada en 2011 despu\u00e9s de que los funcionarios determinaron que era casi imposible hacer cumplir.<\/p>\n<p>&#8220;Tal vez en la clase de matem\u00e1ticas lo est\u00e9 usando simplemente como una calculadora, tal vez en la clase de historia lo est\u00e9 usando para investigaci\u00f3n, tiene sentido&#8221;, dijo un portavoz de la junta escolar, Ryan Bird, a principios de este a\u00f1o. &#8220;Pero, una distracci\u00f3n es una distracci\u00f3n, independientemente de si es un tel\u00e9fono celular o no&#8221;.<\/p>\n","protected":false},"excerpt":{"rendered":"<p>Una prohibici\u00f3n de tel\u00e9fonos celulares para estudiantes en todo Ontario entrar\u00e1 en vigencia dos meses despu\u00e9s del pr\u00f3ximo a\u00f1o escolar.<\/p>\n","protected":false},"author":5842,"featured_media":0,"comment_status":"open","ping_status":"open","sticky":false,"template":"","format":"standard","meta":{"footnotes":""},"categories":[21,11191],"tags":[],"class_list":["post-483123","post","type-post","status-publish","format-standard","hentry","category-canada","category-top-news"],"_links":{"self":[{"href":"https:\/\/diarioelpopular.com\/index.php\/wp-json\/wp\/v2\/posts\/483123","targetHints":{"allow":["GET"]}}],"collection":[{"href":"https:\/\/diarioelpopular.com\/index.php\/wp-json\/wp\/v2\/posts"}],"about":[{"href":"https:\/\/diarioelpopular.com\/index.php\/wp-json\/wp\/v2\/types\/post"}],"author":[{"embeddable":true,"href":"https:\/\/diarioelpopular.com\/index.php\/wp-json\/wp\/v2\/users\/5842"}],"replies":[{"embeddable":true,"href":"https:\/\/diarioelpopular.com\/index.php\/wp-json\/wp\/v2\/comments?post=483123"}],"version-history":[{"count":1,"href":"https:\/\/diarioelpopular.com\/index.php\/wp-json\/wp\/v2\/posts\/483123\/revisions"}],"predecessor-version":[{"id":483125,"href":"https:\/\/diarioelpopular.com\/index.php\/wp-json\/wp\/v2\/posts\/483123\/revisions\/483125"}],"wp:attachment":[{"href":"https:\/\/diarioelpopular.com\/index.php\/wp-json\/wp\/v2\/media?parent=483123"}],"wp:term":[{"taxonomy":"category","embeddable":true,"href":"https:\/\/diarioelpopular.com\/index.php\/wp-json\/wp\/v2\/categories?post=483123"},{"taxonomy":"post_tag","embeddable":true,"href":"https:\/\/diarioelpopular.com\/index.php\/wp-json\/wp\/v2\/tags?post=483123"}],"curies":[{"name":"wp","href":"https:\/\/api.w.org\/{rel}","templated":true}]}}