{"id":483434,"date":"2019-09-27T01:10:32","date_gmt":"2019-09-27T05:10:32","guid":{"rendered":"http:\/\/diarioelpopular.com\/?p=483434"},"modified":"2019-10-02T15:46:54","modified_gmt":"2019-10-02T19:46:54","slug":"los-lideres-de-partidos-se-dispersan-de-la-isla-de-vancouver-a-montreal-cuando-comienza-la-tercera-semanas-de-campana-semana","status":"publish","type":"post","link":"https:\/\/diarioelpopular.com\/index.php\/2019\/09\/27\/los-lideres-de-partidos-se-dispersan-de-la-isla-de-vancouver-a-montreal-cuando-comienza-la-tercera-semanas-de-campana-semana\/","title":{"rendered":"Los l\u00edderes de partidos se dispersan de la isla de Vancouver a Montreal cuando comienza la tercera semanas de campa\u00f1a Semana"},"content":{"rendered":"<div id=\"attachment_483435\" style=\"width: 570px\" class=\"wp-caption aligncenter\"><a href=\"https:\/\/diarioelpopular.com\/wp-content\/uploads\/2019\/09\/NSD10121050.jpg\"><img loading=\"lazy\" decoding=\"async\" aria-describedby=\"caption-attachment-483435\" class=\"size-large wp-image-483435\" src=\"https:\/\/diarioelpopular.com\/wp-content\/uploads\/2019\/09\/NSD10121050-560x415.jpg\" alt=\"El l\u00edder conservador federal Andrew Scheer hace una parada de campa\u00f1a en Thorold, Ontario, este 24 de septiembre de 2019.\" width=\"560\" height=\"415\" \/><\/a><p id=\"caption-attachment-483435\" class=\"wp-caption-text\">El l\u00edder conservador federal Andrew Scheer hace una parada de campa\u00f1a en Thorold, Ontario, este 24 de septiembre de 2019.<\/p><\/div>\n<p><em>MONTREAl.-<\/em> Scheer hizo anuncio en Jarry Park de esta ciudad y luego en el resto de la ciudad con candidatos conservadores en lo que hist\u00f3ricamente ha estado entre las circunscripciones liberales m\u00e1s seguras de la ciudad: Mount Royal y Saint-Leonard-Saint-Michel.<\/p>\n<p>Mount Royal ha votado por los liberales en todas las elecciones desde 1940; fue la sede del padre del l\u00edder liberal Justin Trudeau, Pierre, durante casi 20 a\u00f1os.<\/p>\n<p>Saint-Leonard-Saint-Michel ha elegido liberales desde su creaci\u00f3n en la d\u00e9cada de 1980, aunque sus tres diputados han sido Alfonso Gagliano, un ministro derribado en el esc\u00e1ndalo de patrocinio de principios de la d\u00e9cada de 2000; Massimo Pacetti, a quien Justin Trudeau expuls\u00f3 del caucus liberal en 2014 por acusaciones de que hab\u00eda acosado a otro diputado; y Nicola Di Iorio, quien dej\u00f3 de aparecer en la C\u00e1mara de los Comunes antes de renunciar el invierno pasado.<\/p>\n<p>A\u00fan as\u00ed, los conservadores nunca han estado cerca de ganar all\u00ed.<\/p>\n<p>May habl\u00f3 sobre el papel que ve que Quebec juega en la visi\u00f3n de los Verdes de un Canad\u00e1 impulsado por energ\u00edas renovables.<\/p>\n<p>Trudeau comenz\u00f3 su d\u00eda en Sudbury, Ontario, donde realiz\u00f3 una serie de anuncios relacionados con el medio ambiente en un \u00e1rea de conservaci\u00f3n, antes de dirigirse hacia el sudeste para una concentraci\u00f3n en Peterborough, donde la ministra del gabinete Maryam Monsef est\u00e1 luchando por mantener su asiento.<\/p>\n<p>Jagmeet Singh del NDP est\u00e1 pasando un tercer d\u00eda consecutivo en Columbia Brit\u00e1nica, hablando principalmente de viviendas en eventos en la isla de Vancouver. Est\u00e1 actuando a la defensa: la isla de Vancouver es donde los Verdes ven sus mejores posibilidades de conseguir asientos, despu\u00e9s de una victoria por elecci\u00f3n sobre los Nuevos Dem\u00f3cratas en Nanaimo-Ladysmith en mayo pasado.<\/p>\n<p>Singh comenz\u00f3 en Campbell River y viaj\u00f3 luego hacia el sur hasta Nanaimo.<\/p>\n<p>Y Maxime Bernier, del Partido Popular, contin\u00faa su propio viaje a Occidente, difundiendo su mensaje populista en Calgary despu\u00e9s de pasar este mi\u00e9rcoles en Vancouver.<\/p>\n","protected":false},"excerpt":{"rendered":"<p>El l\u00edder conservador Andrew Scheer y la l\u00edder del Partido Verde Elizabeth May est\u00e1n est fin de semanas en Montreal, cuando comienza la tercera semana de la campa\u00f1a electoral federal.<\/p>\n","protected":false},"author":5842,"featured_media":0,"comment_status":"open","ping_status":"open","sticky":false,"template":"","format":"standard","meta":{"footnotes":""},"categories":[21,11191],"tags":[],"class_list":["post-483434","post","type-post","status-publish","format-standard","hentry","category-canada","category-top-news"],"_links":{"self":[{"href":"https:\/\/diarioelpopular.com\/index.php\/wp-json\/wp\/v2\/posts\/483434","targetHints":{"allow":["GET"]}}],"collection":[{"href":"https:\/\/diarioelpopular.com\/index.php\/wp-json\/wp\/v2\/posts"}],"about":[{"href":"https:\/\/diarioelpopular.com\/index.php\/wp-json\/wp\/v2\/types\/post"}],"author":[{"embeddable":true,"href":"https:\/\/diarioelpopular.com\/index.php\/wp-json\/wp\/v2\/users\/5842"}],"replies":[{"embeddable":true,"href":"https:\/\/diarioelpopular.com\/index.php\/wp-json\/wp\/v2\/comments?post=483434"}],"version-history":[{"count":1,"href":"https:\/\/diarioelpopular.com\/index.php\/wp-json\/wp\/v2\/posts\/483434\/revisions"}],"predecessor-version":[{"id":483436,"href":"https:\/\/diarioelpopular.com\/index.php\/wp-json\/wp\/v2\/posts\/483434\/revisions\/483436"}],"wp:attachment":[{"href":"https:\/\/diarioelpopular.com\/index.php\/wp-json\/wp\/v2\/media?parent=483434"}],"wp:term":[{"taxonomy":"category","embeddable":true,"href":"https:\/\/diarioelpopular.com\/index.php\/wp-json\/wp\/v2\/categories?post=483434"},{"taxonomy":"post_tag","embeddable":true,"href":"https:\/\/diarioelpopular.com\/index.php\/wp-json\/wp\/v2\/tags?post=483434"}],"curies":[{"name":"wp","href":"https:\/\/api.w.org\/{rel}","templated":true}]}}