{"id":483437,"date":"2019-09-26T11:07:27","date_gmt":"2019-09-26T15:07:27","guid":{"rendered":"http:\/\/diarioelpopular.com\/?p=483437"},"modified":"2019-10-02T15:47:25","modified_gmt":"2019-10-02T19:47:25","slug":"los-maestros-con-hijabi-en-quebec-luchan-por-encontrar-el-camino-a-seguir","status":"publish","type":"post","link":"https:\/\/diarioelpopular.com\/index.php\/2019\/09\/26\/los-maestros-con-hijabi-en-quebec-luchan-por-encontrar-el-camino-a-seguir\/","title":{"rendered":"Los maestros con hijabi en Quebec luchan por encontrar el camino a seguir"},"content":{"rendered":"<div id=\"attachment_483438\" style=\"width: 570px\" class=\"wp-caption aligncenter\"><a href=\"https:\/\/diarioelpopular.com\/wp-content\/uploads\/2019\/09\/Screen-Shot-2019-09-25-at-2.48.46-PM.png\"><img loading=\"lazy\" decoding=\"async\" aria-describedby=\"caption-attachment-483438\" class=\"size-large wp-image-483438\" src=\"https:\/\/diarioelpopular.com\/wp-content\/uploads\/2019\/09\/Screen-Shot-2019-09-25-at-2.48.46-PM-560x317.png\" alt=\"La estudiante de educaci\u00f3n de tercer a\u00f1o Ines Boudechiche todav\u00eda puede llevar legalmente su hiyab como profesora sustituta de la Comisi\u00f3n Scolaire de la Pointe-de-l'\u00c9le, pero no sabe qu\u00e9 pasar\u00e1 cuando comience su pasant\u00eda con la junta este pr\u00f3ximo invierno.\" width=\"560\" height=\"317\" \/><\/a><p id=\"caption-attachment-483438\" class=\"wp-caption-text\">La estudiante de educaci\u00f3n de tercer a\u00f1o Ines Boudechiche todav\u00eda puede llevar legalmente su hiyab como profesora sustituta de la Comisi\u00f3n Scolaire de la Pointe-de-l&#8217;\u00c9le, pero no sabe qu\u00e9 pasar\u00e1 cuando comience su pasant\u00eda con la junta este pr\u00f3ximo invierno.<\/p><\/div>\n<p><em><strong>MONTREAl.-<\/strong> <\/em>F\u00e1tima Boularhmane ya no est\u00e1 segura de d\u00f3nde acudir.<\/p>\n<p>Ella, su marido y sus hijos emigraron de Marruecos hace una d\u00e9cada, atra\u00eddos por la idea de vivir en un pa\u00eds libre y democr\u00e1tico.<\/p>\n<p>Formada como ingeniera el\u00e9ctrica, Boularhmane intent\u00f3 en vano conseguir un trabajo en su campo, incluso despu\u00e9s de que su educaci\u00f3n se evaluara de acuerdo con las normas canadienses y obtener un certificado adicional en tecnolog\u00eda de ingenier\u00eda industrial en el Colegio Ahuntsic de Montreal.<\/p>\n<p>&#8220;Las entrevistas telef\u00f3nicas ir\u00edan bien, pero cuando iba a una reuni\u00f3n, me dec\u00edan que estaba sobrecalificada&#8221;, dijo.<\/p>\n<p>Boularhmane hab\u00eda hecho algunas ense\u00f1anzas en Marruecos y, el a\u00f1o pasado, despu\u00e9s de enterarse de la escasez de maestros de Quebec, comenz\u00f3 a seguir una trayectoria profesional diferente.<\/p>\n<p>En mayo, obtuvo un trabajo como profesora de ciencias sustituta en la junta escolar m\u00e1s grande de Quebec, la Comisi\u00f3n Scolaire de Montreal (CSDM), y pronto se le ofreci\u00f3 un contrato de ense\u00f1anza a tiempo completo.<\/p>\n<p>Pero como lleva un hiyab, tuvo que rechazar el contrato.<\/p>\n<p>La ley de laicismo de Quebec, aprobada por el gobierno de la CAQ este verano, proh\u00edbe a los funcionarios en cargos de autoridad, incluidos maestros, abogados y agentes de polic\u00eda, llevar s\u00edmbolos religiosos en el trabajo.<\/p>\n<p>Boularhmane dice que el CSDM le aconsej\u00f3 que no podr\u00eda ense\u00f1ar a menos que se quitara el hiyab.<\/p>\n<p>Los maestros de Hijabi se apartaron preventivamente: Saad<\/p>\n<p>Boularhmane, que prefiri\u00f3 no que le tomaran una fotograf\u00eda, habl\u00f3 con CBC en un evento reciente organizado por laJustice Femme, una organizaci\u00f3n que apoya a las mujeres musulmanas que sufren acoso y discriminaci\u00f3n.<\/p>\n<p>El fundador de la justicia Femme, Hanadi Saad, quien organiz\u00f3 el taller para profesores que quieren saber m\u00e1s sobre la ley del laicismo, dijo que la ley es tan vaga que los consejos escolares est\u00e1n eligiendo arbitrariamente c\u00f3mo aplicarla.<\/p>\n<p>Dependiendo de la junta en la que se encuentran, &#8220;significa que los profesores est\u00e1n siendo tratados de manera diferente&#8221;, dijo Saad.<\/p>\n<p>Agrega que el CSDM ahora incluye una cl\u00e1usula en los contratos pidiendo a los nuevos empleados que atestiguen que no llevar\u00e1n un s\u00edmbolo religioso o cobertura de la cabeza, ya sea por razones religiosas o tradicionales.<\/p>\n<p>Ella dice que el efecto de la cl\u00e1usula es rechazar preventivamente a los futuros maestros antes de que incluso hayan transgredido la ley.<\/p>\n<p>&#8220;La ley es la ley. Todo el mundo tiene que seguirla. No tienen derecho a rechazar a una maestra por su velo. Hay procedimientos, sanciones a seguir [primero],&#8221; dijo Saad.<\/p>\n<p>El CSDM no devolvi\u00f3 inmediatamente la solicitud de comentario de la CBC.<\/p>\n<p><em><strong>\u00a0Contratado un mes demasiado tarde<\/strong><\/em><\/p>\n<p>La ley tambi\u00e9n ha tenido el efecto de hacer que los maestros musulmanes se sientan humillados por una costumbre que muchos han seguido toda su vida, dijo Saad.<\/p>\n<p>Boularhmane dice que ha sentido esa humillaci\u00f3n.<\/p>\n<p>&#8220;La \u00faltima vez que estuve en la escuela, fue como si todo el mundo se preguntaba si me hab\u00edan contratado antes o despu\u00e9s del 27 de marzo&#8221;, dijo.<\/p>\n<p>La fecha de contrataci\u00f3n de Boularhmane lleg\u00f3 poco m\u00e1s de un mes tarde: la ley establece que los maestros contratados antes del 27 de marzo de 2019 pueden seguir usando s\u00edmbolos religiosos, siempre y cuando no cambien de puesto de trabajo y no sean promovidos.<\/p>\n<p>Dice que la ley y sus consecuencias la han dejado en un estado de desesperaci\u00f3n.<\/p>\n<p>&#8220;Siento una especie de rabia dentro de m\u00ed&#8221;, dijo. &#8220;Lo que llevo en mi cuerpo me pertenece a m\u00ed. Es mi cuerpo, ya sea que elijo cubrirlo, usar una falda, lo que sea. No influye en otras personas&#8221;.<\/p>\n<p>&#8220;Yo ense\u00f1o ciencia, no tiene nada que ver con la religi\u00f3n&#8221;.<\/p>\n<p>El abogado William Korbatly dice que est\u00e1 animando a los maestros a documentar las formas en que sus respectivos consejos escolares tratan la ley, ya sean advertencias de recursos humanos, cl\u00e1usulas en contratos de trabajo o enfrentamientos de colegas sobre el uso de un religioso S\u00edmbolo.<\/p>\n<p>&#8220;Cuanto m\u00e1s podamos demostrar que esta ley es inaplicable, o hay cierta ambiguedad o desigualdad en su aplicaci\u00f3n, mejor es&#8221;, dijo Korbatly.<\/p>\n<p>Dice que otro aspecto que la ley no aborda directamente es si los maestros estudiantes deben seguirlo.<\/p>\n<p>Los profesores estudiantiles no tienen remuneraci\u00f3n y no son empleados de la junta escolar t\u00e9cnicamente, ya que sus pasant\u00edas son una parte requerida de sus t\u00edtulos universitarios, lo que los exime de la ley.<\/p>\n<p><em><strong>\u00a0&#8216;Cruzando mis dedos&#8217;<\/strong><\/em><\/p>\n<p>Pero al menos una junta de Montreal, la Comisi\u00f3n Scolaire de la Pointe-de-l&#8217;Ele, ha dicho que se negar\u00eda a permitir a los estudiantes profesores que llevan un s\u00edmbolo religioso en sus aulas.<\/p>\n<p>In\u00e9s Boudechiche se mud\u00f3 a Quebec desde Argelia despu\u00e9s de que fue aceptada en la Universidad de Montreal para estudiar educaci\u00f3n primaria. Ahora estudiante de tercer a\u00f1o, ha sido profesora sustituta de la junta directiva de Pointe-de-l&#8217;\u00c9le durante los \u00faltimos dos a\u00f1os.<\/p>\n<p>La ley no se aplica a ella como profesora sustituta, pero Boudechiche se pregunta qu\u00e9 pasar\u00e1 este invierno cuando comience su pasant\u00eda en la junta.<\/p>\n<p>&#8220;Hasta ahora nadie me ha dicho nada&#8221;, dijo. &#8220;Estoy cruzando mis dedos.&#8221;<\/p>\n<p>Boudechiche dice que mantiene sus esperanzas, especialmente porque est\u00e1 en buenos t\u00e9rminos con los maestros y director en la escuela donde va a hacer pr\u00e1cticas. No quiere irse de Quebec, aunque no lo ha descartado.<\/p>\n<p>&#8220;Es un plan B, pero no quiero que tenga que suceder&#8221;, Boudechiche.<\/p>\n<p>Para Boularhmane, sin embargo, la ense\u00f1anza era el Plan B. Descubri\u00f3 que le encanta ense\u00f1ar, y ella y su esposo cuentan con ello. Despu\u00e9s de que ella consigui\u00f3 un trabajo constante en el CSDM, se mudaron a un apartamento m\u00e1s grande con sus tres hijos, entre dos a 13 a\u00f1os.<\/p>\n<p>&#8220;Es una libertad personal que se ve afectada&#8221;, dijo. &#8220;No quiero rendirme. Quiero ver c\u00f3mo puedo marcar la diferencia&#8221;.<\/p>\n","protected":false},"excerpt":{"rendered":"<p>Grupo de defensa Justice Femme dice que la ley del secular es tan vaga, que los consejos escolares todos lo aplican de manera diferente<\/p>\n","protected":false},"author":5842,"featured_media":0,"comment_status":"open","ping_status":"open","sticky":false,"template":"","format":"standard","meta":{"footnotes":""},"categories":[21,11191],"tags":[],"class_list":["post-483437","post","type-post","status-publish","format-standard","hentry","category-canada","category-top-news"],"_links":{"self":[{"href":"https:\/\/diarioelpopular.com\/index.php\/wp-json\/wp\/v2\/posts\/483437","targetHints":{"allow":["GET"]}}],"collection":[{"href":"https:\/\/diarioelpopular.com\/index.php\/wp-json\/wp\/v2\/posts"}],"about":[{"href":"https:\/\/diarioelpopular.com\/index.php\/wp-json\/wp\/v2\/types\/post"}],"author":[{"embeddable":true,"href":"https:\/\/diarioelpopular.com\/index.php\/wp-json\/wp\/v2\/users\/5842"}],"replies":[{"embeddable":true,"href":"https:\/\/diarioelpopular.com\/index.php\/wp-json\/wp\/v2\/comments?post=483437"}],"version-history":[{"count":1,"href":"https:\/\/diarioelpopular.com\/index.php\/wp-json\/wp\/v2\/posts\/483437\/revisions"}],"predecessor-version":[{"id":483439,"href":"https:\/\/diarioelpopular.com\/index.php\/wp-json\/wp\/v2\/posts\/483437\/revisions\/483439"}],"wp:attachment":[{"href":"https:\/\/diarioelpopular.com\/index.php\/wp-json\/wp\/v2\/media?parent=483437"}],"wp:term":[{"taxonomy":"category","embeddable":true,"href":"https:\/\/diarioelpopular.com\/index.php\/wp-json\/wp\/v2\/categories?post=483437"},{"taxonomy":"post_tag","embeddable":true,"href":"https:\/\/diarioelpopular.com\/index.php\/wp-json\/wp\/v2\/tags?post=483437"}],"curies":[{"name":"wp","href":"https:\/\/api.w.org\/{rel}","templated":true}]}}