{"id":484852,"date":"2019-11-30T19:41:45","date_gmt":"2019-11-30T19:41:45","guid":{"rendered":"http:\/\/diarioelpopular.com\/?p=484852"},"modified":"2019-11-30T19:41:45","modified_gmt":"2019-11-30T19:41:45","slug":"entre-el-caos-y-la-desidia-la-voluntad-de-camilo-sesto-queda-en-el-olvido","status":"publish","type":"post","link":"https:\/\/diarioelpopular.com\/index.php\/2019\/11\/30\/entre-el-caos-y-la-desidia-la-voluntad-de-camilo-sesto-queda-en-el-olvido\/","title":{"rendered":"Entre el caos y la desidia, la voluntad de Camilo Sesto queda en el olvido"},"content":{"rendered":"<h4 class=\"articulo-subtitulo\"><em>Camilo Blanes, hijo y \u00fanico heredero del cantante, no prosigue un juicio que su padre impuls\u00f3 contra los asaltantes de su mansi\u00f3n. Mientras, su madre muestra preocupaci\u00f3n por su comportamiento err\u00e1tico<\/em><\/h4>\n<div id=\"cuerpo_noticia\" class=\"articulo-cuerpo\">\n<div id=\"attachment_484853\" style=\"width: 646px\" class=\"wp-caption alignnone\"><img loading=\"lazy\" decoding=\"async\" aria-describedby=\"caption-attachment-484853\" class=\"size-custom-full-size wp-image-484853\" src=\"https:\/\/diarioelpopular.com\/wp-content\/uploads\/2019\/11\/1575048505_003404_1575048642_noticia_normal_recorte1-636x374.jpg\" alt=\"\" width=\"636\" height=\"374\" \/><p id=\"caption-attachment-484853\" class=\"wp-caption-text\">El hijo de Camilo Sesto, Camilo Blanes Ornelas, y Lourdes Ornelas el 10 de septiembre en Madrid. EUROPA PRESS<\/p><\/div>\n<p>Una de las obsesiones de <a href=\"https:\/\/elpais.com\/tag\/camilo_sesto\/a\" target=\"_blank\" rel=\"noopener\">Camilo Sesto<\/a> en vida fue esclarecer el asalto a su mansi\u00f3n de Torrelodones. Una madrugada, tres hombres encapuchados embutidos en trajes de camuflaje lo despertaron blandiendo cuchillos de caza. Los ladrones lo ataron con cinta americana y amenazaron con cortarle un dedo si no revelaba d\u00f3nde escond\u00eda el dinero y los objetos de valor. El cantante viv\u00eda como un asceta en un palacio en medio de la nada. Aquello fueron cuatro horas de pesadilla para \u00e9l. Cuando pens\u00f3 que por fin se hab\u00edan ido los intrusos, se dirigi\u00f3 al cuarto de ba\u00f1o m\u00e1s cercano, pero los hombres volvieron a aparecer con su actitud intimidante. A Camilo Sesto el coraz\u00f3n se le iba a salir del pecho.<\/p>\n<p><a href=\"https:\/\/elpais.com\/ccaa\/2013\/01\/12\/madrid\/1358018660_855370.html\" target=\"_blank\" rel=\"noopener\">Aquel episodio marc\u00f3 sus \u00faltimos a\u00f1os de vida<\/a>. Despu\u00e9s del asalto reforz\u00f3 la seguridad de la casa. Sus allegados le recomendaron mudarse a un lugar m\u00e1s concurrido, pero \u00e9l se neg\u00f3. Cre\u00eda que era darle la raz\u00f3n a los que trataron de inocularle el virus del miedo. Aunque cansado, solo y consciente de la losa que supon\u00eda el paso del tiempo para una estrella como \u00e9l, dedic\u00f3 sus \u00faltimas fuerzas a perseguir a quien sospechaba que era el cerebro de aquel robo en 2013. Como <a href=\"https:\/\/elpais.com\/ccaa\/2013\/06\/04\/madrid\/1370369810_375200.html\" target=\"_blank\" rel=\"noopener\">uno de los atracadores revel\u00f3 despu\u00e9s ante la Guardia Civil<\/a>, todo parec\u00eda haber sido planeado por un amigo y productor con el que Sesto hab\u00eda trabajado en el pasado. Alguien que conoc\u00eda sus rutinas de hombre sencillo en mitad de un bosque, que sab\u00eda la ubicaci\u00f3n de la habitaci\u00f3n perdida entre pasillos donde dorm\u00eda y que hasta pod\u00eda tener copia del bomb\u00edn de la puerta de entrada.<\/p>\n<p>El pasado 13 de noviembre, despu\u00e9s de dos aplazamientos a los que asisti\u00f3 el compositor, se celebr\u00f3 por fin el juicio contra este productor al que la fiscal\u00eda ped\u00eda tres a\u00f1os y medio de c\u00e1rcel por un delito de violencia con intimidaci\u00f3n en casa habitada. La acusaci\u00f3n particular no se pudo ejercer porque Camilo hab\u00eda muerto dos meses antes. Su abogada present\u00f3 un escrito <a href=\"https:\/\/elpais.com\/cultura\/2019\/09\/08\/actualidad\/1567915439_310198.html\" target=\"_blank\" rel=\"noopener\">donde informaba de su muerte a los 72 a\u00f1os<\/a> \u2014solo alguien que viviera en Marte no se habr\u00eda enterado\u2014 y ped\u00eda informar su \u00fanico heredero, su hijo Camilo Blanes, para que continuara con el proceso que tanto hab\u00eda instigado su padre. Blanes, de 37 a\u00f1os, nunca respondi\u00f3 y a\u00f1os de investigaci\u00f3n resultaron en balde. El juicio qued\u00f3 visto para sentencia solo con la actuaci\u00f3n de la fiscal\u00eda. El acusado, que defend\u00eda su inocencia, pidi\u00f3 su absoluci\u00f3n. Queda por conocer en breve el dictamen del juez. Ning\u00fan medio de comunicaci\u00f3n cubri\u00f3 el juicio.<\/p>\n<p>La preservaci\u00f3n del legado de Camilo Sesto peligra. Despu\u00e9s de muchas especulaciones, su hijo, fruto de una relaci\u00f3n con una fan, Lourdes Ornelas, qued\u00f3 como heredero universal. En el testamento, al que ha tenido acceso este peri\u00f3dico, Sesto dispuso de tres puntos. En el primero legaba todos sus objetos y reconocimientos al museo que debe levantarse en su nombre <a href=\"https:\/\/elpais.com\/elpais\/2019\/10\/24\/gente\/1571913775_306491.html\" target=\"_blank\" rel=\"noopener\">en Alcoy, su pueblo<\/a>. En el segundo, <a href=\"https:\/\/elpais.com\/elpais\/2019\/09\/25\/gente\/1569399417_965053.html\" target=\"_blank\" rel=\"noopener\">declaraba heredero a su hijo<\/a>, y en el tercero, designaba albacea a Crist\u00f3bal Hueto, un trabajador de confianza.<\/p>\n<section id=\"sumario_1|foto\" class=\"sumario_foto centro\"><a name=\"sumario_1\"><\/a><\/p>\n<div class=\"sumario__interior\">\n<figure class=\"foto foto_w980\"><a class=\"enlace\" style=\"text-decoration: none; margin: 0px; padding: 0px; border: none; font-style: inherit; font-variant: inherit; font-weight: inherit; font-stretch: inherit; font-size: inherit; line-height: inherit; font-family: inherit; vertical-align: baseline; box-sizing: border-box; color: #016ca2; touch-action: manipulation; position: relative; display: block; background-color: transparent;\"><img loading=\"lazy\" decoding=\"async\" src=\"https:\/\/ep01.epimg.net\/elpais\/imagenes\/2019\/11\/29\/gente\/1575048505_003404_1575049742_sumario_normal.jpg\" srcset=\"\/\/ep01.epimg.net\/elpais\/imagenes\/2019\/11\/29\/gente\/1575048505_003404_1575049742_sumario_normal_recorte1.jpg 1960w, \/\/ep01.epimg.net\/elpais\/imagenes\/2019\/11\/29\/gente\/1575048505_003404_1575049742_sumario_normal_recorte2.jpg 720w, \/\/ep01.epimg.net\/elpais\/imagenes\/2019\/11\/29\/gente\/1575048505_003404_1575049742_sumario_normal.jpg 980w\" alt=\"Exteriores de la casa de Camilo Sesto.\" width=\"980\" height=\"515\" \/><span class=\"boton_ampliar\">ampliar foto<\/span><\/a><figcaption class=\"foto-pie\"><span class=\"foto-texto\">Exteriores de la casa de Camilo Sesto.<\/span> <span class=\"foto-firma\"><span class=\"foto-autor\">KIM<\/span> <span class=\"foto-agencia\">KORPA<\/span><\/span><\/figcaption><\/figure>\n<div class=\"sumario-texto\"><\/div>\n<\/div>\n<\/section>\n<p>Sin embargo, el museo no avanza. Alrededor de la herencia solo hay par\u00e1lisis. Las partes no se ponen de acuerdo sobre qu\u00e9 debe legarse al museo. \u00bfDeben ir all\u00ed las zapatillas con las que actu\u00f3 en <a href=\"https:\/\/elpais.com\/elpais\/2015\/10\/16\/icon\/1444995136_181348.html\" target=\"_blank\" rel=\"noopener\">el musical <em>Jesucristo Superstar<\/em><\/a>? La gente de su entorno dice que para localizar a Camilo hijo, que viv\u00eda en M\u00e9xico hasta la muerte de su padre, se necesita entre siete y diez d\u00edas (\u201ces dif\u00edcil de encontrar\u201d). Su regreso a Madrid parece haberle trastocado. Ornelas, en declaraciones a la revista <em>Coraz\u00f3n<\/em>, ha contado que su hijo tiene \u201cun problema\u201d. \u201cEst\u00e1 enfermo y necesita ayuda\u201d, ha declarado despu\u00e9s de que el chico fuese visto desorientado por las calles de Madrid hace unos d\u00edas. Seg\u00fan la madre, llevaba tres d\u00edas desaparecido y volvi\u00f3 a casa sin tarjeta de cr\u00e9dito, tel\u00e9fono ni documentaci\u00f3n.<\/p>\n<p>El descuido del joven a la hora de interesarse en el proceso penal que supuso mucho para su padre \u2014que <a href=\"https:\/\/elpais.com\/elpais\/2019\/09\/10\/gente\/1568113319_385713.html\" target=\"_blank\" rel=\"noopener\">le ha dejado unos derechos que devengan unos 200.000 euros al trimestre<\/a> (solo una cl\u00ednica dental ha pagado 30.000 euros por usar una canci\u00f3n en un anuncio) y tres propiedades\u2014 es otra prueba m\u00e1s de un proceder err\u00e1tico del heredero en la guarda y custodia del legado de un artista universal.<\/p>\n<p>\u201cCamilo luch\u00f3 mucho por sentar en el banquillo al supuesto cerebro del robo. Quiso saber la verdad. Quer\u00eda justicia, de coraz\u00f3n\u201d, expone la abogada del cantante. \u201cEra algo que le importaba. Se lo tom\u00f3 como un asunto personal. Duele que se desentiendan del caso\u201d, se suma Hueto.<\/p>\n<p>Camilo Sesto no lo hubiera querido as\u00ed.<\/p>\n<\/div>\n<div class=\"articulo-trust\"><\/div>\n","protected":false},"excerpt":{"rendered":"<p>Camilo Blanes, hijo y \u00fanico heredero del cantante, no prosigue un juicio que su padre impuls\u00f3 contra los asaltantes de su mansi\u00f3n. Mientras, su madre&hellip;<\/p>\n","protected":false},"author":99,"featured_media":0,"comment_status":"open","ping_status":"open","sticky":false,"template":"","format":"standard","meta":{"footnotes":""},"categories":[11354],"tags":[],"class_list":["post-484852","post","type-post","status-publish","format-standard","hentry","category-sucesos"],"_links":{"self":[{"href":"https:\/\/diarioelpopular.com\/index.php\/wp-json\/wp\/v2\/posts\/484852","targetHints":{"allow":["GET"]}}],"collection":[{"href":"https:\/\/diarioelpopular.com\/index.php\/wp-json\/wp\/v2\/posts"}],"about":[{"href":"https:\/\/diarioelpopular.com\/index.php\/wp-json\/wp\/v2\/types\/post"}],"author":[{"embeddable":true,"href":"https:\/\/diarioelpopular.com\/index.php\/wp-json\/wp\/v2\/users\/99"}],"replies":[{"embeddable":true,"href":"https:\/\/diarioelpopular.com\/index.php\/wp-json\/wp\/v2\/comments?post=484852"}],"version-history":[{"count":1,"href":"https:\/\/diarioelpopular.com\/index.php\/wp-json\/wp\/v2\/posts\/484852\/revisions"}],"predecessor-version":[{"id":484854,"href":"https:\/\/diarioelpopular.com\/index.php\/wp-json\/wp\/v2\/posts\/484852\/revisions\/484854"}],"wp:attachment":[{"href":"https:\/\/diarioelpopular.com\/index.php\/wp-json\/wp\/v2\/media?parent=484852"}],"wp:term":[{"taxonomy":"category","embeddable":true,"href":"https:\/\/diarioelpopular.com\/index.php\/wp-json\/wp\/v2\/categories?post=484852"},{"taxonomy":"post_tag","embeddable":true,"href":"https:\/\/diarioelpopular.com\/index.php\/wp-json\/wp\/v2\/tags?post=484852"}],"curies":[{"name":"wp","href":"https:\/\/api.w.org\/{rel}","templated":true}]}}