{"id":4858,"date":"2011-07-14T22:50:50","date_gmt":"2011-07-15T02:50:50","guid":{"rendered":"http:\/\/retrolab.ca\/elpopular\/?p=4858"},"modified":"2011-07-14T22:50:50","modified_gmt":"2011-07-15T02:50:50","slug":"samuel-sanchez-ilumina-luz-ardiden","status":"publish","type":"post","link":"https:\/\/diarioelpopular.com\/index.php\/2011\/07\/14\/samuel-sanchez-ilumina-luz-ardiden\/","title":{"rendered":"Samuel S\u00e1nchez ilumina Luz Ardiden"},"content":{"rendered":"<div id=\"attachment_4862\" style=\"width: 715px\" class=\"wp-caption aligncenter\"><a href=\"http:\/\/retrolab.ca\/elpopular\/wp-content\/uploads\/2011\/07\/tour-ok.jpg\"><img loading=\"lazy\" decoding=\"async\" aria-describedby=\"caption-attachment-4862\" class=\"size-full wp-image-4862\" title=\"Tour de Francia, etapa 12. Samuel S\u00e1nchez\" src=\"http:\/\/retrolab.ca\/elpopular\/wp-content\/uploads\/2011\/07\/tour-ok.jpg\" alt=\"\" width=\"705\" height=\"469\" \/><\/a><p id=\"caption-attachment-4862\" class=\"wp-caption-text\">El corredor espa\u00f1ol del Euskaltel Samuel S\u00e1nchez rueda en cabeza durante la decimosegunda etapa del Tour de Francia disputada entre Cugnaux y Luz Ardiden. Foto: Nicolas Bouvy \/ Efe<\/p><\/div>\n<p><em>Carlos de Torres. Luz Ardiden (Francia).-<\/em> Samuel S\u00e1nchez (Euskaltel Euskadi), ilumin\u00f3 la segunda victoria espa\u00f1ola en el\u00a0Tour\u00a0al imponerse en la duod\u00e9cima etapa disputada entre Cugnaux y Luz Ardiden, de 211 kil\u00f3metros, estreno pirenaico con final en alto en la que el franc\u00e9s Thomas Voeckler (Europcar) conserv\u00f3 el liderato y Alberto Contador, con problemas en la rodilla, cedi\u00f3 tiempo a sus rivales directos.<\/p>\n<p>Samuel, campe\u00f3n ol\u00edmpico en Pek\u00edn&#8217;08, encendi\u00f3 su palmar\u00e9s en el\u00a0Tour\u00a0con una victoria &#8220;que buscaba desde ni\u00f1o&#8221; y uni\u00f3 su nombre al de otros cuatro ciclistas espa\u00f1oles ganadores en Luz Ardiden: Pedro Delgado (1985), Miguel Indurain (1990), Lale Cubino (1998) y Roberto Laiseka (2001), \u00e9ste \u00faltimo encargado de inaugurar el casillero de la escuadra vasca en la prueba francesa.<\/p>\n<p>Una d\u00e9cada despu\u00e9s el color naranja se expandi\u00f3 en la m\u00edtica cima pirenaica, no s\u00f3lo por los seguidores del Euskaltel, siempre numerosos, sino por la estampa de Samuel S\u00e1nchez en meta se\u00f1alando el cielo con las dos manos, compartiendo la gloria con su madre, fallecida hace unos a\u00f1os.<\/p>\n<p>As\u00ed remat\u00f3 un \u00e9xito, &#8220;que vale doble y justifica toda una temporada&#8221;, que fragu\u00f3 en los \u00faltimos 300 metros, cuando arranc\u00f3 para despegarse del belga Jelle Vanendert (Omega), con quien comparti\u00f3 escapada en el \u00faltimo ascenso. El asturiano, con un tiempo de 6h.01.15, pas\u00f3 la l\u00ednea con 7 segundos de adelanto sobre su rival y 10 sobre Frank Schleck (Leopard), el primero de los favoritos y triunfador de la jornada.<\/p>\n<p>Ivan Basso (Liquigas), Cadel Evans (BMC) y Andy Schleck (Leopard) cruzaron la meta a 30 segundos, Damiano Cunego (Lampre) a 35 y Alberto Contador, lo hizo con un retraso de 43 segundos respecto a &#8220;Samu&#8221;. El madrile\u00f1o ofreci\u00f3 una imagen inusual, siempre agazapado en el grupo, lejos de su faceta ofensiva, como la que, por ejemplo, ofreci\u00f3 en el Giro de Italia.<\/p>\n<p>Contador despej\u00f3 algunas dudas y sembr\u00f3 otras. Aunque no sufri\u00f3 ning\u00fan descalabro, pues s\u00f3lo se dej\u00f3 13 segundos con Basso, Evans y Andy y 33 con Frank, aport\u00f3 un dato que era un secreto a voces. Su rodilla derecha no est\u00e1 en perfectas condiciones. Mal s\u00edntoma, pues admiti\u00f3 que los dolores le impiden pedalear con normalidad y que sufri\u00f3 &#8220;desde el Tourmalet&#8221;.<\/p>\n<p>Sus rivales ya saben d\u00f3nde le duele al triple vencedor del\u00a0Tour\u00a0y cual es la herida que deben hurgar, aunque Contador intent\u00f3 restar importancia a su verdadero estado f\u00edsico. &#8220;Mi rodilla va a ir mejor cada d\u00eda y espero estar a tope para el s\u00e1bado. Ahora hay que correr de forma m\u00e1s inteligente&#8221;, se\u00f1al\u00f3.<\/p>\n<p>Posiblemente sus enemigos perdieron una buena ocasi\u00f3n para sacar m\u00e1s tiempo al ciclista espa\u00f1ol. Frank Schleck atac\u00f3 tres veces, la \u00faltima y definitiva a 2,5 kil\u00f3metros de meta. Demasiado tarde. Los dem\u00e1s lograron despegarse en los \u00faltimos mil metros. Poco castigo para el jefe de filas del Saxo Bank, una vez m\u00e1s solo ante la jaur\u00eda de rivales.<\/p>\n<p>La escasa batalla entre los gallos de la general la aprovech\u00f3 muy bien el franc\u00e9s Thomas Voeckler para defender con u\u00f1as y dientes el maillot amarillo. En el d\u00eda de la fiesta nacional francesa tuvo el honor de subir al podio como l\u00edder. No lo esperaba ni \u00e9l, pero las circunstancias de carrera y su pundonor le permitieron prolongar el sue\u00f1o.<\/p>\n<p>Frank Schleck, nuevo jefe de la oposici\u00f3n, pas\u00f3 al segundo puesto de la general, a 1.49 de Voeckler. Alberto Contador sali\u00f3 de Luz Ardiden s\u00e9ptimo de la general, a 2.11 de Frank, 1.54 de Evans y 1.43 de Andy Schleck. M\u00e1s tiempo a recuperar.<\/p>\n<p>Jornada que marcaba el inicio de otro\u00a0Tour, con primer examen de los favoritos, en el que se iban a evaluar las fuerzas de cada uno. Un recorrido largo con tres puertos acumulados en los \u00faltimos 80 kil\u00f3metros. Una escapada de 5 corredores, Rub\u00e9n P\u00e9rez (Euskaltel), Iv\u00e1n Guti\u00e9rrez (Movistar), Kadri (AG2R), Thomas (Sky), Roy (FDJ) y Mangel lanzaron la carrera. Juntos pasaron el in\u00e9dito Hourquette d&#8217;Ancizan, en cuyo descenso cae, entre otros, el alem\u00e1n Kloden.<\/p>\n<p>En el m\u00edtico Tourmalet (2.115 metros, categor\u00eda espacial) coronan en cabeza el franc\u00e9s Roy y el brit\u00e1nico Thomas con 3 minutos sobre el pelot\u00f3n, donde el Leopard hab\u00eda hecho toda la subida con el infatigable Jens Voigt. En el descenso Samuel S\u00e1nchez se separa del grupo principal y se intercala con la fuga.<\/p>\n<p>Luz Ardiden esperaba en los \u00faltimos 13 kil\u00f3metros, con una subida del 7,6 por ciento. Thomas y Roy reventaron a 8 de meta, cuando fueron rebasados por &#8220;Samu&#8221; y Vanendert, que unieron fuerzas para evitar ser absorbidos por el grupo de favoritos, donde el l\u00edder Voeckler, entre amagos de los favoritos, trataba de ralentizar el ritmo.<\/p>\n<p>Era el d\u00eda del campe\u00f3n ol\u00edmpico, que ten\u00eda se\u00f1alada esta etapa en su agenda, la m\u00e1s bonita posible en la presente edici\u00f3n. S\u00f3lo ten\u00eda el obst\u00e1culo de Vanendert, que tambi\u00e9n quer\u00eda llevar el triunfo al Omega. El asturiano, de 33 a\u00f1os, zanj\u00f3 el dilema con un arranque que no tuvo respuesta.<\/p>\n<p>Aunque este a\u00f1o Samuel ha preparado el\u00a0Tour\u00a0pensando tambi\u00e9n en la general, de momento paga una deuda pendiente con una carrera que le frustr\u00f3 en sus primeras participaciones en 2002 y 2003, cuando lleg\u00f3 fuera de control. En 2010 fue cuarto, y este a\u00f1o, en su quinta participaci\u00f3n, no se obsesiona con el podio. La haza\u00f1a de Luz Ardiden le exime de mayores ambiciones en la general.<\/p>\n<p>Samuel llev\u00f3 la fiesta a su casa de toda la vida. En el Euskaltel debut\u00f3 como profesional en 2000. Y adem\u00e1s con un premio adicional, ya que es el nuevo l\u00edder de la monta\u00f1a y podr\u00e1 lucir el maillot de puntos rojos. Una d\u00e9cada despu\u00e9s, el naranja luci\u00f3 con fuerza en la cima de los espa\u00f1oles.<\/p>\n<p>La decimotercera etapa se disputar\u00e1 entre Pau y Lourdes, con un recorrido de 152 kil\u00f3metros. Tres puertos puntuables, el m\u00e1s importante el Aubisque, a 42 kms de meta.<\/p>\n","protected":false},"excerpt":{"rendered":"<p>Samuel S\u00e1nchez ilumin\u00f3 la segunda victoria espa\u00f1ola en el Tour al imponerse en la duod\u00e9cima etapa disputada entre Cugnaux y Luz Ardiden, de 211 kil\u00f3metros, estreno pirenaico con final en alto en la que el franc\u00e9s Thomas Voeckler conserv\u00f3 el liderato y Alberto Contador, con problemas en la rodilla, cedi\u00f3 tiempo a sus rivales directos.<\/p>\n","protected":false},"author":1,"featured_media":4860,"comment_status":"closed","ping_status":"open","sticky":false,"template":"","format":"standard","meta":{"footnotes":""},"categories":[28],"tags":[1215,1481],"class_list":["post-4858","post","type-post","status-publish","format-standard","has-post-thumbnail","hentry","category-deportes","tag-ciclismo","tag-tour"],"_links":{"self":[{"href":"https:\/\/diarioelpopular.com\/index.php\/wp-json\/wp\/v2\/posts\/4858","targetHints":{"allow":["GET"]}}],"collection":[{"href":"https:\/\/diarioelpopular.com\/index.php\/wp-json\/wp\/v2\/posts"}],"about":[{"href":"https:\/\/diarioelpopular.com\/index.php\/wp-json\/wp\/v2\/types\/post"}],"author":[{"embeddable":true,"href":"https:\/\/diarioelpopular.com\/index.php\/wp-json\/wp\/v2\/users\/1"}],"replies":[{"embeddable":true,"href":"https:\/\/diarioelpopular.com\/index.php\/wp-json\/wp\/v2\/comments?post=4858"}],"version-history":[{"count":0,"href":"https:\/\/diarioelpopular.com\/index.php\/wp-json\/wp\/v2\/posts\/4858\/revisions"}],"wp:featuredmedia":[{"embeddable":true,"href":"https:\/\/diarioelpopular.com\/index.php\/wp-json\/"}],"wp:attachment":[{"href":"https:\/\/diarioelpopular.com\/index.php\/wp-json\/wp\/v2\/media?parent=4858"}],"wp:term":[{"taxonomy":"category","embeddable":true,"href":"https:\/\/diarioelpopular.com\/index.php\/wp-json\/wp\/v2\/categories?post=4858"},{"taxonomy":"post_tag","embeddable":true,"href":"https:\/\/diarioelpopular.com\/index.php\/wp-json\/wp\/v2\/tags?post=4858"}],"curies":[{"name":"wp","href":"https:\/\/api.w.org\/{rel}","templated":true}]}}