{"id":486826,"date":"2020-02-04T15:20:07","date_gmt":"2020-02-04T15:20:07","guid":{"rendered":"https:\/\/diarioelpopular.com\/?p=486826"},"modified":"2020-02-04T15:20:07","modified_gmt":"2020-02-04T15:20:07","slug":"jennifer-lopez-y-shakira-hacen-una-exhibicion-de-poder-latino-ante-100-millones-de-estadounidenses","status":"publish","type":"post","link":"https:\/\/diarioelpopular.com\/index.php\/2020\/02\/04\/jennifer-lopez-y-shakira-hacen-una-exhibicion-de-poder-latino-ante-100-millones-de-estadounidenses\/","title":{"rendered":"Jennifer Lopez y Shakira hacen una exhibici\u00f3n de poder latino ante 100 millones de estadounidenses"},"content":{"rendered":"<div id=\"attachment_486827\" style=\"width: 646px\" class=\"wp-caption alignnone\"><img loading=\"lazy\" decoding=\"async\" aria-describedby=\"caption-attachment-486827\" class=\"size-custom-full-size wp-image-486827\" src=\"https:\/\/diarioelpopular.com\/wp-content\/uploads\/2020\/02\/1580755803_974554_1580755964_noticia_normal_recorte1-636x388.jpg\" alt=\"\" width=\"636\" height=\"388\" \/><p id=\"caption-attachment-486827\" class=\"wp-caption-text\">Shakira se abraza a Jennifer Lopez tras la actuaci\u00f3n en el descanso de la Super Bowl LIV en Miami. REUTERS<\/p><\/div>\n<h4 class=\"articulo-subtitulo\"><em>Los cr\u00edticos se rinden al espect\u00e1culo de la neoyorquina y la colombiana en el descanso de la Super Bowl, convertido en un hito cultural de primer orden en la era Trump<\/em><\/h4>\n<p>&nbsp;<\/p>\n<p>Fueron 14 minutos de \u201cpuro furor\u201d, seg\u00fan la cr\u00edtica de<em>Variety<\/em>. \u201cUno de los espect\u00e1culos con m\u00e1s energ\u00eda y m\u00e1s entretenidos de la Super Bowl en a\u00f1os\u201d, escribi\u00f3 <em>The Hollywood Reporter<\/em>. \u201cEl glorioso sonido pol\u00edglota de Am\u00e9rica en 2020\u201d, dec\u00eda el cr\u00edtico de <em>Los Angeles Times<\/em>. \u201cGrandioso\u201d, dec\u00eda <em>Rolling Stone<\/em>. El arrollador <a href=\"https:\/\/elpais.com\/elpais\/2020\/02\/03\/album\/1580719025_264037.html\">espect\u00e1culo de Jennifer Lopez y Shakira<\/a> este domingo en la Super Bowl ha generado <a href=\"https:\/\/elpais.com\/cultura\/2020\/02\/03\/television\/1580754216_278359.html\">mayor impacto en la opini\u00f3n p\u00fablica de Estados Unidos<\/a> que la <a href=\"https:\/\/elpais.com\/deportes\/2020\/02\/03\/actualidad\/1580686266_319101.html\">victoria de los Kansas City Chiefs\u00a0<\/a>sobre los San Francisco 49ers. Por primera vez, dos artistas latinas tuvieron el escenario del acontecimiento televisivo del a\u00f1o para ellas solas. Lo que vieron 102 millones de norteamericanos no fue una rareza de minor\u00edas, sino una acertada representaci\u00f3n de la realidad de su propio pa\u00eds, en un momento adem\u00e1s de especial necesidad para los latinos.<\/p>\n<p>Con el paso de las horas, la calificaci\u00f3n art\u00edstica (<a href=\"https:\/\/elpais.com\/cultura\/2020\/02\/03\/actualidad\/1580756759_452952.html\">Shakira y Lopez se repartieron<\/a>el tiempo a partes iguales e hicieron un popurr\u00ed de sus canciones m\u00e1s conocidas) comenz\u00f3 a dar paso a otro tipo de detalles. El \u00e9xito de Lopez <em>Let\u2019s get loud<\/em>(hagamos ruido, en traducci\u00f3n libre) lo comenz\u00f3 a cantar su hija Emme, de 11 a\u00f1os. Shakira tocaba la bater\u00eda. Entonces Lopez apareci\u00f3 con una capa que ten\u00eda las banderas de Puerto Rico y EE UU y grit\u00f3, \u201c\u00a1latinos!\u201d. La canci\u00f3n ya ten\u00eda otro significado en ese momento. Por si alguien no lo estaba pillando, Emme empez\u00f3 a cantar <em>Born in the USA<\/em>, de Bruce Springsteen.<\/p>\n<p>Las personas de herencia hispana en Estados Unidos suman 50 millones de personas y est\u00e1n alcanzando sus mayores hitos en el momento de mayor reacci\u00f3n del Estados Unidos conservador contra esta comunidad. La elecci\u00f3n de Donald Trump como presidente es quiz\u00e1 la mayor expresi\u00f3n de desprecio hacia los hijos y nietos de inmigrantes latinoamericanos en d\u00e9cadas. Trump no ha dejado de hacer evidente esa tensi\u00f3n cada d\u00eda de su presidencia. Al mismo tiempo, la m\u00fasica en espa\u00f1ol triunfa entre los j\u00f3venes, los directores mexicanos arrasan en los Oscar y la estrella pol\u00edtica del momento es una joven congresista de la misma cultura <em>neoyorican<\/em> que Jennifer Lopez.<\/p>\n<p>Ese <em>Let\u2019s get loud<\/em> que queda para la historia de la televisi\u00f3n llega adem\u00e1s en plena campa\u00f1a de movilizaci\u00f3n del voto latino para las elecciones de noviembre. Los n\u00fameros dicen desde hace a\u00f1os que los latinos son un grupo de votantes que por s\u00ed solo puede decidir elecciones. Abandonados por los republicanos en un tema muy sensible como la inmigraci\u00f3n, que afecta a sus familias y amigos, los votantes latinos favorecen a los dem\u00f3cratas. Sin embargo, la falta de movilizaci\u00f3n es una fuente constante de frustraci\u00f3n de los estrategas pol\u00edticos. Este es el a\u00f1o en el que eso tiene que cambiar.<\/p>\n<section id=\"sumario_2|video\" class=\"sumario_video centro\"><a name=\"sumario_2\"><\/a><\/p>\n<div id=\"sumario__interior\">\n<div id=\"videonoticia\" class=\"media\">\n<figure class=\"foto  media\">\n<div id=\"multimediaPlayer_701430178\">\n<div><a class=\"posicionador\"><img loading=\"lazy\" decoding=\"async\" src=\"https:\/\/ep02.epimg.net\/cultura\/imagenes\/2020\/02\/03\/actualidad\/1580755803_974554_1580803341_sumario_fotograma.jpg\" width=\"640\" height=\"358\" \/><\/a><\/div>\n<\/div><figcaption class=\"foto-pie\"><span class=\"foto-texto\">Jennifer Lopez, envuelta en una bandera de Puerto Rico en la actuaci\u00f3n. A la izquierda, su hija Emme.<\/span><span class=\"foto-firma\"><span class=\"foto-autor\">AFP<\/span><\/span><\/figcaption><\/figure>\n<\/div>\n<div class=\"sumario-texto\"><\/div>\n<\/div>\n<\/section>\n<p>\u201cQue dos latinas hagan esto en este pa\u00eds y en este momento, nos da mucho poder\u201d, dec\u00eda Lopez en una rueda de prensa de presentaci\u00f3n del <em>show<\/em>. \u201cEstoy muy orgullosa de ayudar a establecer ese mensaje y hacerlo avanzar\u201d. Shakira a\u00f1adi\u00f3 que \u201ces un momento muy importante para la comunidad latina en este pa\u00eds\u201d. \u201cCreo que la Super Bowl es un evento muy americano, lo m\u00e1s americano que hay. Es un gusto ver que va a ser un recordatorio de la herencia de este pa\u00eds, que es una herencia de diversidad\u201d, dijo Shakira. \u201cEste <em>show<\/em> va a tener una connotaci\u00f3n social bastante importante\u201d, dijo la colombiana.<\/p>\n<p>El espect\u00e1culo estaba producido por Roc Nation, la compa\u00f1\u00eda del magnate del rap Jay-Z. La liga NFL acudi\u00f3 a Jay-Z despu\u00e9s de las cr\u00edticas por contratar a Maroon 5, un grupo de puro pop blanco, para la Super Bowl del a\u00f1o pasado en Atlanta, donde bulle un nuevo <em>hip hop.<\/em> El encargo era que la empresa de Jay-Z ayudara a la NFL a estar m\u00e1s en sinton\u00eda con la realidad estadounidense. B\u00e1sicamente, a darse cuenta de cosas como que el <em>hip hop<\/em> es la m\u00fasica<em>mainstream<\/em> de Estados Unidos hace a\u00f1os. En una entrevista con <em>The New York Times,<\/em> el ejecutivo de Roc Nation Juan Perez dec\u00eda: \u201cAlguien tiene que dar una patada a la puerta y recibir el primer tiro. Nosotros somos esa empresa\u201d.<\/p>\n<p>Si para un <em>show<\/em> en Atlanta habr\u00eda sido conveniente llevar estrellas del <em>hip hop,<\/em>para el de Miami (70% de poblaci\u00f3n de herencia hispana), Jay-Z busc\u00f3 a dos superestrellas latinas. Jay Z le hab\u00eda pedido personalmente a Gloria Estefan que saliera tambi\u00e9n en la actuaci\u00f3n, seg\u00fan revel\u00f3 ella misma en una entrevista con<em>ET<\/em>. La cantante, verdadero s\u00edmbolo de la \u00e9lite latina de Miami adem\u00e1s de mentora de Shakira, rechaz\u00f3 la oferta porque supone mucho estr\u00e9s y meses de preparaci\u00f3n. \u201cLo he hecho dos veces. Creo que las dos mujeres que lo van a hacer son perfectas para representar a Miami\u201d. Estefan fue la primera latina en actuar en la Super Bowl, en 1992 y 1999.<\/p>\n<p>El primer choque de la m\u00fasica popular estadounidense hecha por latinos con la cultura anglosajona en televisi\u00f3n se puede datar en octubre de 1968. Un joven portorrique\u00f1o ciego con una voz descomunal llamado Jos\u00e9 Feliciano fue invitado a cantar el himno nacional en el quinto partido de las Series Mundiales de b\u00e9isbol en Detroit. Feliciano con su guitarra interpret\u00f3 la que se considera <a href=\"https:\/\/www.youtube.com\/watch?v=x1ZQawbo4Mo\">la primera versi\u00f3n libre del himno<\/a>, sin el aire marcial que se le daba normalmente, cantada delante del gran p\u00fablico.<\/p>\n<p>\u201cHab\u00eda veteranos tirando zapatos contra la televisi\u00f3n, me quer\u00edan deportar\u201d, contaba Feliciano en el documental <em>The Latin Explosion: A New America<\/em> (HBO, 2015). Despu\u00e9s de aquello, asegura Feliciano, fue vetado en las radios y su carrera se puso cuesta arriba. Detroit invit\u00f3 de nuevo a Feliciano a tocar el himno en 2010, y le pidi\u00f3 que lo hiciera exactamente igual, en su estilo <em>latin-folk,<\/em> en recuerdo de aquel hito televisivo. El pa\u00eds era otro completamente distinto.<\/p>\n<p>Aquel documental trataba de reflejar c\u00f3mo la cultura latina, principalmente a trav\u00e9s de la m\u00fasica, hab\u00eda pasado de tener destellos en la cultura general norteamericana de vez en cuando (la versi\u00f3n de <em>La bamba<\/em> de Los Lobos en los ochenta, <em>Conga<\/em> de Miami Sound Machine en los noventa, <em>Macarena<\/em> de Los del R\u00edo, <em>La Vida Loca<\/em> de Ricky Martin), a convertirse en una parte central de esa cultura, con artistas que compiten en las listas y en las radiof\u00f3rmulas con sus propios ritmos, sin imitar al pop estadounidense, y cantando en espa\u00f1ol.<\/p>\n<p>El fen\u00f3meno ha explotado en los \u00faltimos cinco a\u00f1os con la m\u00fasica urbana de Puerto Rico y Colombia, que se ha fundido con el <em>hip hop<\/em> y hoy es la m\u00fasica<em>mainstream<\/em> bailable de Estados Unidos. Junto con L\u00f3pez y Shakira aparecieron en el escenario de la Super Bowl los dos principales representantes de ese g\u00e9nero en este momento: el portorrique\u00f1o Bad Bunny y el colombiano J Balvin. Lo que se vio en el escenario no era una curiosidad latina, eran cuatro de los artistas m\u00e1s conocidos en los institutos de Estados Unidos. Los ex\u00f3ticos no eran ellos. Los raros son los norteamericanos a los que a\u00fan les parezca que el del domingo era un espect\u00e1culo de minor\u00edas.<\/p>\n","protected":false},"excerpt":{"rendered":"<p>Los cr\u00edticos se rinden al espect\u00e1culo de la neoyorquina y la colombiana en el descanso de la Super Bowl, convertido en un hito cultural de&hellip;<\/p>\n","protected":false},"author":99,"featured_media":0,"comment_status":"open","ping_status":"open","sticky":false,"template":"","format":"standard","meta":{"footnotes":""},"categories":[11358],"tags":[],"class_list":["post-486826","post","type-post","status-publish","format-standard","hentry","category-especiales"],"_links":{"self":[{"href":"https:\/\/diarioelpopular.com\/index.php\/wp-json\/wp\/v2\/posts\/486826","targetHints":{"allow":["GET"]}}],"collection":[{"href":"https:\/\/diarioelpopular.com\/index.php\/wp-json\/wp\/v2\/posts"}],"about":[{"href":"https:\/\/diarioelpopular.com\/index.php\/wp-json\/wp\/v2\/types\/post"}],"author":[{"embeddable":true,"href":"https:\/\/diarioelpopular.com\/index.php\/wp-json\/wp\/v2\/users\/99"}],"replies":[{"embeddable":true,"href":"https:\/\/diarioelpopular.com\/index.php\/wp-json\/wp\/v2\/comments?post=486826"}],"version-history":[{"count":1,"href":"https:\/\/diarioelpopular.com\/index.php\/wp-json\/wp\/v2\/posts\/486826\/revisions"}],"predecessor-version":[{"id":486828,"href":"https:\/\/diarioelpopular.com\/index.php\/wp-json\/wp\/v2\/posts\/486826\/revisions\/486828"}],"wp:attachment":[{"href":"https:\/\/diarioelpopular.com\/index.php\/wp-json\/wp\/v2\/media?parent=486826"}],"wp:term":[{"taxonomy":"category","embeddable":true,"href":"https:\/\/diarioelpopular.com\/index.php\/wp-json\/wp\/v2\/categories?post=486826"},{"taxonomy":"post_tag","embeddable":true,"href":"https:\/\/diarioelpopular.com\/index.php\/wp-json\/wp\/v2\/tags?post=486826"}],"curies":[{"name":"wp","href":"https:\/\/api.w.org\/{rel}","templated":true}]}}