{"id":487429,"date":"2020-02-24T01:15:09","date_gmt":"2020-02-24T01:15:09","guid":{"rendered":"https:\/\/diarioelpopular.com\/?p=487429"},"modified":"2020-02-24T01:15:09","modified_gmt":"2020-02-24T01:15:09","slug":"queman-4-vehiculos-frente-a-hotel-ohiggins-evacuan","status":"publish","type":"post","link":"https:\/\/diarioelpopular.com\/index.php\/2020\/02\/24\/queman-4-vehiculos-frente-a-hotel-ohiggins-evacuan\/","title":{"rendered":"Queman 4 veh\u00edculos frente a Hotel O&#8217;Higgins, evac\u00faan"},"content":{"rendered":"<div id=\"attachment_487430\" style=\"width: 160px\" class=\"wp-caption alignnone\"><img loading=\"lazy\" decoding=\"async\" aria-describedby=\"caption-attachment-487430\" class=\"size-thumbnail wp-image-487430\" src=\"https:\/\/diarioelpopular.com\/wp-content\/uploads\/2020\/02\/ec2ce5a87c57380d6d449d87435f2f6c-150x150.jpg\" alt=\"\" width=\"150\" height=\"150\" \/><p id=\"caption-attachment-487430\" class=\"wp-caption-text\">Incidentes previo al comienzo del Festival de Vi\u00f1a del Mar, en Chile (foto: Ansa)<\/p><\/div>\n<h2>Serios incidentes minutos previas inicio Festival de la Canci\u00f3n de Vi\u00f1a<\/h2>\n<p>&nbsp;<\/p>\n<p><em><strong>SANTIAGO DE CHILE, 23 FEB<\/strong> <\/em>&#8211; Serios incidentes se produjeron frente al Hotel O&#8217;Higgins donde se realizan las transmisiones televisivas previas del Festival de la Canci\u00f3n de Vi\u00f1a del Mar, que se iniciaba hoy en esa localidad chilena.<\/p>\n<p>Ventanas destruidas y cuatro autom\u00f3viles incendiados se pod\u00edan apreciar como consecuencia del accionar cientos de encapuchados que atacaron el recinto ubicado a cuadras de la Quinta Vergara.<\/p>\n<p>Los hu\u00e9spedes que se encontraban en el hall del recinto debieron huir para luego iniciar la evacuaci\u00f3n del lugar a petici\u00f3n de la gerencia de seguridad.<\/p>\n<p>Mientras en las calles a\u00fan se puede escuchar a los manifestantes gritando &#8220;El pueblo, el pueblo\/ el pueblo a d\u00f3nde est\u00e1\/ el pueblo est\u00e1 en la calle\/ pidiendo dignidad\/&#8221;, emblem\u00e1tica consigna de las manifestaciones del movimiento 18-O.<\/p>\n<p>En rueda de prensa, el cantante puertorrique\u00f1o Ricky Martin, que hoy abre el certamen, apoyaba el derecho a expresarse de la gente.<\/p>\n<p>&#8220;Soy de los que exhortan a salir de las calles a exigir nuestros derechos&#8221;, afirm\u00f3 y abog\u00f3 por el di\u00e1logo para que &#8220;ganemos todos&#8221;.<\/p>\n","protected":false},"excerpt":{"rendered":"<p>Serios incidentes minutos previas inicio Festival de la Canci\u00f3n de Vi\u00f1a &nbsp; SANTIAGO DE CHILE, 23 FEB &#8211; Serios incidentes se produjeron frente al Hotel&hellip;<\/p>\n","protected":false},"author":99,"featured_media":0,"comment_status":"open","ping_status":"open","sticky":false,"template":"","format":"standard","meta":{"footnotes":""},"categories":[23],"tags":[],"class_list":["post-487429","post","type-post","status-publish","format-standard","hentry","category-latinoamerica"],"_links":{"self":[{"href":"https:\/\/diarioelpopular.com\/index.php\/wp-json\/wp\/v2\/posts\/487429","targetHints":{"allow":["GET"]}}],"collection":[{"href":"https:\/\/diarioelpopular.com\/index.php\/wp-json\/wp\/v2\/posts"}],"about":[{"href":"https:\/\/diarioelpopular.com\/index.php\/wp-json\/wp\/v2\/types\/post"}],"author":[{"embeddable":true,"href":"https:\/\/diarioelpopular.com\/index.php\/wp-json\/wp\/v2\/users\/99"}],"replies":[{"embeddable":true,"href":"https:\/\/diarioelpopular.com\/index.php\/wp-json\/wp\/v2\/comments?post=487429"}],"version-history":[{"count":1,"href":"https:\/\/diarioelpopular.com\/index.php\/wp-json\/wp\/v2\/posts\/487429\/revisions"}],"predecessor-version":[{"id":487431,"href":"https:\/\/diarioelpopular.com\/index.php\/wp-json\/wp\/v2\/posts\/487429\/revisions\/487431"}],"wp:attachment":[{"href":"https:\/\/diarioelpopular.com\/index.php\/wp-json\/wp\/v2\/media?parent=487429"}],"wp:term":[{"taxonomy":"category","embeddable":true,"href":"https:\/\/diarioelpopular.com\/index.php\/wp-json\/wp\/v2\/categories?post=487429"},{"taxonomy":"post_tag","embeddable":true,"href":"https:\/\/diarioelpopular.com\/index.php\/wp-json\/wp\/v2\/tags?post=487429"}],"curies":[{"name":"wp","href":"https:\/\/api.w.org\/{rel}","templated":true}]}}