{"id":488907,"date":"2020-03-26T17:47:58","date_gmt":"2020-03-26T17:47:58","guid":{"rendered":"https:\/\/diarioelpopular.com\/?p=488907"},"modified":"2020-03-26T17:49:12","modified_gmt":"2020-03-26T17:49:12","slug":"la-ley-de-cuarentena-explica-que-el-aislamiento-se-vuelve-obligatorio-para-algunos","status":"publish","type":"post","link":"https:\/\/diarioelpopular.com\/index.php\/2020\/03\/26\/la-ley-de-cuarentena-explica-que-el-aislamiento-se-vuelve-obligatorio-para-algunos\/","title":{"rendered":"La Ley de Cuarentena explica que el aislamiento se vuelve obligatorio para algunos"},"content":{"rendered":"<h4><em><img loading=\"lazy\" decoding=\"async\" class=\"alignnone size-custom-full-size wp-image-488773\" src=\"https:\/\/diarioelpopular.com\/wp-content\/uploads\/2020\/03\/Screen-Shot-2020-03-24-at-12.37.01-PM-e1585067888669-636x335.png\" alt=\"\" width=\"636\" height=\"335\" \/>Canad\u00e1 est\u00e1 haciendo un uso sin precedentes de la Ley Federal de Cuarentena en un intento por frenar la propagaci\u00f3n de la pandemia COVID-19.<\/em><\/h4>\n<p>&nbsp;<\/p>\n<p><em><strong>OTTAWA.-<\/strong><\/em> La orden, que entr\u00f3 en vigencia este mi\u00e9rcoles, horas antes de que se anunciara, significa que todos los viajeros que regresan a Canad\u00e1 ahora tienen la obligaci\u00f3n legal de aislarse durante 14 d\u00edas en lugar de simplemente instarlo a hacerlo. Aqu\u00ed hay un vistazo m\u00e1s de cerca a la legislaci\u00f3n:<\/p>\n<p>&nbsp;<\/p>\n<p><em><strong>\u00bfCanad\u00e1 siempre ha tenido una Ley de Cuarentena?<\/strong><\/em><\/p>\n<p>Seg\u00fan el gobierno federal, una legislaci\u00f3n que lleva el mismo nombre entr\u00f3 en vigencia poco despu\u00e9s de la confederaci\u00f3n en 1872, pero se mantuvo pr\u00e1cticamente sin cambios durante m\u00e1s de un siglo. Sin embargo, despu\u00e9s del brote mortal de SARS de 2003, el gobierno actu\u00f3 seg\u00fan una recomendaci\u00f3n para reforzar la legislaci\u00f3n.<\/p>\n<p>La ley tal como lo conocemos hoy recibi\u00f3 el consentimiento real en 2005.<\/p>\n<p>La legislaci\u00f3n otorga al ministro federal de salud poderes radicales para detener la propagaci\u00f3n de enfermedades transmisibles dentro o fuera de Canad\u00e1. Esas medidas incluyen todo, desde ex\u00e1menes de rutina realizados por oficiales de cuarentena en los aeropuertos hasta el tipo de \u00f3rdenes de aislamiento obligatorias emitidas este mi\u00e9rcoles.<\/p>\n<p>&#8220;La Ley de Cuarentena siempre est\u00e1 activa. Se usa todo el tiempo&#8221;, dice Steven Hoffman, director del Laboratorio de Estrategia Global y profesor de derecho de la salud global en la Universidad de York en Toronto. &#8220;Simplemente no siempre se usa de una manera muy p\u00fablica&#8221;.<\/p>\n<p>La Ley fue invocada a principios de este a\u00f1o cuando los viajeros que regresaron a Canad\u00e1 desde Wuhan, China y otros puntos cr\u00edticos mundiales por el nuevo coronavirus fueron detenidos durante dos semanas en una base militar del este de Ontario. Pero Hoffman dice que las \u00faltimas \u00f3rdenes, emitidas por la ministra de Salud, Patty Hajdu, llevan al gobierno a un terreno desconocido.<\/p>\n<p>&#8220;Nunca hemos visto una orden de cuarentena tan amplia o que afecte a tantas personas a la vez en Canad\u00e1&#8221;, dijo. &#8221;<\/p>\n<p>&nbsp;<\/p>\n<p><em><strong>\u00bfPor qu\u00e9 el gobierno est\u00e1 dando este paso?<\/strong><\/em><\/p>\n<p>Hajdu dijo que la medida era necesaria para enviar un mensaje sobre la importancia de limitar la propagaci\u00f3n de COVID-19, que ha enfermado a m\u00e1s de 3.000 canadienses y asesinado al menos a 30. La orden se produce despu\u00e9s de que arrestaron a mujeres en Quebec y Terranova y Labrador por violar las \u00f3rdenes provinciales que requieren quedarse en casa despu\u00e9s de viajar al extranjero.<\/p>\n<p>&#8220;La gente no comprende que estos 14 d\u00edas son absolutamente esenciales para proteger la salud de sus coterr\u00e1neos canadienses&#8221;, dijo. &#8220;&#8230; Por lo tanto, existe una claridad perfecta sobre la necesidad de aislar cuando los canadienses regresan del extranjero, ya sea de los EE. UU. U otros destinos internacionales, estamos implementando la Ley de Cuarentena, por lo que no hay confusi\u00f3n acerca de la necesidad de hacerlo si tiene s\u00edntomas. o no.&#8221;<\/p>\n<p>&nbsp;<\/p>\n<p><em><strong>\u00bfTiene el gobierno alguna obligaci\u00f3n bajo la ley?<\/strong><\/em><\/p>\n<p>La legislaci\u00f3n le da al gobierno un poco de libertad para hacer lo que considere necesario para detener la propagaci\u00f3n de una enfermedad que podr\u00eda representar un riesgo para la salud p\u00fablica, dice Hoffman.<\/p>\n<p>&#8220;No est\u00e1n en prisi\u00f3n&#8221;, dice sobre las personas en cuarentena. &#8220;Se supone que el gobierno, bajo la ley, debe tomar medidas para hacerlo lo menos intrusivo posible, pero lo que eso significa exactamente es que hay cierta discreci\u00f3n&#8221;.<\/p>\n<p>Hajdu dice que a los viajeros que regresan se les prohibir\u00e1 tomar el transporte p\u00fablico o poner en riesgo a las personas vulnerables, pero dice que el gobierno ayudar\u00e1 con los arreglos de transporte y alojamiento seg\u00fan sea necesario.<\/p>\n<p>&nbsp;<\/p>\n<p><em><strong>\u00bfC\u00f3mo se har\u00e1n cumplir las nuevas \u00f3rdenes?<\/strong><\/em><\/p>\n<p>Esa es la gran pregunta para Hoffman, quien dice que el nuevo edicto deber\u00e1 implementarse de manera consistente en todo el pa\u00eds para garantizar que no vaya en contra de la Constituci\u00f3n. Hoffman agrega que si bien los oficiales de cuarentena en la frontera tienen poderes de ejecuci\u00f3n, los funcionarios locales de salud p\u00fablica y de cumplimiento de la ley pueden alistarse a medida que la orden surte efecto.<\/p>\n<p>Health Canada no respondi\u00f3 de inmediato a la solicitud de comentarios, pero Hajdu ha dicho que los detalles sobre la aplicaci\u00f3n se dar\u00e1n a conocer antes de que la orden entre en vigencia.<\/p>\n<p>&nbsp;<\/p>\n<p><em><strong>\u00bfQu\u00e9 sucede si alguien viola la Ley de Cuarentena?<\/strong><\/em><\/p>\n<p>Hoffman acota que la legislaci\u00f3n contiene una amplia gama de sanciones para quienes no respetan la ley. La oficina de Hajdu emiti\u00f3 m\u00e1s aclaraciones el mi\u00e9rcoles por la noche: las sanciones m\u00e1ximas incluyen una multa de hasta $ 750,000 y seis meses de c\u00e1rcel.<\/p>\n<p>&nbsp;<\/p>\n<p><em><strong>\u00bfTiene el gobierno derecho a dar este paso?<\/strong><\/em><\/p>\n<p>Hoffman anticipa que el nuevo uso de la Ley ser\u00e1 impugnado en la corte eventualmente, pero dice que Ottawa probablemente tenga una base legal s\u00f3lida.<\/p>\n<p>Dijo que la Ley requiere que Hajdu cumpla con un &#8220;requisito de razonabilidad&#8221; y pueda demostrar que los viajeros afectados representan un riesgo genuino para el p\u00fablico. El sobrecargado sistema de atenci\u00f3n m\u00e9dica y el r\u00e1pido crecimiento en el n\u00famero de casos, dijo, bien podr\u00edan alcanzar ese umbral.<\/p>\n<p>Adem\u00e1s, Hoffman dijo que las nuevas medidas probablemente se encuentren dentro de los l\u00edmites de la Carta de Derechos y Libertades al contener un l\u00edmite de tiempo fijo y relativamente corto y jugar en el contexto de una crisis global sin precedentes.<\/p>\n<p>&#8220;Est\u00e1 en un contexto de un sistema de salud p\u00fablica limitado que realmente necesita que todos cumplan&#8221;, dijo. &#8220;Tal vez pasar\u00eda esa prueba legal. Vamos a averiguarlo&#8221;.<\/p>\n<p>&nbsp;<\/p>\n<p>&nbsp;<\/p>\n<h3><em>Tiendas de comestibles en Quebec expulsan a los \u201csnowbirds\u201d que regresan del sur y no se a\u00edslan a pesar de la cuarentena obligatoria COVID-19<\/em><\/h3>\n<p><img loading=\"lazy\" decoding=\"async\" class=\"alignnone size-medium wp-image-488908\" src=\"https:\/\/diarioelpopular.com\/wp-content\/uploads\/2020\/03\/90966301_1972009089609547_8517711688965816320_n-300x262.png\" alt=\"\" width=\"300\" height=\"262\" \/><\/p>\n<p><em><strong>S T. FELICIEN, QUE. &#8211;<\/strong> <\/em>Un \u201csnowbird\u201d de la regi\u00f3n de Lac-Saint-Jean de Quebec que recientemente regres\u00f3 del sur de los Estados Unidos fue expulsado de dos supermercados locales este mi\u00e9rcoles despu\u00e9s de intentar comprar all\u00ed.<\/p>\n<p>Hasta nuevo aviso, los canadienses que regresan de viajar al extranjero deben cumplir con una cuarentena obligatoria. Los delincuentes enfrentan una multa de hasta $ 750,000 y una pena m\u00e1xima de prisi\u00f3n de seis meses.<\/p>\n<p>En un mensaje publicado en su p\u00e1gina de Facebook la tienda IGA March\u00e9 Lamontagne et fille en la ciudad de Saint-F\u00e9licien, dijo que el presunto delincuente intent\u00f3, sin \u00e9xito, comprar en la tienda y en otra tienda de Metro ubicada en la misma calle en el pueblo de aproximadamente 11,000 personas.<\/p>\n<p>La publicaci\u00f3n en la p\u00e1gina de Facebook de la tienda IGA incluye una fotograf\u00eda del veh\u00edculo, marcada con una gran X en desaprobaci\u00f3n. La publicaci\u00f3n fue compartida por m\u00e1s de 3.500 personas en cuesti\u00f3n de horas.<\/p>\n<p>&nbsp;<\/p>\n<h3><em>No solo olor: la p\u00e9rdida de sabor tambi\u00e9n puede ser una se\u00f1al de advertencia de COVID-19<\/em><\/h3>\n<p><em><strong>TORONTO &#8211;<\/strong> <\/em>Cada vez hay m\u00e1s pruebas de que la p\u00e9rdida repentina del sentido del olfato y \/ o del gusto puede ser un signo de infecci\u00f3n por COVID-19.<\/p>\n<p>Se han reportado casos de pacientes asintom\u00e1ticos que informaron una incapacidad para detectar olores y luego dieron positivo por el nuevo coronavirus en muchos de los pa\u00edses m\u00e1s afectados por la pandemia, incluidos Corea del Sur y Alemania.<\/p>\n<p>Aunque estas afirmaciones a\u00fan no han alcanzado la etapa de investigaci\u00f3n revisada por pares, dos grupos de m\u00e9dicos brit\u00e1nicos las encontraron lo suficientemente preocupantes la semana pasada como para pedir a los gobiernos que se autoaislen a cualquiera que pierda su sentido del olfato.<\/p>\n<p>Desde entonces, otros expertos m\u00e9dicos han sugerido que el virus tambi\u00e9n puede afectar un segundo sentido: el sabor.<\/p>\n<p>La Academia Estadounidense de Otorrinolaringolog\u00eda propuso, el 22 de marzo, que se agreguen tres condiciones relacionadas con la p\u00e9rdida del olfato y el gusto a los criterios de detecci\u00f3n de COVID-19, diciendo que &#8220;la evidencia anecd\u00f3tica se est\u00e1 acumulando r\u00e1pidamente en sitios de todo el mundo de que la anosmia y la disgeusia son s\u00edntomas significativos asociado con la pandemia de COVID-19 &#8220;.<\/p>\n<p>Nadine Dorries, la ministra de salud del Reino Unido, dijo que perdi\u00f3 ambos sentidos como un &#8220;efecto secundario&#8221; de su infecci\u00f3n por COVID-19.<\/p>\n<p>&#8220;Comer o beber fr\u00edo o caliente, eso es todo lo que puedo decir&#8221;, tuite\u00f3 el 19 de marzo.<\/p>\n<p>La Organizaci\u00f3n Mundial de la Salud (OMS) no enumera la p\u00e9rdida de la capacidad de oler o saborear como s\u00edntomas conocidos de COVID-19, pero ha estado observando de cerca mientras los expertos en varios pa\u00edses estudian el tema.<\/p>\n<p>Cuando se le pregunt\u00f3 sobre la fiabilidad de las afirmaciones en una conferencia de prensa, el jefe de la unidad de enfermedades emergentes de la OMS dijo a los periodistas que hab\u00eda visto &#8220;bastantes informes&#8221; de pacientes que perd\u00edan uno o ambos sentidos en la etapa inicial de la infecci\u00f3n.<\/p>\n<p>&#8220;Esto es algo que debemos considerar para capturar realmente si este es uno de los primeros signos y s\u00edntomas de COVID-19&#8221;, dijo la Dra. Maria Van Kerkhove.<\/p>\n<p>&#8220;Todav\u00eda no tenemos la respuesta para eso&#8221;.<\/p>\n","protected":false},"excerpt":{"rendered":"<p>Canad\u00e1 est\u00e1 haciendo un uso sin precedentes de la Ley Federal de Cuarentena en un intento por frenar la propagaci\u00f3n de la pandemia COVID-19. &nbsp;&hellip;<\/p>\n","protected":false},"author":99,"featured_media":0,"comment_status":"open","ping_status":"open","sticky":false,"template":"","format":"standard","meta":{"footnotes":""},"categories":[21,11191],"tags":[],"class_list":["post-488907","post","type-post","status-publish","format-standard","hentry","category-canada","category-top-news"],"_links":{"self":[{"href":"https:\/\/diarioelpopular.com\/index.php\/wp-json\/wp\/v2\/posts\/488907","targetHints":{"allow":["GET"]}}],"collection":[{"href":"https:\/\/diarioelpopular.com\/index.php\/wp-json\/wp\/v2\/posts"}],"about":[{"href":"https:\/\/diarioelpopular.com\/index.php\/wp-json\/wp\/v2\/types\/post"}],"author":[{"embeddable":true,"href":"https:\/\/diarioelpopular.com\/index.php\/wp-json\/wp\/v2\/users\/99"}],"replies":[{"embeddable":true,"href":"https:\/\/diarioelpopular.com\/index.php\/wp-json\/wp\/v2\/comments?post=488907"}],"version-history":[{"count":3,"href":"https:\/\/diarioelpopular.com\/index.php\/wp-json\/wp\/v2\/posts\/488907\/revisions"}],"predecessor-version":[{"id":488911,"href":"https:\/\/diarioelpopular.com\/index.php\/wp-json\/wp\/v2\/posts\/488907\/revisions\/488911"}],"wp:attachment":[{"href":"https:\/\/diarioelpopular.com\/index.php\/wp-json\/wp\/v2\/media?parent=488907"}],"wp:term":[{"taxonomy":"category","embeddable":true,"href":"https:\/\/diarioelpopular.com\/index.php\/wp-json\/wp\/v2\/categories?post=488907"},{"taxonomy":"post_tag","embeddable":true,"href":"https:\/\/diarioelpopular.com\/index.php\/wp-json\/wp\/v2\/tags?post=488907"}],"curies":[{"name":"wp","href":"https:\/\/api.w.org\/{rel}","templated":true}]}}