{"id":488981,"date":"2020-03-27T16:01:48","date_gmt":"2020-03-27T16:01:48","guid":{"rendered":"https:\/\/diarioelpopular.com\/?p=488981"},"modified":"2020-03-27T16:01:48","modified_gmt":"2020-03-27T16:01:48","slug":"empleado-de-supermercado-diagnosticado-con-covid-19-muere-en-el-hospital","status":"publish","type":"post","link":"https:\/\/diarioelpopular.com\/index.php\/2020\/03\/27\/empleado-de-supermercado-diagnosticado-con-covid-19-muere-en-el-hospital\/","title":{"rendered":"Empleado de supermercado diagnosticado con COVID-19 muere en el hospital"},"content":{"rendered":"<div id=\"attachment_488983\" style=\"width: 160px\" class=\"wp-caption alignnone\"><img loading=\"lazy\" decoding=\"async\" aria-describedby=\"caption-attachment-488983\" class=\"size-thumbnail wp-image-488983\" src=\"https:\/\/diarioelpopular.com\/wp-content\/uploads\/2020\/03\/Screen-Shot-2020-03-27-at-11.49.12-AM-150x124.png\" alt=\"\" width=\"150\" height=\"124\" \/><p id=\"caption-attachment-488983\" class=\"wp-caption-text\">Vista del supermercado afectado<\/p><\/div>\n<h4><em>Un hombre de unos 40 a\u00f1os que trabajaba en una tienda de Superstore canadiense en Oshawa muri\u00f3 despu\u00e9s de enfermarse con el coronavirus.<\/em><\/h4>\n<p>&nbsp;<\/p>\n<p><em><strong>OSHAWA.-<\/strong><\/em> La Dra. Barbara Yaffe, oficial m\u00e9dica asociada de salud de Ontario, confirm\u00f3 la noticia durante una actualizaci\u00f3n en Queen\u2019s Park.<\/p>\n<p>El diagn\u00f3stico del empleado fue anunciado por primera vez por Galen Weston, presidente ejecutivo de Loblaw Companies Limited, este lunes.<\/p>\n<p>Trabaj\u00f3 en la calle Gibb, cerca de Stevenson Road South y la autopista 401.<\/p>\n<p>Weston dijo que la compa\u00f1\u00eda estaba dando varios pasos en respuesta a la noticia.<\/p>\n<p>Dijo que el negocio est\u00e1 trabajando con funcionarios de salud p\u00fablica mientras investigan para determinar los contactos recientes del empleado, y agreg\u00f3 que cualquier compa\u00f1ero de trabajo que necesite aislarse ser\u00e1 pagado en su totalidad.<\/p>\n<p>Adem\u00e1s de la limpieza regular de la tienda, Weston dijo que la tienda cerrar\u00e1 para una limpieza profunda en consulta con el personal de salud p\u00fablica.<\/p>\n<p>Hasta este jueves por la noche, el gobierno de Ontario dijo que hab\u00eda 835 casos activos de COVID-19 en la provincia. En total, 15 residentes de Ontario han muerto y ocho casos han sido resueltos.<\/p>\n<p>&nbsp;<\/p>\n<h3><em>El desempleo canadiense podr\u00eda alcanzar el 15% en medio de una pandemia de coronavirus, un d\u00e9ficit de $113 mil millones<\/em><\/h3>\n<p>&nbsp;<\/p>\n<p><em><strong>La pandemia de coronavirus que est\u00e1 arrasando el mundo podr\u00eda hacer que la tasa de desempleo canadiense aumente al 15 por ciento para fin de a\u00f1o, seg\u00fan sugiere un nuevo pron\u00f3stico del regulador del presupuesto parlamentario.<\/strong><\/em><\/p>\n<p>&nbsp;<\/p>\n<p><em><strong>OTTAWA.-<\/strong><\/em> Al mismo tiempo, el d\u00e9ficit federal podr\u00eda aumentar a $ 113 mil millones para el pr\u00f3ximo a\u00f1o fiscal.<\/p>\n<p>El d\u00e9ficit federal actual se ubica en aproximadamente $26.6 mil millones, mientras que la tasa nacional de desempleo en febrero fue de 5.6 por ciento.<\/p>\n<p>El funcionario de presupuesto parlamentario, Yves Giroux, public\u00f3 un informe de pron\u00f3stico este viernes sobre cu\u00e1les podr\u00edan ser los impactos econ\u00f3micos y fiscales en Canad\u00e1 de la pandemia de coronavirus.<\/p>\n<p>En \u00e9l, Giroux advirti\u00f3 que el pron\u00f3stico se basa en una serie de suposiciones, incluido el aislamiento actual y las medidas de distanciamiento social que se mantendr\u00e1n vigentes hasta agosto.<\/p>\n<p>Pero se\u00f1al\u00f3 que la oficina continuar\u00e1 actualizando las proyecciones a medida que evolucione la situaci\u00f3n.<\/p>\n<p>&#8220;Hacemos hincapi\u00e9 en que este escenario no es un pron\u00f3stico del resultado m\u00e1s probable&#8221;, escribi\u00f3.<\/p>\n<p>&#8220;Es un escenario ilustrativo de un posible resultado&#8221;.<\/p>\n<p>&nbsp;<\/p>\n<p><em><strong>Brote de coronavirus: Trudeau le dice a los canadienses que &#8220;va a empeorar&#8221;<\/strong><\/em><\/p>\n<p>El informe de Giroux se produjo al mismo tiempo que el Banco de Canad\u00e1 redujo su tasa de inter\u00e9s clave a 0.25 por ciento en un recorte no programado de este viernes por la ma\u00f1ana.<\/p>\n<p>A nivel mundial, ahora hay 549,604 casos de COVID-19, la enfermedad causada por el nuevo coronavirus, y EE. UU. lidera el n\u00famero de casos.<\/p>\n<p>Un total de 24,863 personas han muerto hasta ahora por el virus.<\/p>\n<p>En Canad\u00e1, el n\u00famero de casos confirmados es de 4.018 y el n\u00famero de muertes a los 39 a partir de este viernes por la ma\u00f1ana.<\/p>\n<p>La pandemia de coronavirus ha afectado a los mercados burs\u00e1tiles en los \u00faltimos meses a medida que el distanciamiento social y el cierre de las fronteras golpean las cadenas de suministro y reducen las demandas de los consumidores sobre las empresas.<\/p>\n<p>Casi 1 mill\u00f3n de canadienses han solicitado EI a medida que el coronavirus afecta la econom\u00eda<\/p>\n<p>Hay cierres generalizados en todo Canad\u00e1, con Quebec y Ontario limitando las operaciones comerciales a funciones &#8220;esenciales&#8221; solamente y ordenando que se cierren todos los dem\u00e1s.<\/p>\n<p>Tambi\u00e9n hay prohibiciones en reuniones que van desde 10 hasta 50 personas, y el gobierno invoc\u00f3 este mi\u00e9rcoles la Ley de Cuarentena para ordenar a todos los viajeros que regresan que se mantengan en aislamiento durante 14 d\u00edas.<\/p>\n<p>Sectores como el comercio minorista, el turismo y la industria de las aerol\u00edneas est\u00e1n sintiendo la peor parte del impacto, con cientos de miles de despidos reportados en todas las industrias y m\u00e1s de 500,000 personas que solicitaron un seguro de empleo la semana pasada despu\u00e9s de que el gobierno lo abri\u00f3 de manera m\u00e1s amplia.<\/p>\n<p>Ese cambio se produjo como parte de un paquete de soporte de coronavirus de $ 107 mil millones aprobado el mi\u00e9rcoles.<\/p>\n<p>El gobierno hab\u00eda dicho inicialmente que el plan incluir\u00eda aproximadamente $ 27 mil millones en apoyos para trabajadores con aproximadamente otros $ 55 mil millones en aplazamientos de impuestos y programas de cr\u00e9dito.<\/p>\n<p>Pero la legislaci\u00f3n que introdujo inclu\u00eda una divisi\u00f3n m\u00e1s equitativa entre ellos, con aproximadamente $ 55 mil millones en apoyo a los trabajadores y las medidas m\u00e1s enfocadas en los impuestos y el cr\u00e9dito.<\/p>\n<p>Giroux hab\u00eda dicho en un informe anterior que el gobierno podr\u00eda aumentar el gasto en alrededor de $ 41 mil millones y mantener una relaci\u00f3n deuda \/ PIB sostenible a largo plazo.<\/p>\n<p>La relaci\u00f3n deuda \/ PIB actual es aproximadamente del 34% y el aumento del d\u00e9ficit a $ 113 mil millones aumentar\u00eda la relaci\u00f3n a alrededor del 38%, una medida que se aproxima al punto del 40% en el que algunos expertos han sugerido que la deuda se volver\u00eda insostenible por mucho tiempo. -t\u00e9rmino.<\/p>\n<p>Giroux dijo en una entrevista con el Globe and Mail la semana pasada que la pregunta principal es si el gobierno podr\u00e1 reducir los programas que ha implementado una vez que termine la crisis, y realmente reducir su carga de deuda.<\/p>\n","protected":false},"excerpt":{"rendered":"<p>Un hombre de unos 40 a\u00f1os que trabajaba en una tienda de Superstore canadiense en Oshawa muri\u00f3 despu\u00e9s de enfermarse con el coronavirus. &nbsp; OSHAWA.-&hellip;<\/p>\n","protected":false},"author":99,"featured_media":0,"comment_status":"open","ping_status":"open","sticky":false,"template":"","format":"standard","meta":{"footnotes":""},"categories":[21,11191],"tags":[],"class_list":["post-488981","post","type-post","status-publish","format-standard","hentry","category-canada","category-top-news"],"_links":{"self":[{"href":"https:\/\/diarioelpopular.com\/index.php\/wp-json\/wp\/v2\/posts\/488981","targetHints":{"allow":["GET"]}}],"collection":[{"href":"https:\/\/diarioelpopular.com\/index.php\/wp-json\/wp\/v2\/posts"}],"about":[{"href":"https:\/\/diarioelpopular.com\/index.php\/wp-json\/wp\/v2\/types\/post"}],"author":[{"embeddable":true,"href":"https:\/\/diarioelpopular.com\/index.php\/wp-json\/wp\/v2\/users\/99"}],"replies":[{"embeddable":true,"href":"https:\/\/diarioelpopular.com\/index.php\/wp-json\/wp\/v2\/comments?post=488981"}],"version-history":[{"count":1,"href":"https:\/\/diarioelpopular.com\/index.php\/wp-json\/wp\/v2\/posts\/488981\/revisions"}],"predecessor-version":[{"id":488984,"href":"https:\/\/diarioelpopular.com\/index.php\/wp-json\/wp\/v2\/posts\/488981\/revisions\/488984"}],"wp:attachment":[{"href":"https:\/\/diarioelpopular.com\/index.php\/wp-json\/wp\/v2\/media?parent=488981"}],"wp:term":[{"taxonomy":"category","embeddable":true,"href":"https:\/\/diarioelpopular.com\/index.php\/wp-json\/wp\/v2\/categories?post=488981"},{"taxonomy":"post_tag","embeddable":true,"href":"https:\/\/diarioelpopular.com\/index.php\/wp-json\/wp\/v2\/tags?post=488981"}],"curies":[{"name":"wp","href":"https:\/\/api.w.org\/{rel}","templated":true}]}}