{"id":489042,"date":"2020-03-28T16:45:51","date_gmt":"2020-03-28T16:45:51","guid":{"rendered":"https:\/\/diarioelpopular.com\/?p=489042"},"modified":"2020-03-28T16:45:51","modified_gmt":"2020-03-28T16:45:51","slug":"canada-deberia-prepararse-para-combatir-el-coronavirus-durante-muchos-meses-njoo","status":"publish","type":"post","link":"https:\/\/diarioelpopular.com\/index.php\/2020\/03\/28\/canada-deberia-prepararse-para-combatir-el-coronavirus-durante-muchos-meses-njoo\/","title":{"rendered":"Canad\u00e1 deber\u00eda prepararse para combatir el coronavirus durante &#8216;muchos meses&#8217;: Njoo"},"content":{"rendered":"<div id=\"attachment_489043\" style=\"width: 310px\" class=\"wp-caption alignnone\"><img loading=\"lazy\" decoding=\"async\" aria-describedby=\"caption-attachment-489043\" class=\"size-medium wp-image-489043\" src=\"https:\/\/diarioelpopular.com\/wp-content\/uploads\/2020\/03\/22988683-300x200.jpg\" alt=\"\" width=\"300\" height=\"200\" \/><p id=\"caption-attachment-489043\" class=\"wp-caption-text\">El subdirector de salud p\u00fablica Dr. Howard Njoo habla en una conferencia de prensa sobre COVID-19 en West Block en Parliament Hill en Ottawa.<\/p><\/div>\n<h3><em>El subdirector de salud p\u00fablica de Canad\u00e1 ha realizado una evaluaci\u00f3n aleccionadora de la lucha del pa\u00eds con la pandemia de COVID-19.<\/em><\/h3>\n<p>&nbsp;<\/p>\n<p><em><strong>OTTAWA.-<\/strong> <\/em>El Dr. Howard Njoo ha dicho que la pelea est\u00e1 lejos de terminar, que podr\u00eda incluir una segunda ola y que ciertamente estamos en ella &#8220;a largo plazo&#8221;.<\/p>\n<p>&#8220;Definitivamente son meses. Muchos meses &#8220;, estim\u00f3 Njoo, ya que el n\u00famero de casos nuevos de coronavirus en Canad\u00e1 aument\u00f3 a 4,757, incluidas 55 muertes.<\/p>\n<p>El n\u00famero de casos COVID-19 de Quebec se ha disparado a m\u00e1s de 2,000, m\u00e1s del doble de los 993 casos de Ontario.<\/p>\n<p>Mientras tanto, el jefe del personal de defensa, el general Jonathan Vance, les dijo a los miembros de las Fuerzas Armadas canadienses que se mantuvieran sanos y que estuvieran listos para responder de inmediato a la creciente crisis.<\/p>\n<p>Un posible destello de esperanza surgi\u00f3 en B.C. este viernes, donde los datos indican que la experiencia COVID de la provincia probablemente se parecer\u00e1 a la de Corea del Sur en lugar de golpear brutalmente a Italia. La doctora de salud de B.C., la doctora Bonnie Henry, dijo que cree que la estrategia de distanciamiento social est\u00e1 funcionando y exhort\u00f3 a los residentes a seguirla.<\/p>\n<p>&nbsp;<\/p>\n<h3><em>Trudeau dice que se negar\u00e1n los viajes a\u00e9reos y en tren para cualquier persona con s\u00edntomas de coronavirus<\/em><\/h3>\n<div id=\"attachment_489044\" style=\"width: 310px\" class=\"wp-caption alignnone\"><img loading=\"lazy\" decoding=\"async\" aria-describedby=\"caption-attachment-489044\" class=\"size-medium wp-image-489044\" src=\"https:\/\/diarioelpopular.com\/wp-content\/uploads\/2020\/03\/SKP10155317-300x198.jpg\" alt=\"\" width=\"300\" height=\"198\" \/><p id=\"caption-attachment-489044\" class=\"wp-caption-text\">El primer ministro Justin Trudeau se dirige a los canadienses en la pandemia COVID-19 de Rideau Cottage en Ottawa.<\/p><\/div>\n<p>El primer ministro Justin Trudeau dijo que a partir de este lunes, se les negar\u00e1 el embarque de vuelos y trenes nacionales a las personas que presenten s\u00edntomas relacionados con COVID-19.<\/p>\n<p>Trudeau agreg\u00f3 que ser\u00e1 responsabilidad de las aerol\u00edneas y las compa\u00f1\u00edas ferroviarias determinar si alguien muestra s\u00edntomas de coronavirus y negarles el embarque.<\/p>\n<p>Trudeau acot\u00f3 que a pesar de la medida de Transport Canada, no hay planes para cerrar las fronteras provinciales en este momento.<\/p>\n<p>Trudeau una vez m\u00e1s inst\u00f3 a los canadienses a permanecer en el interior para frenar la propagaci\u00f3n del coronavirus, se\u00f1alando que las medidas de aislamiento social han sido prometedoras, particularmente en la Columbia Brit\u00e1nica.<\/p>\n<p>&nbsp;<\/p>\n<h3><em>Empleado de LCBO y un oficial de inspecci\u00f3n del aeropuerto entre los nuevos casos de coronavirus en GTA<\/em><\/h3>\n<div id=\"attachment_489045\" style=\"width: 310px\" class=\"wp-caption alignnone\"><img loading=\"lazy\" decoding=\"async\" aria-describedby=\"caption-attachment-489045\" class=\"size-medium wp-image-489045\" src=\"https:\/\/diarioelpopular.com\/wp-content\/uploads\/2020\/03\/CPT129517362-300x195.jpg\" alt=\"\" width=\"300\" height=\"195\" \/><p id=\"caption-attachment-489045\" class=\"wp-caption-text\">Una bandera canadiense ondea cerca de una tienda LCBO en Bowmanville, Ontario.<\/p><\/div>\n<p>Un empleado de LCBO y un oficial de inspecci\u00f3n del aeropuerto de Pearson se encuentran entre las personas que dieron positivo por coronavirus en el \u00e1rea metropolitana de Toronto.<\/p>\n<p>LCBO dice que el empleado trabaj\u00f3 por \u00faltima vez el 20 de marzo en la ubicaci\u00f3n de Allen and Rimrock Roads en Toronto.<\/p>\n<p><em><strong>El empleado ahora descansa en casa.<\/strong><\/em><\/p>\n<p>Como medida de precauci\u00f3n, la ubicaci\u00f3n se est\u00e1 cerrando para que pueda realizarse una limpieza profunda. El LCBO tambi\u00e9n est\u00e1 trabajando con funcionarios p\u00fablicos para determinar si alg\u00fan otro empleado tuvo un contacto cercano con la persona que dio positivo.<\/p>\n<p>La Autoridad de Seguridad A\u00e9rea y del Transporte de Canad\u00e1 (CATSA) tambi\u00e9n confirm\u00f3 este viernes que uno de sus oficiales de control en el Aeropuerto Toronto Pearson tambi\u00e9n hab\u00eda dado positivo por COVID-19.<\/p>\n<p>El oficial se encuentra actualmente en autoaislamiento en su hogar. Detalles de cu\u00e1ndo trabaj\u00f3 el empleado por \u00faltima vez y d\u00f3nde no fue proporcionado por CATSA..<\/p>\n","protected":false},"excerpt":{"rendered":"<p>El subdirector de salud p\u00fablica de Canad\u00e1 ha realizado una evaluaci\u00f3n aleccionadora de la lucha del pa\u00eds con la pandemia de COVID-19. &nbsp; OTTAWA.- El&hellip;<\/p>\n","protected":false},"author":99,"featured_media":0,"comment_status":"open","ping_status":"open","sticky":false,"template":"","format":"standard","meta":{"footnotes":""},"categories":[21,11191],"tags":[],"class_list":["post-489042","post","type-post","status-publish","format-standard","hentry","category-canada","category-top-news"],"_links":{"self":[{"href":"https:\/\/diarioelpopular.com\/index.php\/wp-json\/wp\/v2\/posts\/489042","targetHints":{"allow":["GET"]}}],"collection":[{"href":"https:\/\/diarioelpopular.com\/index.php\/wp-json\/wp\/v2\/posts"}],"about":[{"href":"https:\/\/diarioelpopular.com\/index.php\/wp-json\/wp\/v2\/types\/post"}],"author":[{"embeddable":true,"href":"https:\/\/diarioelpopular.com\/index.php\/wp-json\/wp\/v2\/users\/99"}],"replies":[{"embeddable":true,"href":"https:\/\/diarioelpopular.com\/index.php\/wp-json\/wp\/v2\/comments?post=489042"}],"version-history":[{"count":1,"href":"https:\/\/diarioelpopular.com\/index.php\/wp-json\/wp\/v2\/posts\/489042\/revisions"}],"predecessor-version":[{"id":489046,"href":"https:\/\/diarioelpopular.com\/index.php\/wp-json\/wp\/v2\/posts\/489042\/revisions\/489046"}],"wp:attachment":[{"href":"https:\/\/diarioelpopular.com\/index.php\/wp-json\/wp\/v2\/media?parent=489042"}],"wp:term":[{"taxonomy":"category","embeddable":true,"href":"https:\/\/diarioelpopular.com\/index.php\/wp-json\/wp\/v2\/categories?post=489042"},{"taxonomy":"post_tag","embeddable":true,"href":"https:\/\/diarioelpopular.com\/index.php\/wp-json\/wp\/v2\/tags?post=489042"}],"curies":[{"name":"wp","href":"https:\/\/api.w.org\/{rel}","templated":true}]}}