{"id":489394,"date":"2020-04-03T00:52:18","date_gmt":"2020-04-03T00:52:18","guid":{"rendered":"https:\/\/diarioelpopular.com\/?p=489394"},"modified":"2020-04-03T00:53:38","modified_gmt":"2020-04-03T00:53:38","slug":"canada-ayudara-con-1-300-euros-mensuales-a-quienes-hayan-perdido-su-empleo-por-el-coronavirus","status":"publish","type":"post","link":"https:\/\/diarioelpopular.com\/index.php\/2020\/04\/03\/canada-ayudara-con-1-300-euros-mensuales-a-quienes-hayan-perdido-su-empleo-por-el-coronavirus\/","title":{"rendered":"Canad\u00e1 ayudar\u00e1 con 2.000 d\u00f3lares mensuales a quienes hayan perdido su empleo por el coronavirus"},"content":{"rendered":"<div id=\"attachment_489395\" style=\"width: 160px\" class=\"wp-caption alignnone\"><img loading=\"lazy\" decoding=\"async\" aria-describedby=\"caption-attachment-489395\" class=\"size-thumbnail wp-image-489395\" src=\"https:\/\/diarioelpopular.com\/wp-content\/uploads\/2020\/04\/Screen-Shot-2020-04-02-at-8.51.23-PM-150x150.png\" alt=\"\" width=\"150\" height=\"150\" \/><p id=\"caption-attachment-489395\" class=\"wp-caption-text\">El primer ministro de Canad\u00e1, Justin Trudeau, habla al pa\u00eds sobre la pandemia del coronavirus desde el exterior de su vivienda en Ottawa.<\/p><\/div>\n<h2 class=\"font_secondary color_gray_dark \">Los afectados podr\u00e1n solicitar acogerse a este beneficio a partir del 6 de abril por un periodo de hasta cuatro meses<\/h2>\n<p>&nbsp;<\/p>\n<p class=\"\">OTTAWA.- El Gobierno de <a href=\"https:\/\/elpais.com\/noticias\/canada\/\" target=\"_blank\" rel=\"noopener\" data-link-track-dtm=\"\">Canad\u00e1<\/a> ha acordado, este jueves, como parte de su Plan de Respuesta Econ\u00f3mica para paliar los da\u00f1os colaterales de la pandemia de coronavirus, una ayuda de 2.000 d\u00f3lares canadienses a los trabajadores que hayan perdido su empleo a causa del impacto de la Covid-19 en la econom\u00eda. Los afectados podr\u00e1n optar a esta ayuda durante un periodo de hasta cuatro meses.<\/p>\n<p class=\"\">El plan incluye a los trabajadores aut\u00f3nomos que hayan tenido que detener su actividad por el coronavirus y no tengan derecho a permisos pagados y otro tipo de ingresos. Tambi\u00e9n a quienes hayan perdido su empleo, as\u00ed como a los trabajadores que est\u00e9n enfermos, en cuarentena o al cuidado de otra persona contagiada con coronavirus.<\/p>\n<p class=\"\">\u201cDesde el principio, nos hemos comprometido a apoyar a todos los canadienses que no pueden trabajar debido a la pandemia de Covid-19. Nadie deber\u00eda tener que preocuparse por pagar su renta o hipoteca, o por mantener a sus familias&#8221;, ha indicado la ministra de Trabajo, Carla Qualtrough, en un comunicado.<\/p>\n<p class=\"\">Los supuestos tambi\u00e9n incluyen a los padres que deben permanecer en casa sin recibir ingresos para cuidar a sus hijos enfermos o que necesitan cuidados por el cierre de las escuelas. El Gobierno ofrece ayudas, asimismo, a quienes no han perdido su empleo pero no hayan tenido ingresos bien porque no hay suficiente trabajo y su empleador les ha pedido que no acudan a su puesto de trabajo.<\/p>\n<p class=\"\">Los canadienses que cumplan las condiciones podr\u00e1n solicitar el subsidio a partir del 6 de abril. \u201cLa prioridad del Gobierno de Canad\u00e1 es garantizar que los canadienses reciban el dinero al que tienen derecho lo antes posible\u201d, ha subrayado, por su parte, el presidente del Tesoro, Jean-Yves Duclos, quien ha explicado que esperan que los beneficiarios puedan cobrar la prestaci\u00f3n en un periodo de entre 3 y 5 d\u00edas h\u00e1biles.<\/p>\n","protected":false},"excerpt":{"rendered":"<p>Los afectados podr\u00e1n solicitar acogerse a este beneficio a partir del 6 de abril por un periodo de hasta cuatro meses &nbsp; OTTAWA.- El Gobierno&hellip;<\/p>\n","protected":false},"author":99,"featured_media":0,"comment_status":"open","ping_status":"open","sticky":false,"template":"","format":"standard","meta":{"footnotes":""},"categories":[21,11191],"tags":[],"class_list":["post-489394","post","type-post","status-publish","format-standard","hentry","category-canada","category-top-news"],"_links":{"self":[{"href":"https:\/\/diarioelpopular.com\/index.php\/wp-json\/wp\/v2\/posts\/489394","targetHints":{"allow":["GET"]}}],"collection":[{"href":"https:\/\/diarioelpopular.com\/index.php\/wp-json\/wp\/v2\/posts"}],"about":[{"href":"https:\/\/diarioelpopular.com\/index.php\/wp-json\/wp\/v2\/types\/post"}],"author":[{"embeddable":true,"href":"https:\/\/diarioelpopular.com\/index.php\/wp-json\/wp\/v2\/users\/99"}],"replies":[{"embeddable":true,"href":"https:\/\/diarioelpopular.com\/index.php\/wp-json\/wp\/v2\/comments?post=489394"}],"version-history":[{"count":2,"href":"https:\/\/diarioelpopular.com\/index.php\/wp-json\/wp\/v2\/posts\/489394\/revisions"}],"predecessor-version":[{"id":489397,"href":"https:\/\/diarioelpopular.com\/index.php\/wp-json\/wp\/v2\/posts\/489394\/revisions\/489397"}],"wp:attachment":[{"href":"https:\/\/diarioelpopular.com\/index.php\/wp-json\/wp\/v2\/media?parent=489394"}],"wp:term":[{"taxonomy":"category","embeddable":true,"href":"https:\/\/diarioelpopular.com\/index.php\/wp-json\/wp\/v2\/categories?post=489394"},{"taxonomy":"post_tag","embeddable":true,"href":"https:\/\/diarioelpopular.com\/index.php\/wp-json\/wp\/v2\/tags?post=489394"}],"curies":[{"name":"wp","href":"https:\/\/api.w.org\/{rel}","templated":true}]}}