{"id":489417,"date":"2020-04-03T15:06:15","date_gmt":"2020-04-03T15:06:15","guid":{"rendered":"https:\/\/diarioelpopular.com\/?p=489417"},"modified":"2020-04-03T15:06:15","modified_gmt":"2020-04-03T15:06:15","slug":"los-canadienses-quieren-saber-que-tan-malo-podria-ser-esto-alguien-esta-listo-para-decirnos","status":"publish","type":"post","link":"https:\/\/diarioelpopular.com\/index.php\/2020\/04\/03\/los-canadienses-quieren-saber-que-tan-malo-podria-ser-esto-alguien-esta-listo-para-decirnos\/","title":{"rendered":"Los canadienses quieren saber qu\u00e9 tan malo podr\u00eda ser esto.  \u00bfAlguien est\u00e1 listo para decirnos?"},"content":{"rendered":"<div id=\"attachment_489418\" style=\"width: 646px\" class=\"wp-caption alignnone\"><img loading=\"lazy\" decoding=\"async\" aria-describedby=\"caption-attachment-489418\" class=\"size-custom-full-size wp-image-489418\" src=\"https:\/\/diarioelpopular.com\/wp-content\/uploads\/2020\/04\/covid-cda-20200331-636x449.jpg\" alt=\"\" width=\"636\" height=\"449\" \/><p id=\"caption-attachment-489418\" class=\"wp-caption-text\">El primer ministro Justin Trudeau llega para dirigirse a los canadienses en la pandemia COVID-19 de Rideau Cottage en Ottawa.<\/p><\/div>\n<h4><em>Los llamamientos a la solidaridad y el esp\u00edritu comunitario son bienvenidos, pero en alg\u00fan momento, las personas deben prepararse para lo peor<\/em><\/h4>\n<p>&nbsp;<\/p>\n<p><a href=\"https:\/\/www.cbc.ca\/news\/politics\/aaron-wherry-1.3396423\">Aaron Wherry<\/a><\/p>\n<p>&nbsp;<\/p>\n<p><em><strong>OTTAWA.-<\/strong><\/em> Cuando se le pregunt\u00f3 c\u00f3mo podr\u00eda terminar esta crisis, el primer ministro insisti\u00f3 en que la historia a\u00fan se estaba escribiendo. Con el desaf\u00edo de explicar lo que podr\u00eda deparar el futuro, Justin Trudeau dirigi\u00f3 la atenci\u00f3n de todos al presente.<\/p>\n<p>El idioma del primer ministro fue particularmente duro.<\/p>\n<p>&#8220;Este es el programa econ\u00f3mico m\u00e1s grande en la historia de Canad\u00e1&#8221;, dijo sobre las medidas que el gobierno federal ha esbozado en las \u00faltimas tres semanas para mantener viva la econom\u00eda.<\/p>\n<p>&#8220;Canad\u00e1 no ha visto este tipo de movilizaci\u00f3n c\u00edvica desde la Segunda Guerra Mundial&#8221;, dijo sobre el esfuerzo masivo para reorientar a la sociedad canadiense en torno a un \u00fanico objetivo general.<\/p>\n<p>Se refiri\u00f3 a la pandemia como una &#8220;pelea&#8221; que Canad\u00e1 debe ganar. El objetivo, dijo, era &#8220;derrotar&#8221; COVID-19. Y volvi\u00f3 a un tema de servicio.<\/p>\n<p>&#8220;Todos tenemos que responder al llamado del deber&#8221;, dijo.<\/p>\n<p>El uso de Trudeau del lenguaje de tiempos de guerra podr\u00eda ayudar a las personas a comprender cu\u00e1n grave es la situaci\u00f3n actual.<\/p>\n<p>&nbsp;<\/p>\n<p><em><strong>N\u00fameros sombr\u00edos, l\u00edneas de tiempo largas<\/strong><\/em><\/p>\n<p>Pero la presi\u00f3n p\u00fablica para obtener m\u00e1s informaci\u00f3n est\u00e1 aumentando. \u00bfCu\u00e1nto tiempo podr\u00edamos estar en esta batalla? \u00bfQu\u00e9 tan brutal podr\u00eda ser?<\/p>\n<p>Ese deseo de respuestas se ha intensificado en los \u00faltimos d\u00edas por la decisi\u00f3n de la administraci\u00f3n Trump de lanzar una cifra estimada de muertes para los Estados Unidos y la filtraci\u00f3n de un documento canadiense que sugiere que al menos algunas medidas relacionadas con virus podr\u00edan estar vigentes hasta julio.<\/p>\n<p>En \u00faltima instancia, la pregunta para el primer ministro es si est\u00e1 diciendo o haciendo lo suficiente para preparar adecuadamente a los canadienses para lo que pueda venir despu\u00e9s.<\/p>\n<p>Cuando se le pregunt\u00f3 sobre el futuro, Trudeau se neg\u00f3 a ser preciso, m\u00e1s bien evasivo.<\/p>\n<p>&#8220;He dicho desde el principio que hay una amplia gama de escenarios que hemos estado buscando, que estamos planeando, que estamos tratando de trabajar como gobierno, como pa\u00eds&#8221;, dijo. &#8220;Sabemos que van a estar en su lugar durante varias semanas m\u00e1s, tal vez m\u00e1s meses, pero todo depende de c\u00f3mo se comporten los canadienses&#8221;.<\/p>\n<p>Desde el principio, Trudeau ha enmarcado la respuesta nacional como un esfuerzo compartido de gobiernos y ciudadanos.<\/p>\n<p>&nbsp;<\/p>\n<p><em><strong>La diferencia entre el mejor y el peor de los casos<\/strong><\/em><\/p>\n<p>Predecir la propagaci\u00f3n y el costo de una pandemia de una vez en un siglo, y las medidas que podr\u00edan ser necesarias para contrarrestar, es dif\u00edcil.<\/p>\n<p>El asado 11 de marzo, la ministra de Salud, Patty Hajdu, dijo que solo el 30 por ciento de los canadienses y hasta el 70 por ciento podr\u00edan infectarse con el nuevo coronavirus. Ese rango abarca desde 11.3 millones de personas hasta 26.3 millones de personas.<\/p>\n<p>No est\u00e1 claro cu\u00e1nto m\u00e1s precisos podr\u00edan haber sido los modelos cient\u00edficos y estad\u00edsticos en las \u00faltimas tres semanas.<\/p>\n<p>El federalismo probablemente agrega un grado adicional de complejidad; Tanto la situaci\u00f3n como los detalles de la respuesta var\u00edan de una provincia a otra.<\/p>\n<p>A ese respecto, las provincias individuales podr\u00edan estar mejor posicionadas para ofrecer sus propias proyecciones individuales, algo que ninguna provincia ha hecho hasta ahora.<\/p>\n<p>Que la situaci\u00f3n en Canad\u00e1 podr\u00eda empeorar mucho no deber\u00eda perderse en nadie en este momento. Las im\u00e1genes e historias que salen de lugares como Italia y Nueva York han sido ampliamente difundidas. En todo el mundo, m\u00e1s de 45,000 personas han muerto. Segmentos masivos de la sociedad canadiense se han cerrado o reducido.<\/p>\n<p>&nbsp;<\/p>\n<p><em><strong>\u00bfCu\u00e1nto tiempo? \u00bfCu\u00e1ntos?<\/strong><\/em><\/p>\n<p>Pero todav\u00eda existen bolsas de complacencia. Los oficiales de ordenanza en Ottawa recientemente tuvieron que romper la fiesta de cumplea\u00f1os de un ni\u00f1o al que asistieron m\u00e1s de una docena de ni\u00f1os.<\/p>\n<p>Tambi\u00e9n es natural preguntarse por cu\u00e1nto tiempo nuestras vidas podr\u00edan verse alteradas o cambiadas.<\/p>\n<p>Si el gobierno nos dijera ma\u00f1ana que 50,000 personas podr\u00edan morir en Canad\u00e1 (un n\u00famero seleccionado completamente al azar), \u00bfeso har\u00eda que alguien se tome esto m\u00e1s en serio? \u00bfCausar\u00eda que la gente entre en p\u00e1nico? \u00bfPodr\u00eda, perversamente, hacer que algunas personas calculen que las advertencias oficiales han sido exageradas?<\/p>\n<p>\u00bfEs posible que sigamos teniendo distancia social este verano? \u00bfEs posible que algunas medidas se relajen y luego se apliquen nuevamente? La respuesta probable a ambas preguntas es &#8216;s\u00ed&#8217;.<\/p>\n<p>Cuando la tormenta est\u00e1 avanzando, puede ser tentador dejar de lado las preguntas sobre lo que har\u00e1 despu\u00e9s de que pase.<\/p>\n<p>A la pregunta de qu\u00e9 sucede despu\u00e9s, la respuesta de Trudeau es que todo depende de lo que hagamos ahora. Dentro de dos semanas, podr\u00eda ser m\u00e1s f\u00e1cil decir c\u00f3mo ser\u00e1n los pr\u00f3ximos dos meses.<\/p>\n<p>&#8220;Lo bien que hagamos esto ahora determina d\u00f3nde estar\u00e1 nuestro pa\u00eds en dos semanas o en dos meses&#8221;, dijo Trudeau. &#8220;Est\u00e1 en nuestras manos. Est\u00e1 en tus manos&#8221;.<\/p>\n<p>Pero a medida que la sociedad canadiense pasa de la lucha para cerrar a refugiarse en el lugar, no solo ser\u00e1n los periodistas los que har\u00e1n preguntas sobre lo que est\u00e1 sucediendo y hacia d\u00f3nde nos dirigimos.<\/p>\n<p>&nbsp;<\/p>\n<p><em><strong>Transparencia y confianza<\/strong><\/em><\/p>\n<p>En raras ocasiones, si alguna vez, un l\u00edder ha entrado en guerra con una proyecci\u00f3n p\u00fablica de cu\u00e1ntos podr\u00edan morir, o un pron\u00f3stico particularmente preciso de cu\u00e1nto tiempo podr\u00eda llevar. Entonces Trudeau podr\u00eda ser perdonado por no apresurarse a ofrecer predicciones.<\/p>\n<p>Pero hemos visto a muchos l\u00edderes fallar en el pasado para ser honestos y transparentes cuando se trata de hacer la guerra. Y existe el riesgo de que los l\u00edderes sean vistos como algo oculto si son menos que totalmente y totalmente transparentes en este momento.<\/p>\n<p>Eso, a su vez, podr\u00eda dificultar el mantenimiento de la confianza y el apoyo del p\u00fablico, lo que podr\u00eda socavar los esfuerzos por controlar la pandemia.<\/p>\n<p>Trudeau ha convocado a los canadienses. Ha empatizado, alentado, engatusado, advertido y rega\u00f1ado. Ha compartido historias de hero\u00edsmo y buena ciudadan\u00eda. Prometi\u00f3 el apoyo del gobierno y trat\u00f3 de brindarle tranquilidad.<\/p>\n<p>No ha ocultado el hecho de que esto no ser\u00e1 f\u00e1cil. Y ha hablado en t\u00e9rminos de &#8220;meses&#8221;.<\/p>\n<p>La importancia de lo que hacemos ahora no se puede perder en un apuro por descubrir qu\u00e9 sucede despu\u00e9s.<\/p>\n<p>Pero al menos parte de la tarea del primer ministro ahora es preparar a los canadienses para lo dif\u00edcil que podr\u00eda ser, incluso en el mejor de los casos.<\/p>\n","protected":false},"excerpt":{"rendered":"<p>Los llamamientos a la solidaridad y el esp\u00edritu comunitario son bienvenidos, pero en alg\u00fan momento, las personas deben prepararse para lo peor &nbsp; Aaron Wherry&hellip;<\/p>\n","protected":false},"author":99,"featured_media":0,"comment_status":"open","ping_status":"open","sticky":false,"template":"","format":"standard","meta":{"footnotes":""},"categories":[21,11191],"tags":[],"class_list":["post-489417","post","type-post","status-publish","format-standard","hentry","category-canada","category-top-news"],"_links":{"self":[{"href":"https:\/\/diarioelpopular.com\/index.php\/wp-json\/wp\/v2\/posts\/489417","targetHints":{"allow":["GET"]}}],"collection":[{"href":"https:\/\/diarioelpopular.com\/index.php\/wp-json\/wp\/v2\/posts"}],"about":[{"href":"https:\/\/diarioelpopular.com\/index.php\/wp-json\/wp\/v2\/types\/post"}],"author":[{"embeddable":true,"href":"https:\/\/diarioelpopular.com\/index.php\/wp-json\/wp\/v2\/users\/99"}],"replies":[{"embeddable":true,"href":"https:\/\/diarioelpopular.com\/index.php\/wp-json\/wp\/v2\/comments?post=489417"}],"version-history":[{"count":1,"href":"https:\/\/diarioelpopular.com\/index.php\/wp-json\/wp\/v2\/posts\/489417\/revisions"}],"predecessor-version":[{"id":489419,"href":"https:\/\/diarioelpopular.com\/index.php\/wp-json\/wp\/v2\/posts\/489417\/revisions\/489419"}],"wp:attachment":[{"href":"https:\/\/diarioelpopular.com\/index.php\/wp-json\/wp\/v2\/media?parent=489417"}],"wp:term":[{"taxonomy":"category","embeddable":true,"href":"https:\/\/diarioelpopular.com\/index.php\/wp-json\/wp\/v2\/categories?post=489417"},{"taxonomy":"post_tag","embeddable":true,"href":"https:\/\/diarioelpopular.com\/index.php\/wp-json\/wp\/v2\/tags?post=489417"}],"curies":[{"name":"wp","href":"https:\/\/api.w.org\/{rel}","templated":true}]}}