{"id":489444,"date":"2020-04-03T16:15:24","date_gmt":"2020-04-03T16:15:24","guid":{"rendered":"https:\/\/diarioelpopular.com\/?p=489444"},"modified":"2020-04-03T16:15:24","modified_gmt":"2020-04-03T16:15:24","slug":"militares-se-dirigen-a-quebec-100-millones-para-bancos-de-alimentos-informo-el-primer-minisro","status":"publish","type":"post","link":"https:\/\/diarioelpopular.com\/index.php\/2020\/04\/03\/militares-se-dirigen-a-quebec-100-millones-para-bancos-de-alimentos-informo-el-primer-minisro\/","title":{"rendered":"Militares se dirigen a Quebec, $ 100 millones para bancos de alimentos: inform\u00f3 el Primer Minisro"},"content":{"rendered":"<div id=\"attachment_489445\" style=\"width: 160px\" class=\"wp-caption alignnone\"><img loading=\"lazy\" decoding=\"async\" aria-describedby=\"caption-attachment-489445\" class=\"size-thumbnail wp-image-489445\" src=\"https:\/\/diarioelpopular.com\/wp-content\/uploads\/2020\/04\/image-2-1-150x84.jpg\" alt=\"\" width=\"150\" height=\"84\" \/><p id=\"caption-attachment-489445\" class=\"wp-caption-text\">El primer ministro Justin Trudeau<\/p><\/div>\n<h4><em>El primer ministro Justin Trudeau dijo que el gobierno federal est\u00e1 aportando $ 100 millones para ayudar a las &#8220;necesidades alimentarias urgentes&#8221; de los canadienses que luchan por poner las comidas sobre la mesa mientras esperan que lleguen los beneficios federales de emergencia, y dice que se le ha pedido al ej\u00e9rcito para desplegar en Quebec.<\/em><\/h4>\n<p>&nbsp;<\/p>\n<p><em>EDT \u00daltima actualizaci\u00f3n viernes 3 de abril de 2020 11:45 a.m. EDT<\/em><\/p>\n<p>&nbsp;<\/p>\n<p><em><strong>OTTAWA &#8211;<\/strong> <\/em>Este viernes, Trudeau anunci\u00f3 que Quebec es la primera provincia en solicitar que se convoque a las Fuerzas Armadas canadienses para ayudar a responder a la pandemia de COVID-19. La provincia ha pedido que los miembros de las Fuerzas Armadas de Canad\u00e1 se desplieguen en el norte de Quebec para ayudar a las comunidades aisladas a combatir los brotes locales.<\/p>\n<p>Trudeau hab\u00eda dicho previamente que los militares estar\u00edan listos para desplegarse una vez que se hiciera una solicitud.<\/p>\n<p>El primer ministro tambi\u00e9n anunci\u00f3 nuevos fondos para ayudar a los bancos de alimentos y las organizaciones locales de alimentos a entregar alimentos a las poblaciones vulnerables de todo Canad\u00e1 que necesitan ayuda.<\/p>\n<p>Al calificar el trabajo realizado por los bancos de alimentos y sus voluntarios como &#8220;esencial&#8221;, Trudeau dijo que no hay duda de que necesitan m\u00e1s apoyo en este momento, alentando a aquellos que tienen los medios para considerar ayudar.<\/p>\n<p><em><strong>De los $ 100 millones:<\/strong><\/em><\/p>\n<p>$ 50 millones se destinar\u00e1n a los bancos de alimentos de Canad\u00e1;<\/p>\n<p>$ 20 millones se repartir\u00e1n entre el Ej\u00e9rcito de Salvaci\u00f3n, Second Harvest, Community Food Centers Canada y Breakfast Club of Canada; y<\/p>\n<p>$ 30 millones se destinar\u00e1n a organizaciones locales enfocadas en la inseguridad alimentaria.<\/p>\n<p>El gobierno tambi\u00e9n acelerar\u00e1 el cronograma del cr\u00e9dito GST previamente anunciado para personas de bajos ingresos, diciendo que los adultos que califican ahora recibir\u00e1n el cr\u00e9dito en abril, en lugar de mayo.<\/p>\n<p>Tambi\u00e9n han llegado a un acuerdo con los principales bancos para que sea m\u00e1s f\u00e1cil para todos los que reciben los beneficios de emergencia establecer un dep\u00f3sito directo, lo que significa que recibir\u00e1n su dinero un poco antes.<\/p>\n<p>Trudeau hab\u00eda anunciado previamente apoyos econ\u00f3micos espec\u00edficos para grupos vulnerables, incluidos ancianos, la poblaci\u00f3n sin hogar, los pueblos ind\u00edgenas y las mujeres y ni\u00f1os que huyen de la violencia dom\u00e9stica. El gobierno federal tambi\u00e9n ha asignado fondos adicionales para organizaciones ben\u00e9ficas para ayudar a personas mayores y j\u00f3venes, con la promesa de que pronto llegar\u00e1n m\u00e1s para los canadienses en pobreza y otros grupos marginados.<\/p>\n<p>El primer ministro tambi\u00e9n se ha enfrentado a numerosos llamados para presentar una imagen m\u00e1s clara de las proyecciones para la pandemia de COVID-19 en todo el pa\u00eds.<\/p>\n<p>Con Ontario a punto de lanzar su modelo COVID-19 este viernes por la tarde, los canadienses en esa provincia se dirigir\u00e1n a su fin de semana con una idea de cu\u00e1les podr\u00edan ser los mejores y peores resultados, seg\u00fan la informaci\u00f3n hasta ahora.<\/p>\n<p>Trudeau dijo que ha visto los n\u00fameros de Ontario y que compartir\u00e1 la perspectiva federal en unos d\u00edas.<\/p>\n<p>Los funcionarios federales a\u00fan no se han aventurado m\u00e1s all\u00e1 de decir que las medidas de salud p\u00fablica, como el distanciamiento f\u00edsico, podr\u00edan estar vigentes durante semanas o meses para evitar un aumento que paralizar\u00eda el sistema de atenci\u00f3n m\u00e9dica, con una estimaci\u00f3n al inicio del brote de que entre 30 y el 70 por ciento de los canadienses podr\u00edan contraer el virus.<\/p>\n<p>Este jueves por la noche, Trudeau realiz\u00f3 una llamada de dos horas con la viceprimera ministra Chrystia Freeland y los premiers de Canad\u00e1 sobre la situaci\u00f3n de la pandemia.<\/p>\n<p>Seg\u00fan un resumen de la reuni\u00f3n emitida por la oficina del primer ministro, los l\u00edderes federales y provinciales &#8220;reafirmaron su compromiso de continuar la colaboraci\u00f3n y coordinaci\u00f3n&#8221;, y discutieron la acumulaci\u00f3n continua de suministros m\u00e9dicos y equipo de protecci\u00f3n.<\/p>\n<p>La convocatoria tambi\u00e9n incluy\u00f3 una discusi\u00f3n sobre el intercambio de informaci\u00f3n y las acciones de emergencia ya tomadas por las distintas provincias y territorios.<\/p>\n<p>En la adquisici\u00f3n en curso, Trudeau anunci\u00f3 este viernes que el gobierno federal ha firmado un acuerdo con Amazon Canad\u00e1 para administrar la distribuci\u00f3n de este equipo esencial a las provincias y territorios.<\/p>\n","protected":false},"excerpt":{"rendered":"<p>El primer ministro Justin Trudeau dijo que el gobierno federal est\u00e1 aportando $ 100 millones para ayudar a las &#8220;necesidades alimentarias urgentes&#8221; de los canadienses&hellip;<\/p>\n","protected":false},"author":99,"featured_media":0,"comment_status":"open","ping_status":"open","sticky":false,"template":"","format":"standard","meta":{"footnotes":""},"categories":[21,11191],"tags":[],"class_list":["post-489444","post","type-post","status-publish","format-standard","hentry","category-canada","category-top-news"],"_links":{"self":[{"href":"https:\/\/diarioelpopular.com\/index.php\/wp-json\/wp\/v2\/posts\/489444","targetHints":{"allow":["GET"]}}],"collection":[{"href":"https:\/\/diarioelpopular.com\/index.php\/wp-json\/wp\/v2\/posts"}],"about":[{"href":"https:\/\/diarioelpopular.com\/index.php\/wp-json\/wp\/v2\/types\/post"}],"author":[{"embeddable":true,"href":"https:\/\/diarioelpopular.com\/index.php\/wp-json\/wp\/v2\/users\/99"}],"replies":[{"embeddable":true,"href":"https:\/\/diarioelpopular.com\/index.php\/wp-json\/wp\/v2\/comments?post=489444"}],"version-history":[{"count":1,"href":"https:\/\/diarioelpopular.com\/index.php\/wp-json\/wp\/v2\/posts\/489444\/revisions"}],"predecessor-version":[{"id":489446,"href":"https:\/\/diarioelpopular.com\/index.php\/wp-json\/wp\/v2\/posts\/489444\/revisions\/489446"}],"wp:attachment":[{"href":"https:\/\/diarioelpopular.com\/index.php\/wp-json\/wp\/v2\/media?parent=489444"}],"wp:term":[{"taxonomy":"category","embeddable":true,"href":"https:\/\/diarioelpopular.com\/index.php\/wp-json\/wp\/v2\/categories?post=489444"},{"taxonomy":"post_tag","embeddable":true,"href":"https:\/\/diarioelpopular.com\/index.php\/wp-json\/wp\/v2\/tags?post=489444"}],"curies":[{"name":"wp","href":"https:\/\/api.w.org\/{rel}","templated":true}]}}