{"id":489566,"date":"2020-04-06T16:19:16","date_gmt":"2020-04-06T16:19:16","guid":{"rendered":"https:\/\/diarioelpopular.com\/?p=489566"},"modified":"2020-04-06T16:19:16","modified_gmt":"2020-04-06T16:19:16","slug":"ontario-se-quedara-sin-equipo-de-proteccion-en-una-semana-gracias-a-donald-trump","status":"publish","type":"post","link":"https:\/\/diarioelpopular.com\/index.php\/2020\/04\/06\/ontario-se-quedara-sin-equipo-de-proteccion-en-una-semana-gracias-a-donald-trump\/","title":{"rendered":"Ontario se quedar\u00e1 sin equipo de protecci\u00f3n en una semana, gracias a Donald Trump"},"content":{"rendered":"<div id=\"attachment_489567\" style=\"width: 310px\" class=\"wp-caption alignnone\"><img loading=\"lazy\" decoding=\"async\" aria-describedby=\"caption-attachment-489567\" class=\"size-medium wp-image-489567\" src=\"https:\/\/diarioelpopular.com\/wp-content\/uploads\/2020\/04\/22601825-300x169.jpg\" alt=\"\" width=\"300\" height=\"169\" \/><p id=\"caption-attachment-489567\" class=\"wp-caption-text\">Una enfermera usa la ropa protectora utilizada para tratar a pacientes en el Sunnybrook and Women&#8217;s Hospital en Toronto.<\/p><\/div>\n<h4><em>Para el pr\u00f3ximo lunes, los trabajadores de atenci\u00f3n m\u00e9dica de Ontario pueden no tener el equipo de protecci\u00f3n personal requerido para protegerlos del nuevo coronavirus.<\/em><\/h4>\n<p>&nbsp;<\/p>\n<p><em><strong>TORONTO.-<\/strong><\/em> El premier de Ontario, Doug Ford, dijo este lunes que la provincia se quedar\u00e1 sin el equipo de protecci\u00f3n crucial en una semana despu\u00e9s de que Estados Unidos impidi\u00f3 que un env\u00edo masivo de m\u00e1scaras cruzara la frontera este domingo.<\/p>\n<p>En una entrevista individual con la periodista de CityNews Cynthia Mulligan este lunes por la ma\u00f1ana, Ford dijo que el env\u00edo se detuvo por orden del presidente Donald Trump que conten\u00eda tres millones de m\u00e1scaras.<\/p>\n<p>Ford agreg\u00f3 que no sabe si la provincia podr\u00e1 obtener nuevas m\u00e1scaras antes de que se agoten las existencias actuales.<\/p>\n<p>Ford ha criticado abiertamente el movimiento de Trump para detener los env\u00edos, calific\u00e1ndolo de &#8220;inaceptable&#8221; y prometiendo aumentar la fabricaci\u00f3n de equipos de protecci\u00f3n personal en Ontario.<\/p>\n<p>&#8220;Cuando te sientas y piensas en tus aliados y en las guerras por las que hemos pasado, nos hemos enfrentado hombro a hombro luchando contra los mismos enemigos&#8221;. \u00bfY ahora tenemos un enemigo y estamos en guerra y quieren cerrar las cosas con su aliado m\u00e1s cercano en el mundo? &#8221; Ford dijo desde Queen\u2019s Park.<\/p>\n<p>&#8220;Cuando las cartas est\u00e1n sobre la mesa, uno ve qui\u00e9nes son sus amigos, y creo que esto ha sido muy claro en los \u00faltimos d\u00edas qui\u00e9nes son nuestros amigos&#8221;. \u00bfSabes qui\u00e9nes son nuestros amigos? Cada canadiense, m\u00edrate en el espejo, esos son nuestros amigos en este momento &#8220;.<\/p>\n<p>&nbsp;<\/p>\n<h3><em>Ontario confirma 309 nuevos casos de nuevos coronavirus, 13 muertes m\u00e1s<\/em><\/h3>\n<p>Ontario confirm\u00f3 este lunes 309 nuevos casos de nuevos coronavirus, lo que eleva el total provincial a 4,347.<\/p>\n<p>La actualizaci\u00f3n a las 11 am marca un aumento del 7.7% en el total de casos desde el domingo e incluye 13 nuevas muertes.<\/p>\n<p>La provincia ahora ha visto 132 muertes como resultado del virus, y 1.624 casos se consideran resueltos.<\/p>\n<p>&nbsp;<\/p>\n<h3><em>Comienza el aprendizaje electr\u00f3nico para estudiantes de Ontario en medio del cierre de escuelas de COVID-19<\/em><\/h3>\n<p>Los estudiantes de todo Ontario comienzan a aprender en l\u00ednea este lunes, m\u00e1s de tres semanas despu\u00e9s de que COVID-19 cerr\u00f3 las escuelas en nombre del distanciamiento f\u00edsico.<\/p>\n<p>Los maestros liderar\u00e1n el esfuerzo con lecciones en vivo y pregrabadas, pero el movimiento plantea desaf\u00edos.<\/p>\n<p>El Ministerio de Educaci\u00f3n ha dicho que el aprendizaje electr\u00f3nico no puede reemplazar completamente la experiencia en clase, por lo que el objetivo es ayudar a los estudiantes a continuar su educaci\u00f3n tanto como sea posible durante la pandemia.<\/p>\n<p>Y el ministro de Educaci\u00f3n, Stephen Lecce, est\u00e1 pidiendo a los padres que ayuden a los estudiantes m\u00e1s j\u00f3venes durante la transici\u00f3n, incluso cuando muchos trabajan desde casa.<\/p>\n<p>Mientras tanto, el presidente de la Asociaci\u00f3n de Juntas de Escuelas P\u00fablicas de Ontario ha dicho que las juntas escolares han estado escuchando de los padres en las \u00faltimas semanas que necesitan ayuda para ense\u00f1ar a sus hijos en casa.<\/p>\n<p>Cathy Abraham dijo que todas las juntas de la provincia han estado elaborando un plan local para abordar las necesidades de los estudiantes que pueden no tener acceso a Internet, computadoras o tabletas, o cuyos padres pueden no tener tiempo para supervisar sus estudios.<\/p>\n<p>&#8220;Este es un territorio desconocido para todos&#8221;, dijo el martes pasado, cuando se anunci\u00f3 el cierre prolongado. \u201cSolo les pedimos a los padres que tengan un poco de paciencia con sus juntas escolares mientras intentan resolverlo. No va a ser lo mismo para todos &#8220;.<\/p>\n<p>El ministerio recomienda que los estudiantes de primaria pasen entre cinco y 10 horas aprendiendo por semana, dependiendo de la edad.<\/p>\n<p>Los estudiantes de secundaria, dice, deber\u00edan pasar tres horas por curso por semana si est\u00e1n en un sistema semestral, o la mitad si su horario no se divide en semestres.<\/p>\n<p>Lecce ha dicho que los estudiantes en camino a graduarse no se retrasar\u00e1n debido a la pandemia.<\/p>\n<p>Pero las escuelas permanecer\u00e1n cerradas para los estudiantes hasta al menos el 4 de mayo, dijo el gobierno. Las escuelas fueron cerradas inicialmente solo durante las dos semanas posteriores al receso de marzo, pero la continua propagaci\u00f3n del nuevo coronavirus forz\u00f3 una extensi\u00f3n.<\/p>\n<p>En una carta a los padres, el sindicato que representa a los maestros de primaria de Ontario est\u00e1 pidiendo paciencia mientras todos se adaptan a esta nueva realidad temporal.<\/p>\n<p>&#8220;Tenga en cuenta que estamos aprendiendo sobre c\u00f3mo hacer esto junto con usted&#8221;, dijo la Federaci\u00f3n de Maestros de Primaria de Ontario. &#8220;Sabemos que los padres y cuidadores est\u00e1n estresados y dan lo mejor de s\u00ed mismos&#8221;.<\/p>\n","protected":false},"excerpt":{"rendered":"<p>Para el pr\u00f3ximo lunes, los trabajadores de atenci\u00f3n m\u00e9dica de Ontario pueden no tener el equipo de protecci\u00f3n personal requerido para protegerlos del nuevo coronavirus.&hellip;<\/p>\n","protected":false},"author":99,"featured_media":0,"comment_status":"open","ping_status":"open","sticky":false,"template":"","format":"standard","meta":{"footnotes":""},"categories":[21,11191],"tags":[],"class_list":["post-489566","post","type-post","status-publish","format-standard","hentry","category-canada","category-top-news"],"_links":{"self":[{"href":"https:\/\/diarioelpopular.com\/index.php\/wp-json\/wp\/v2\/posts\/489566","targetHints":{"allow":["GET"]}}],"collection":[{"href":"https:\/\/diarioelpopular.com\/index.php\/wp-json\/wp\/v2\/posts"}],"about":[{"href":"https:\/\/diarioelpopular.com\/index.php\/wp-json\/wp\/v2\/types\/post"}],"author":[{"embeddable":true,"href":"https:\/\/diarioelpopular.com\/index.php\/wp-json\/wp\/v2\/users\/99"}],"replies":[{"embeddable":true,"href":"https:\/\/diarioelpopular.com\/index.php\/wp-json\/wp\/v2\/comments?post=489566"}],"version-history":[{"count":1,"href":"https:\/\/diarioelpopular.com\/index.php\/wp-json\/wp\/v2\/posts\/489566\/revisions"}],"predecessor-version":[{"id":489568,"href":"https:\/\/diarioelpopular.com\/index.php\/wp-json\/wp\/v2\/posts\/489566\/revisions\/489568"}],"wp:attachment":[{"href":"https:\/\/diarioelpopular.com\/index.php\/wp-json\/wp\/v2\/media?parent=489566"}],"wp:term":[{"taxonomy":"category","embeddable":true,"href":"https:\/\/diarioelpopular.com\/index.php\/wp-json\/wp\/v2\/categories?post=489566"},{"taxonomy":"post_tag","embeddable":true,"href":"https:\/\/diarioelpopular.com\/index.php\/wp-json\/wp\/v2\/tags?post=489566"}],"curies":[{"name":"wp","href":"https:\/\/api.w.org\/{rel}","templated":true}]}}