{"id":489618,"date":"2020-04-07T04:03:17","date_gmt":"2020-04-07T04:03:17","guid":{"rendered":"https:\/\/diarioelpopular.com\/?p=489618"},"modified":"2020-04-07T04:03:17","modified_gmt":"2020-04-07T04:03:17","slug":"trudeau-mas-ayuda-para-aquellos-que-no-califican-a-los-beneficios-actuales-de-covid-19","status":"publish","type":"post","link":"https:\/\/diarioelpopular.com\/index.php\/2020\/04\/07\/trudeau-mas-ayuda-para-aquellos-que-no-califican-a-los-beneficios-actuales-de-covid-19\/","title":{"rendered":"Trudeau: M\u00e1s ayuda para aquellos que no califican a los beneficios actuales de COVID-19"},"content":{"rendered":"<h4><em><img loading=\"lazy\" decoding=\"async\" class=\"alignnone size-thumbnail wp-image-489619\" src=\"https:\/\/diarioelpopular.com\/wp-content\/uploads\/2020\/04\/image-7-150x85.jpg\" alt=\"\" width=\"150\" height=\"85\" \/><\/em><\/h4>\n<h4><em>Mientras comienza otra semana cr\u00edtica en los esfuerzos de Canad\u00e1 para aplanar la curva COVID-19, el primer ministro Justin Trudeau dijo que el gobierno federal pronto introducir\u00e1 nuevas medidas para hacer que los beneficios de emergencia sean accesibles para los canadienses que actualmente no califican.<\/em><\/h4>\n<p>&nbsp;<\/p>\n<p><em><strong>OTTAWA.-<\/strong><\/em> Trudeau dijo que los canadienses que todav\u00eda tienen trabajo pero est\u00e1n trabajando 10 horas o menos debido a la pandemia, como la econom\u00eda de trabajo o los trabajadores por contrato, as\u00ed como aquellos que trabajan pero ganan menos dinero de lo que ganar\u00edan si recibieran el Beneficio de Respuesta de Emergencia de Canad\u00e1 (CERB), como los trabajadores de atenci\u00f3n a largo plazo, pronto podr\u00e1n calificar para recibir asistencia federal.<\/p>\n<p>&#8220;Hay grupos de personas que no se est\u00e1n beneficiando del Beneficio de Respuesta a Emergencias de Canad\u00e1 que probablemente deber\u00edan&#8221;, dijo Trudeau. &#8220;Estamos analizando cuidadosamente c\u00f3mo podemos aumentar un poco su salario para que les vaya mejor si permanecen en el trabajo, en lugar de irse del trabajo y recibir el beneficio de respuesta de emergencia&#8221;.<\/p>\n<p>Llam\u00f3 a la expansi\u00f3n de elegibilidad las &#8220;afinaciones&#8221; que deben producirse al lanzar un programa de esta escala con la intenci\u00f3n de llegar a la mayor cantidad de personas posible.<\/p>\n<p>&#8220;Habr\u00e1 excepciones que tenemos que llenar&#8221;, dijo Trudeau.<\/p>\n<p>Durante el fin de semana, Trudeau indic\u00f3 que con las solicitudes de CERB abiertas el lunes de manera escalonada, pronto recibir\u00eda m\u00e1s ayuda directa para los estudiantes que no califican. Tambi\u00e9n hizo un llamado a voluntarios para ayudar a Health Canada con la recopilaci\u00f3n de datos, el seguimiento de casos y el seguimiento de contactos.<\/p>\n<p>Rudeau dijo que 240,000 personas ya hab\u00edan solicitado el beneficio de emergencia para cuando dio su discurso a \u00faltima hora de la ma\u00f1ana. A partir de la sesi\u00f3n informativa ministerial sobre los esfuerzos de COVID-19 que sigui\u00f3 al discurso de Trudeau, &#8220;m\u00e1s de 300,000&#8221; personas hab\u00edan presentado una solicitud, seg\u00fan el presidente de la Junta del Tesoro, Jean-Yves Duclos.<\/p>\n<p>El beneficio proporcionar\u00e1 $ 2,000 por mes durante cuatro meses para aquellos elegibles.<\/p>\n<p>&#8220;Lo que est\u00e1 sucediendo actualmente es que el gobierno federal est\u00e1 reaccionando en una situaci\u00f3n de emergencia, y de una manera de emergencia, que no hemos visto en la historia de la red de seguridad social de Canad\u00e1&#8221;, dijo Duclos.<\/p>\n<p>No todos los canadienses sin trabajo califican para el beneficio de emergencia, para ser elegibles los solicitantes deben haber ganado al menos $ 5,000 en los \u00faltimos 12 meses o en 2019 en su conjunto, y deben estar sin trabajo por razones directamente relacionadas con el Pandemia de COVID-19.<\/p>\n<p>Los estudiantes universitarios son un grupo demogr\u00e1fico considerable que en gran medida se ha quedado en la estacada. Algunos trabajan solo en trabajos ocasionales, de medio tiempo, que pagan menos de $ 5,000 en el transcurso de un a\u00f1o. Otros solo trabajan durante el verano, cuando no hay clases, lo que significa que no han perdido su trabajo debido a la pandemia, pero les ser\u00e1 dif\u00edcil encontrar trabajo en un pa\u00eds en gran medida cerrado una vez que comience el verano.<\/p>\n<p>Entre ellos, graduados recientes como Moncton, N.B. Karine Chiasson, residente que esperaba comenzar a trabajar a tiempo completo hasta que su trabajo fuera cancelado indefinidamente.<\/p>\n<p>&#8220;Al no recibir ninguna ayuda, no tengo idea de c\u00f3mo pagaremos nuestras facturas en aproximadamente seis semanas&#8221;, dijo.<\/p>\n<p>Los proveedores de atenci\u00f3n m\u00e9dica en las afueras del brote de COVID-19, como los fisioterapeutas y los quiropr\u00e1cticos, tambi\u00e9n dicen que los han colgado para que se sequen cuando comienzan a ofrecer consultas virtuales para sus pacientes.<\/p>\n<p>&#8220;Quieren poder atender a los pacientes, pero al hacer esa peque\u00f1a cantidad no califican para el CERB&#8221;, dijo Lisa Munkley, fisioterapeuta en Victoria, B.C., a CTV News.<\/p>\n<p>\u201cS\u00e9 que tambi\u00e9n hay muchos estudiantes universitarios que se preguntan qu\u00e9 tipo de trabajo obtendr\u00e1n este verano. Ahora necesita apoyo y se est\u00e1 trabajando para recibirlo lo antes posible \u201d, dijo Trudeau.<\/p>\n<p>En otro esfuerzo por un alivio financiero adicional, el ministro de Finanzas, Bill Morneau, anunci\u00f3 durante el fin de semana que varios bancos grandes reducir\u00edan las tasas de las tarjetas de cr\u00e9dito para los afectados por COVID-19.<\/p>\n<p>Trudeau llam\u00f3 a esto &#8220;alivio muy necesario de la deuda&#8221;.<\/p>\n<p><em><strong>PROYECTO DE AYUDA EXPANDIDA<\/strong><\/em><\/p>\n<p>El primer ministro tambi\u00e9n dijo que el gobierno est\u00e1 redactando su segunda legislaci\u00f3n de emergencia, est\u00e1 en conversaciones con las otras partes y buscar\u00e1 retirar al Parlamento &#8220;en los pr\u00f3ximos d\u00edas&#8221;, esta vez para aprobar una expansi\u00f3n multimillonaria a COVID-19 medidas de asistencia financiera.<\/p>\n<p>El 1 de abril, Trudeau llam\u00f3 al programa ampliado de subsidio salarial, un subsidio del 75 por ciento para que las empresas mantengan a sus empleados en el personal, por encima del 10 por ciento inicial, el programa econ\u00f3mico m\u00e1s grande en la historia de Canad\u00e1, y por eso cree que el Parlamento deber\u00eda volver a reunirse para aprobarlo Sin embargo, el retiro tambi\u00e9n es necesario porque excede lo que se incluy\u00f3 en la legislaci\u00f3n aprobada durante la primera sesi\u00f3n de emergencia durante la noche.<\/p>\n<p>Tal vez en un intento por limitar las futuras sesiones en persona de la C\u00e1mara de los Comunes en una era de trabajo desde casa, el gobierno ha escrito al Presidente de la C\u00e1mara de los Comunes, Anthony Rota, para que le aconseje sobre lo que ser\u00eda un primer momento hist\u00f3rico: pasar a las sesiones virtuales de la C\u00e1mara de los Comunes como una posible v\u00eda para la responsabilidad democr\u00e1tica digital.<\/p>\n<p>&#8220;Tenemos que buscar formas de convocar virtualmente al Parlamento, para que los parlamentarios de todo el pa\u00eds que fueron elegidos para hacer su trabajo de representar a sus ciudadanos en tiempos normales y en tiempos de crisis puedan hacerse o\u00edr&#8221;, dijo Trudeau. No se trata solo de personas que tienen proximidad al Parlamento, o la capacidad de llegar hasta aqu\u00ed. Necesitamos buscar formas en que nuestra democracia y nuestras instituciones puedan mantenerse fuertes y encarnar y cumplir las funciones que los canadienses necesitan \u201d.<\/p>\n<p>Cuando se le pregunt\u00f3 qu\u00e9 pensaba sobre la virtualizaci\u00f3n, el l\u00edder conservador saliente Andrew Scheer dijo que le gustar\u00eda seguir viendo sesiones en persona con un n\u00famero reducido de parlamentarios y solo reuniones virtuales para los requisitos del comit\u00e9.<\/p>\n<p>&#8220;Estamos presionando para que se realicen regularmente sesiones de rendici\u00f3n de cuentas y supervisi\u00f3n en la C\u00e1mara de los Comunes. Ese es el mejor lugar para responsabilizar a los ministros de sus departamentos y de sus acciones&#8221;, dijo Scheer.<\/p>\n<p>El l\u00edder del NDP, Jagmeet Singh, dijo que cuando la C\u00e1mara de los Comunes vuelve a reunirse, es una oportunidad de &#8220;hacerlo bien&#8221; cuando se trata de asegurarse de que todos los canadienses puedan obtener ayuda en este momento.<\/p>\n<p><em><strong>SEMANA CUATRO DE DISTANCIA F\u00cdSICA<\/strong><\/em><\/p>\n<p>Al ingresar a la cuarta semana de distanciamiento f\u00edsico y cierre de lugares de trabajo no esenciales, los funcionarios de salud dicen que estar\u00e1n observando de cerca la cantidad de casos nuevos que se informan para tener una idea de si las medidas implementadas est\u00e1n demostrando ser efectivas para frenar el virus &#8216; propagar.<\/p>\n<p>Con m\u00e1s informaci\u00f3n sobre la cantidad de casos que llegan de todo el pa\u00eds, el gobierno federal dice que est\u00e1 trabajando en formas de presentar modelos m\u00e1s concretos y predicciones basadas en la ciencia en los pr\u00f3ximos d\u00edas.<\/p>\n<p>\u201cEl aspecto de las pr\u00f3ximas semanas y meses depende de ti. Depende de si te quedas en casa, de si ayudas a proteger a los vulnerables y de asegurarte de que nuestros hospitales no se vean abrumados &#8220;, dijo Trudeau, ofreciendo una vez m\u00e1s una l\u00ednea de tiempo amplia sobre la duraci\u00f3n de las medidas de distanciamiento f\u00edsico.<\/p>\n<p>Trudeau dijo que el gobierno est\u00e1 trabajando para obtener m\u00e1s kits de prueba para obtener una imagen m\u00e1s completa de cu\u00e1ntos canadienses han contra\u00eddo el virus.<\/p>\n<p>&#8220;Todos los d\u00edas estamos haciendo m\u00e1s pruebas que el d\u00eda anterior. Reconocemos que las pruebas a gran escala son un elemento clave para aplanar la curva y lidiar con el pron\u00f3stico a largo plazo de esta pandemia. Tendremos que seguir probando m\u00e1s y m\u00e1s para recuperar esas respuestas r\u00e1pidamente y poder controlar la propagaci\u00f3n del coronavirus a trav\u00e9s de nuestra poblaci\u00f3n &#8220;, dijo Trudeau.<\/p>\n<p>&#8220;Las pruebas ser\u00e1n una parte esencial de c\u00f3mo superamos esto&#8221;, dijo.<\/p>\n<p>Hasta este lunes por la tarde hab\u00eda 16.499 casos confirmados de COVID-19 en Canad\u00e1, con las concentraciones m\u00e1s altas del virus en Quebec y Ontario.<\/p>\n<p><em><strong>SUMINISTRO DE ESTR\u00c9S DE ENV\u00cdO<\/strong><\/em><\/p>\n<p>Tambi\u00e9n se espera que los env\u00edos de suministros m\u00e9dicos esenciales contin\u00faen llegando a Canad\u00e1 esta semana, a medida que la producci\u00f3n nacional aumenta en un esfuerzo por evitar los impactos del aumento global de precios y el proteccionismo. Algunas provincias ya est\u00e1n advirtiendo que est\u00e1n a d\u00edas de quedarse sin equipo de protecci\u00f3n personal, como m\u00e1scaras y guantes de respiraci\u00f3n.<\/p>\n<p>\u201cEs dif\u00edcil, pero es por eso que tenemos que trabajar a\u00fan m\u00e1s duro. Y tambi\u00e9n es por eso que estoy tan agradecido con todos los fabricantes canadienses en todo el pa\u00eds que est\u00e1n dando un paso adelante para descubrir formas en que podemos fabricar el equipo m\u00e9dico, el equipo de prueba que necesitamos aqu\u00ed en Canad\u00e1 &#8220;, el viceprimer ministro Chrystia Freeland dijo el lunes.<\/p>\n<p>Este lunes, Trudeau se\u00f1al\u00f3 que ha habido problemas con entregas retrasadas o incompletas de otros pa\u00edses.<\/p>\n<p>&#8220;Hemos reconocido en las \u00faltimas semanas una serie de situaciones en las que los env\u00edos procedentes de diferentes pa\u00edses del mundo se han retrasado [o] no han llegado con tantos productos como esper\u00e1bamos&#8221;, dijo Trudeau.<\/p>\n<p>Enfrentando preguntas sobre la preocupaci\u00f3n actual de que Estados Unidos est\u00e1 restringiendo a los productores, incluido 3M, el env\u00edo de suministros fabricados en los EE. UU. A Canad\u00e1 y otros lugares, Trudeau dijo que conf\u00eda en que se entregar\u00e1n los env\u00edos pendientes.<\/p>\n<p>\u201cEstamos trabajando con ellos para garantizar que se entreguen los pedidos que ha realizado Canad\u00e1. Esperamos que lleguen esos env\u00edos &#8220;, dijo.<\/p>\n<p>El primer ministro dijo que el ministro de Asuntos Exteriores, Francois-Philippe Champagne, habl\u00f3 este lunes con el secretario de Estado de Estados Unidos, Mike Pompeo, y que las conversaciones contin\u00faan y hasta ahora han sido &#8220;productivas&#8221;.<\/p>\n","protected":false},"excerpt":{"rendered":"<p>Mientras comienza otra semana cr\u00edtica en los esfuerzos de Canad\u00e1 para aplanar la curva COVID-19, el primer ministro Justin Trudeau dijo que el gobierno federal&hellip;<\/p>\n","protected":false},"author":99,"featured_media":0,"comment_status":"open","ping_status":"open","sticky":false,"template":"","format":"standard","meta":{"footnotes":""},"categories":[21,11191],"tags":[],"class_list":["post-489618","post","type-post","status-publish","format-standard","hentry","category-canada","category-top-news"],"_links":{"self":[{"href":"https:\/\/diarioelpopular.com\/index.php\/wp-json\/wp\/v2\/posts\/489618","targetHints":{"allow":["GET"]}}],"collection":[{"href":"https:\/\/diarioelpopular.com\/index.php\/wp-json\/wp\/v2\/posts"}],"about":[{"href":"https:\/\/diarioelpopular.com\/index.php\/wp-json\/wp\/v2\/types\/post"}],"author":[{"embeddable":true,"href":"https:\/\/diarioelpopular.com\/index.php\/wp-json\/wp\/v2\/users\/99"}],"replies":[{"embeddable":true,"href":"https:\/\/diarioelpopular.com\/index.php\/wp-json\/wp\/v2\/comments?post=489618"}],"version-history":[{"count":1,"href":"https:\/\/diarioelpopular.com\/index.php\/wp-json\/wp\/v2\/posts\/489618\/revisions"}],"predecessor-version":[{"id":489620,"href":"https:\/\/diarioelpopular.com\/index.php\/wp-json\/wp\/v2\/posts\/489618\/revisions\/489620"}],"wp:attachment":[{"href":"https:\/\/diarioelpopular.com\/index.php\/wp-json\/wp\/v2\/media?parent=489618"}],"wp:term":[{"taxonomy":"category","embeddable":true,"href":"https:\/\/diarioelpopular.com\/index.php\/wp-json\/wp\/v2\/categories?post=489618"},{"taxonomy":"post_tag","embeddable":true,"href":"https:\/\/diarioelpopular.com\/index.php\/wp-json\/wp\/v2\/tags?post=489618"}],"curies":[{"name":"wp","href":"https:\/\/api.w.org\/{rel}","templated":true}]}}