{"id":489623,"date":"2020-04-07T15:04:41","date_gmt":"2020-04-07T15:04:41","guid":{"rendered":"https:\/\/diarioelpopular.com\/?p=489623"},"modified":"2020-04-07T15:04:41","modified_gmt":"2020-04-07T15:04:41","slug":"21-muertes-mas-de-covid-19-en-ontario-el-total-de-casos-aumenta-en-379","status":"publish","type":"post","link":"https:\/\/diarioelpopular.com\/index.php\/2020\/04\/07\/21-muertes-mas-de-covid-19-en-ontario-el-total-de-casos-aumenta-en-379\/","title":{"rendered":"21 muertes m\u00e1s de COVID-19 en Ontario; el total de casos aumenta en 379"},"content":{"rendered":"<p><strong><em><img loading=\"lazy\" decoding=\"async\" class=\"alignnone size-thumbnail wp-image-489625\" src=\"https:\/\/diarioelpopular.com\/wp-content\/uploads\/2020\/04\/image-1-2-150x150.jpg\" alt=\"\" width=\"150\" height=\"150\" \/><\/em><\/strong><\/p>\n<p><strong><em>Actualizado martes 7 de abril de 2020 10:32 a.m.<\/em><\/strong><\/p>\n<p>&nbsp;<\/p>\n<p><em><strong>TORONTO &#8211;<\/strong><\/em> Las autoridades de salud de Ontario confirmaron veintiuna muertes m\u00e1s relacionadas con COVID-19 este martes por la ma\u00f1ana, ya que se anunciaron 379 casos adicionales del nuevo coronavirus.<\/p>\n<p>El n\u00famero total de casos en la provincia es ahora de 4.726, incluidos 153 pacientes fallecidos.<\/p>\n<p>Actualmente hay 691 personas adicionales bajo investigaci\u00f3n por el virus.<\/p>\n<p>El n\u00famero de casos resueltos en la provincia ahora se ubica en 1,802.<\/p>\n<p>Hasta la fecha, m\u00e1s de 81,000 personas han sido analizadas para detectar COVID-19 en toda la provincia.<\/p>\n<p>Desglose diario: brote de COVID-19 en Ontario<\/p>\n<p>No existen tratamientos espec\u00edficos para el virus y no existe una vacuna que lo proteja contra \u00e9l.<\/p>\n<p>Los s\u00edntomas del virus, que pueden incluir fiebre, tos y dificultad para respirar, son similares a otras infecciones respiratorias.<\/p>\n<p>El sitio web del gobierno de Ontario aconseja a quienes experimentan s\u00edntomas de COVID-19 que se comuniquen con su proveedor de atenci\u00f3n primaria de salud o Telehealth Ontario.<\/p>\n<p>&nbsp;<\/p>\n<h3><em>Los expertos en pandemias ponen &#8216;menos peso&#8217; en las estad\u00edsticas de recuperaci\u00f3n, buscan hospitalizaciones<\/em><\/h3>\n<div id=\"attachment_489624\" style=\"width: 646px\" class=\"wp-caption alignnone\"><img loading=\"lazy\" decoding=\"async\" aria-describedby=\"caption-attachment-489624\" class=\"size-custom-full-size wp-image-489624\" src=\"https:\/\/diarioelpopular.com\/wp-content\/uploads\/2020\/04\/JOHV16057037-e1586251236948-636x358.jpg\" alt=\"\" width=\"636\" height=\"358\" \/><p id=\"caption-attachment-489624\" class=\"wp-caption-text\"><em>Un trabajador de atenci\u00f3n m\u00e9dica de Fraser Health prueba a un paciente en una unidad a trav\u00e9s del centro de pruebas COVID-19 en Burnaby, B.C.<\/em><\/p><\/div>\n<p>&nbsp;<\/p>\n<p>Los cient\u00edficos que rastrean el crecimiento de las pandemias dicen que algunas cifras proporcionadas por funcionarios de salud p\u00fablica dicen m\u00e1s sobre la propagaci\u00f3n del nuevo coronavirus que otras.<\/p>\n<p>Daniel Coombs dice que la cantidad de personas ingresadas en hospitales le dice d\u00f3nde se encuentra COVID-19 en una comunidad, una provincia o en todo el pa\u00eds.<\/p>\n<p>El profesor de matem\u00e1ticas del instituto de matem\u00e1ticas aplicadas de la Universidad de Columbia Brit\u00e1nica dijo que esos n\u00fameros indican mejor el estado diario de COVID-19.<\/p>\n<p>El n\u00famero de nuevas pruebas positivas e informes de cu\u00e1ntas personas se han recuperado es menos importante, dijo Coombs, quien tambi\u00e9n realiz\u00f3 una investigaci\u00f3n sobre los esfuerzos de prevenci\u00f3n de sobredosis durante la epidemia de sobredosis de opioides il\u00edcita en curso en Columbia Brit\u00e1nica.<\/p>\n<p>&#8220;De todas las estad\u00edsticas que se informan, probablemente pondr\u00eda el menor peso en la tasa de recuperaci\u00f3n&#8221;, dijo en una entrevista reciente. &#8220;Es buena informaci\u00f3n. Los n\u00fameros a los que realmente estoy prestando atenci\u00f3n en este momento son los n\u00fameros de personas en el hospital y el n\u00famero de personas en unidades de cuidados intensivos y el n\u00famero de muertes &#8220;.<\/p>\n<p>Dijo que aquellos en el hospital son un recuento definitivo de pacientes que han contra\u00eddo COVID-19, y agreg\u00f3 que los n\u00fameros asociados con las pruebas no son tan firmes porque hay m\u00e1s variables involucradas.<\/p>\n<p>El profesor Junling Ma, del departamento de matem\u00e1tica y estad\u00edstica de la Universidad de Victoria, dijo que proporcionar las cifras de tasa de recuperaci\u00f3n probablemente ser\u00eda visto por el p\u00fablico como reconfortante, pero los cient\u00edficos est\u00e1n analizando datos diferentes.<\/p>\n<p>Ma, que estudia la propagaci\u00f3n de enfermedades infecciosas en las poblaciones, dijo que el n\u00famero diario de casos nuevos proporciona informaci\u00f3n, pero est\u00e1 fechado.<\/p>\n<p>&#8220;Las cifras en este momento no est\u00e1n completamente relacionadas con los nuevos casos de este marte&#8221;, dijo Ma, y agreg\u00f3 que las actualizaciones diarias de casos son de personas que se infectaron hace dos semanas.<\/p>\n<p>Quebec ten\u00eda la noche de este lunes 8.580 casos confirmados, 121 muertes y 533 en el hospital.<\/p>\n<p>B.C. tuvo 1,266 casos confirmados con 140 personas en el hospital y 39 muertes.<\/p>\n<p>Dos docenas de personas murieron en Alberta, que tiene 1.348 casos confirmados.<\/p>\n<p>En general, Canad\u00e1 tuvo 16.666 casos reportados de COVID-19 el lunes, con poco m\u00e1s de 3.600 casos listados como resueltos.<\/p>\n<p>Ma y Coombs dijeron que la cifra de personas que figuran como infectadas con COVID-19 no es tan \u00fatil como algunos otros n\u00fameros porque no todos est\u00e1n siendo examinados. Pero los datos de hospitalizaci\u00f3n proporcionan recuentos reales, dijeron.<\/p>\n<p>En los \u00faltimos d\u00edas, los que reciben atenci\u00f3n hospitalaria en B.C. no se ha disparado, lo que indica que las medidas de autoaislamiento y distanciamiento f\u00edsico de la provincia pueden estar frenando la propagaci\u00f3n de COVID-19, dijo Coombs.<\/p>\n<p>&#8220;Lo que tememos es ver un crecimiento exponencial de todo lo relacionado con la enfermedad en la provincia&#8221;, dijo. &#8220;Siento que la hospitalizaci\u00f3n y el n\u00famero de la UCI es una informaci\u00f3n muy importante y todos pueden pasarla por alto al centrarse en la cantidad de casos nuevos&#8221;.<\/p>\n<p>El Dr. Bonnie Henry, oficial de salud provincial de Columbia Brit\u00e1nica, reconoci\u00f3 la buena fortuna y las lecciones aprendidas de otras provincias por las primeras medidas restrictivas que parecen haber ayudado a frenar la propagaci\u00f3n de COVID-19 en la comunidad.<\/p>\n<p>Aprend\u00ed de Quebec y Ontario, donde las vacaciones de primavera comenzaron dos semanas antes y los viajeros sin saberlo trajeron la enfermedad con ellos, dijo.<\/p>\n<p>&#8220;Gran parte del trabajo que hicimos al principio de esto&#8221;, agreg\u00f3 Henry. &#8220;Parte de esto era el sistema que ten\u00edamos para detectar casos en nuestras comunidades, parte era suerte, y creo que parte era el momento&#8221;.<\/p>\n","protected":false},"excerpt":{"rendered":"<p>Actualizado martes 7 de abril de 2020 10:32 a.m. &nbsp; TORONTO &#8211; Las autoridades de salud de Ontario confirmaron veintiuna muertes m\u00e1s relacionadas con COVID-19&hellip;<\/p>\n","protected":false},"author":99,"featured_media":0,"comment_status":"open","ping_status":"open","sticky":false,"template":"","format":"standard","meta":{"footnotes":""},"categories":[21,11191],"tags":[],"class_list":["post-489623","post","type-post","status-publish","format-standard","hentry","category-canada","category-top-news"],"_links":{"self":[{"href":"https:\/\/diarioelpopular.com\/index.php\/wp-json\/wp\/v2\/posts\/489623","targetHints":{"allow":["GET"]}}],"collection":[{"href":"https:\/\/diarioelpopular.com\/index.php\/wp-json\/wp\/v2\/posts"}],"about":[{"href":"https:\/\/diarioelpopular.com\/index.php\/wp-json\/wp\/v2\/types\/post"}],"author":[{"embeddable":true,"href":"https:\/\/diarioelpopular.com\/index.php\/wp-json\/wp\/v2\/users\/99"}],"replies":[{"embeddable":true,"href":"https:\/\/diarioelpopular.com\/index.php\/wp-json\/wp\/v2\/comments?post=489623"}],"version-history":[{"count":1,"href":"https:\/\/diarioelpopular.com\/index.php\/wp-json\/wp\/v2\/posts\/489623\/revisions"}],"predecessor-version":[{"id":489626,"href":"https:\/\/diarioelpopular.com\/index.php\/wp-json\/wp\/v2\/posts\/489623\/revisions\/489626"}],"wp:attachment":[{"href":"https:\/\/diarioelpopular.com\/index.php\/wp-json\/wp\/v2\/media?parent=489623"}],"wp:term":[{"taxonomy":"category","embeddable":true,"href":"https:\/\/diarioelpopular.com\/index.php\/wp-json\/wp\/v2\/categories?post=489623"},{"taxonomy":"post_tag","embeddable":true,"href":"https:\/\/diarioelpopular.com\/index.php\/wp-json\/wp\/v2\/tags?post=489623"}],"curies":[{"name":"wp","href":"https:\/\/api.w.org\/{rel}","templated":true}]}}