{"id":489636,"date":"2020-04-08T01:57:36","date_gmt":"2020-04-08T01:57:36","guid":{"rendered":"https:\/\/diarioelpopular.com\/?p=489636"},"modified":"2020-04-08T01:57:36","modified_gmt":"2020-04-08T01:57:36","slug":"la-justicia-ecuatoriana-condena-a-rafael-correa-a-ocho-anos-de-carcel-y-a-25-de-inhabilitacion","status":"publish","type":"post","link":"https:\/\/diarioelpopular.com\/index.php\/2020\/04\/08\/la-justicia-ecuatoriana-condena-a-rafael-correa-a-ocho-anos-de-carcel-y-a-25-de-inhabilitacion\/","title":{"rendered":"La justicia ecuatoriana condena a Rafael Correa a ocho a\u00f1os de c\u00e1rcel y a 25 de inhabilitaci\u00f3n"},"content":{"rendered":"<div id=\"attachment_489637\" style=\"width: 646px\" class=\"wp-caption alignnone\"><img loading=\"lazy\" decoding=\"async\" aria-describedby=\"caption-attachment-489637\" class=\"size-custom-full-size wp-image-489637\" src=\"https:\/\/diarioelpopular.com\/wp-content\/uploads\/2020\/04\/Screen-Shot-2020-04-07-at-9.57.01-PM-636x368.png\" alt=\"\" width=\"636\" height=\"368\" \/><p id=\"caption-attachment-489637\" class=\"wp-caption-text\">El expresidente de Ecuador Rafael Correa, durante una entrevista en Bruselas.<\/p><\/div>\n<h4 class=\"font_secondary color_gray_dark \"><em>El expresidente es sentenciado junto a 19 personas, la mitad miembros de su Gobierno, por liderar una red de sobornos<\/em><\/h4>\n<p>&nbsp;<\/p>\n<p class=\"\">El regreso de <a href=\"https:\/\/elpais.com\/noticias\/rafael-correa\/\" data-link-track-dtm=\"\">Rafael Correa<\/a> a la primera l\u00ednea de la pol\u00edtica de Ecuador se complic\u00f3 este martes al ser condenado como l\u00edder de una red de sobornos. La Corte Nacional, m\u00e1ximo tribunal de justicia ordinaria del pa\u00eds, ha sentenciado al expresidente y todos los miembros de su Gobierno procesados a ocho a\u00f1os de c\u00e1rcel y otros 25 de inhabilitaci\u00f3n para ejercer cargos p\u00fablicos por un delito de cohecho agravado. Seg\u00fan la decisi\u00f3n judicial, qued\u00f3 probado que <a href=\"https:\/\/elpais.com\/noticias\/rafael-correa\/\" data-link-track-dtm=\"\">el exmandatario obten\u00eda recursos de empresas privadas para la campa\u00f1a del partido<\/a> con el que gobern\u00f3 durante una d\u00e9cada, Alianza Pa\u00eds, con presiones a cambio de ofrecerles contratos con el Estado.<\/p>\n<p class=\"\">Correa, que reside en B\u00e9lgica, estuvo pendiente a trav\u00e9s de las redes sociales de la decisi\u00f3n judicial que se da en Ecuador en medio de una cruda crisis sanitaria por el coronavirus. La audiencia se celebr\u00f3 en parte de manera presencial, y en parte virtual, con los abogados de los representados en otras salas dentro del mismo edificio para evitar la confluencia de muchas personas en un solo lugar y el riesgo de contagio.<\/p>\n<p class=\"\">El expresidente ya se hab\u00eda mostrado resignado desde el inicio a un resultado desfavorable: &#8220;Esto era lo que buscaban: manejando la justicia, lograr lo que nunca pudieron en las urnas\u201d, public\u00f3 en su perfil de Twitter. Su defensa dijo que apelar\u00e1 la sentencia y anunci\u00f3 que acudir\u00e1 a sedes internacionales para cuestionar la resoluci\u00f3n, a la que calific\u00f3 de \u201cmamarrachada\u201d. Reconoci\u00f3, no obstante, que esa v\u00eda \u201ctoma tiempo\u201d.<\/p>\n<p class=\"\">Ya en febrero, cuando se iniciaba el juicio del llamado <i>Caso Sobornos 2012-2016<\/i> con el exjefe de Estado procesado en ausencia, \u00e9l mismo adelant\u00f3 al canal ruso RT que recurrir\u00eda a la segunda instancia y a todos los recursos. El tiempo corr\u00eda a su favor, seg\u00fan dijo, ya que no habr\u00eda sentencia firme antes de que se abriera el proceso para inscribir las candidaturas a las pr\u00f3ximas elecciones presidenciales de 2021, comicios a los que no descartaba concurrir como \u2018n\u00famero dos\u2019 de otra figura de su confianza, emulando a la argentina Cristina Fern\u00e1ndez. Antes de que Ecuador entrara en emergencia sanitaria y en estado de excepci\u00f3n por la Covid-19, ese plazo electoral estaba previsto para septiembre u octubre.<\/p>\n<p class=\"\">Adem\u00e1s del expresidente, otros 17 acusados recibieron la misma condena de c\u00e1rcel y de inhabilitaci\u00f3n pol\u00edtica por su participaci\u00f3n en la trama de irregularidades, entre ellos, su exvicepresidente Jorge Glas, que ya cumple condena en prisi\u00f3n de seis a\u00f1os por el <a href=\"https:\/\/elpais.com\/noticias\/caso-odebrecht\/\" data-link-track-dtm=\"\"><i>caso Odebrecht.<\/i><\/a> Adem\u00e1s, est\u00e1 su exsecretario jur\u00eddico de Presidencia, Alexis Mera, y sus exministros Mar\u00eda de los \u00c1ngeles Duarte, Walter Sol\u00eds y Vinicio Alvarado, y los exasamble\u00edstas Viviana Bonilla y Christian Viteri. Del total de los sentenciados, 10 son empresarios. La constructora brasile\u00f1a, que hab\u00eda sido implicada al inicio de la investigaci\u00f3n, finalmente no fue acusada por la Fiscal\u00eda.<\/p>\n<p class=\"\">Las dos principales acusadas y a la vez testigos, la exasesora de Presidencia Pamela Mart\u00ednez y la exasistente Laura Ter\u00e1n, han recibido una pena mucho menor por colaborar con la justicia aportando pruebas sobre la trama de sobornos. La primera fue condenada a tres a\u00f1os y dos meses de c\u00e1rcel y la segunda, a un a\u00f1o y siete meses. Entre las dos llevaban anotaciones y un registro de los pagos recibidos y las formas de canalizar el dinero, en efectivo o en cruce de facturas con los contratistas p\u00fablicos a cambio de servicios que no se prestaban o que resultaban inflados.<\/p>\n<p class=\"\">Despu\u00e9s de que la Fiscal\u00eda iniciase la investigaci\u00f3n en abril del 2019 tras una publicaci\u00f3n period\u00edstica del portal <i>MilHojas<\/i> en la que se expon\u00edan los nombres en clave de los altos cargos y los empresarios supuestamente implicados, la cooperaci\u00f3n penal con las dos acusadas permiti\u00f3 encontrar un cuaderno y acceder a varios correos electr\u00f3nicos y archivos donde constaban los intercambios de dinero.<\/p>\n<p class=\"\">Seg\u00fan el Ministerio Fiscal, la trama de aportaciones econ\u00f3micas irregulares de campa\u00f1a se extendi\u00f3 desde 2012 a 2016 y se movieron m\u00e1s de siete millones de d\u00f3lares (unos 6,5 millones de euros). La Procuradur\u00eda General del Estado, que tambi\u00e9n actu\u00f3 como acusaci\u00f3n, cifr\u00f3 el perjuicio al pa\u00eds en 21 millones de d\u00f3lares (19 millones de euros).<\/p>\n<p class=\"\">Adem\u00e1s de la sentencia a prisi\u00f3n y la inhabilitaci\u00f3n pol\u00edtica, los jueces de la Corte Nacional han impuesto, como parte de la reparaci\u00f3n al Estado por el perjuicio causado, la colocaci\u00f3n en Presidencia de una placa apelando a la honradez en el manejo de recursos p\u00fablicos, la orden de pedir disculpas p\u00fablicas y la asistencia obligatoria de los condenados a un curso de 300 horas sobre \u00e9tica y transparencia en la Administraci\u00f3n P\u00fablica.<\/p>\n","protected":false},"excerpt":{"rendered":"<p>El expresidente es sentenciado junto a 19 personas, la mitad miembros de su Gobierno, por liderar una red de sobornos &nbsp; El regreso de Rafael&hellip;<\/p>\n","protected":false},"author":99,"featured_media":0,"comment_status":"open","ping_status":"open","sticky":false,"template":"","format":"standard","meta":{"footnotes":""},"categories":[23],"tags":[],"class_list":["post-489636","post","type-post","status-publish","format-standard","hentry","category-latinoamerica"],"_links":{"self":[{"href":"https:\/\/diarioelpopular.com\/index.php\/wp-json\/wp\/v2\/posts\/489636","targetHints":{"allow":["GET"]}}],"collection":[{"href":"https:\/\/diarioelpopular.com\/index.php\/wp-json\/wp\/v2\/posts"}],"about":[{"href":"https:\/\/diarioelpopular.com\/index.php\/wp-json\/wp\/v2\/types\/post"}],"author":[{"embeddable":true,"href":"https:\/\/diarioelpopular.com\/index.php\/wp-json\/wp\/v2\/users\/99"}],"replies":[{"embeddable":true,"href":"https:\/\/diarioelpopular.com\/index.php\/wp-json\/wp\/v2\/comments?post=489636"}],"version-history":[{"count":1,"href":"https:\/\/diarioelpopular.com\/index.php\/wp-json\/wp\/v2\/posts\/489636\/revisions"}],"predecessor-version":[{"id":489638,"href":"https:\/\/diarioelpopular.com\/index.php\/wp-json\/wp\/v2\/posts\/489636\/revisions\/489638"}],"wp:attachment":[{"href":"https:\/\/diarioelpopular.com\/index.php\/wp-json\/wp\/v2\/media?parent=489636"}],"wp:term":[{"taxonomy":"category","embeddable":true,"href":"https:\/\/diarioelpopular.com\/index.php\/wp-json\/wp\/v2\/categories?post=489636"},{"taxonomy":"post_tag","embeddable":true,"href":"https:\/\/diarioelpopular.com\/index.php\/wp-json\/wp\/v2\/tags?post=489636"}],"curies":[{"name":"wp","href":"https:\/\/api.w.org\/{rel}","templated":true}]}}