{"id":489640,"date":"2020-04-08T02:00:28","date_gmt":"2020-04-08T02:00:28","guid":{"rendered":"https:\/\/diarioelpopular.com\/?p=489640"},"modified":"2020-04-08T02:00:28","modified_gmt":"2020-04-08T02:00:28","slug":"un-ministro-de-brasil-levanta-la-ira-de-china-al-acusarla-de-usar-el-coronavirus-en-un-plan-para-dominar-el-mundo","status":"publish","type":"post","link":"https:\/\/diarioelpopular.com\/index.php\/2020\/04\/08\/un-ministro-de-brasil-levanta-la-ira-de-china-al-acusarla-de-usar-el-coronavirus-en-un-plan-para-dominar-el-mundo\/","title":{"rendered":"Un ministro de Brasil levanta la ira de China al acusarla de usar el coronavirus en \u201cun plan para dominar el mundo\u201d"},"content":{"rendered":"<div id=\"attachment_489641\" style=\"width: 646px\" class=\"wp-caption alignnone\"><img loading=\"lazy\" decoding=\"async\" aria-describedby=\"caption-attachment-489641\" class=\"size-custom-full-size wp-image-489641\" src=\"https:\/\/diarioelpopular.com\/wp-content\/uploads\/2020\/04\/4HRKQP2M2FG4HODAMRVXYGGPVM-636x424.jpg\" alt=\"\" width=\"636\" height=\"424\" \/><p id=\"caption-attachment-489641\" class=\"wp-caption-text\">Tareas de desinfecci\u00f3n en la red de metro de Brasilia este martes.<\/p><\/div>\n<h4 class=\"font_secondary color_gray_dark \"><em>Es el segundo incidente diplom\u00e1tico del Gobierno con el pa\u00eds que fabrica el tan necesitado material sanitario, que adem\u00e1s es su principal socio comercial<\/em><\/h4>\n<p>&nbsp;<\/p>\n<p class=\"\">Con miles de escuelas cerradas y millones de alumnos en casa por <a href=\"https:\/\/elpais.com\/america\/sociedad\/2020-04-07\/coronavirus-en-america-ultimas-noticias-de-la-covid-19-en-vivo.html\" target=\"_blank\" rel=\"noopener\" data-link-track-dtm=\"\">la crisis del coronavirus,<\/a> el ministro de Educaci\u00f3n de Brasil, Abraham Weintraub, ha desatado con un tuit la ira de China, que adem\u00e1s de pa\u00eds de <a href=\"https:\/\/elpais.com\/sociedad\/2020-03-25\/espana-compra-material-sanitario-a-china-por-432-millones-de-euros.html\" target=\"_blank\" rel=\"noopener\" data-link-track-dtm=\"\">origen del tan necesitado material de protecci\u00f3n<\/a> para el personal sanitario es el <a href=\"https:\/\/elpais.com\/economia\/negocio\/2020-04-05\/brasil-accede-al-trono-mundial-de-la-soja.html\" target=\"_blank\" rel=\"noopener\" data-link-track-dtm=\"\">primer comprador de las materias primas brasile\u00f1as<\/a>. \u201c\u00bfGeopol\u00edticamente, quien podL\u00e1 saliL foLtalecido, en t\u00e9Lminos Lelativos de esta cLisis mundial?\u201d, escribi\u00f3 mof\u00e1ndose del acento chino para completar esta provocaci\u00f3n protagonizada por personajes de tebeo en sinton\u00eda con teor\u00edas conspiratorias: \u201c\u00bfQui\u00e9nes son los aliados en BLasil del plan infalible del Cebollina paLa dominaL el mundo?\u201d. La embajada china en Brasilia respondi\u00f3 contundente en Twitter a este segundo incidente en un mes.<\/p>\n<p class=\"\">La Covid-19 ha matado hasta ahora a 553 personas en Brasil y contagiado a 12.056. La r\u00e9plica diplom\u00e1tica de China est\u00e1 en consonancia con la creciente asertividad de sus diplom\u00e1ticos ante quienes culpan a su pa\u00eds de la pandemia. La Embajada en Brasil acus\u00f3 p\u00fablicamente al ministro con su nombre y apellido de \u201chacer declaraciones difamatorias\u201d de \u201ccu\u00f1o fuertemente racista\u201d para \u201cestigmatizar a China, al asociar al pa\u00eds con el origen de la Covid-19\u201d. Y colg\u00f3 la nota en un hilo de siete tuits. Hasta hace no tanto, los diplom\u00e1ticos chinos prefer\u00edan defenderse de cualquier acusaci\u00f3n discretamente, lejos de la opini\u00f3n p\u00fablica. Ya no.<\/p>\n<p class=\"\">Visto el calibre del enfado chino, Weintraub elimin\u00f3 el tuit pero sin abandonar el tono desafiante porque horas despu\u00e9s declar\u00f3 en una entrevista que admitir\u00eda que es \u201cun idiota\u201d si China vende a su ministerio \u201cmil respiradores a precio de costo\u201d para los hospitales universitarios. Entraba ah\u00ed en un asunto que cada vez preocupa m\u00e1s en Brasil: las dificultades para comprar test, batas y mascarillas de protecci\u00f3n para su personal sanitario. El propio ministro de Salud, Luiz Henrique Mandetta, <a href=\"https:\/\/elpais.com\/internacional\/2020-04-03\/un-ministro-de-salud-que-se-aferra-a-la-ciencia-en-brasil-pese-a-los-embates-de-bolsonaro.html\" target=\"_blank\" rel=\"noopener\" data-link-track-dtm=\"\">abiertamente enfrentado a Bolsonaro<\/a> y que este lunes sobrevivi\u00f3 a fuertes presiones para que abandonara, confes\u00f3 hace unos d\u00edas las dificultades para adquirir el material fabricado en China que su personal sanitario requiere ante \u201cel poder\u00edo comprador de Estados Unidos\u201d, que a golpe de talonario est\u00e1 logrando que las empresas <a href=\"https:\/\/elpais.com\/sociedad\/2020-04-02\/la-guerra-de-las-mascarillas-enfrenta-a-europa-y-eeuu.html\" target=\"_blank\" rel=\"noopener\" data-link-track-dtm=\"\">rompan preacuerdos que ten\u00edan <\/a>con otros pa\u00edses.<\/p>\n<p class=\"\">Weintraub es parte del n\u00facleo m\u00e1s ideol\u00f3gico del Gobierno, alineado en esta crisis con la tesis de Bolsonaro de que la cuarentena es una medida demasiado radical por <a href=\"https:\/\/elpais.com\/economia\/2020-04-06\/brasil-encara-los-primeros-recortes-salariales-es-mejor-una-rebaja-de-sueldo-que-un-despido.html\" target=\"_blank\" rel=\"noopener\" data-link-track-dtm=\"\">sus nefastos efectos en la econom\u00eda<\/a>. El ministro de Salud, que es m\u00e9dico, lidera el bando contrario, el que defiende que el aislamiento social es ahora mismo el instrumento m\u00e1s eficaz para ralentizar la propagaci\u00f3n pese a los da\u00f1os colaterales que causa. En esa l\u00ednea, el gobernador de S\u00e3o Paulo, Jo\u00e3o Doria, decret\u00f3 este lunes una pr\u00f3rroga de dos semanas, hasta el 22 de abril, de la cuarentena para una poblaci\u00f3n equivalente a la de Espa\u00f1a. Doria, que comparece bajo el r\u00f3tulo #Qu\u00e9dateEnCasa, trabaja con un comit\u00e9 cient\u00edfico de 16 miembros que cre\u00f3 el 26 de febrero, cuando <a href=\"https:\/\/elpais.com\/sociedad\/2020\/02\/26\/actualidad\/1582722537_585112.html\" target=\"_blank\" rel=\"noopener\" data-link-track-dtm=\"\">el coronavirus lleg\u00f3 a Brasil<\/a>. Estos estiman que, con el cierre de las escuelas, del comercio y otras actividades no esenciales, S\u00e3o Paulo tendr\u00e1 unos 110.000 fallecidos por coronavirus, frente a los 277.000 que sumar\u00eda si no se tomara absolutamente ninguna medida.<\/p>\n<p class=\"\">El mes pasado Eduardo Bolsonaro y la embajada china ya se enzarzaron cuando el hijo del presidente acus\u00f3 a Pek\u00edn de ocultar informaci\u00f3n sobre la pandemia como en su d\u00eda hizo la URSS con el desastre de Chern\u00f3bil. El otro problema, para Brasil, es que China tambi\u00e9n es fundamental para su econom\u00eda como el principal comprador de la soja, el mineral de hierro y buena parte de las exportaciones sobre las que se sustenta.<\/p>\n","protected":false},"excerpt":{"rendered":"<p>Es el segundo incidente diplom\u00e1tico del Gobierno con el pa\u00eds que fabrica el tan necesitado material sanitario, que adem\u00e1s es su principal socio comercial &nbsp;&hellip;<\/p>\n","protected":false},"author":99,"featured_media":0,"comment_status":"open","ping_status":"open","sticky":false,"template":"","format":"standard","meta":{"footnotes":""},"categories":[23],"tags":[],"class_list":["post-489640","post","type-post","status-publish","format-standard","hentry","category-latinoamerica"],"_links":{"self":[{"href":"https:\/\/diarioelpopular.com\/index.php\/wp-json\/wp\/v2\/posts\/489640","targetHints":{"allow":["GET"]}}],"collection":[{"href":"https:\/\/diarioelpopular.com\/index.php\/wp-json\/wp\/v2\/posts"}],"about":[{"href":"https:\/\/diarioelpopular.com\/index.php\/wp-json\/wp\/v2\/types\/post"}],"author":[{"embeddable":true,"href":"https:\/\/diarioelpopular.com\/index.php\/wp-json\/wp\/v2\/users\/99"}],"replies":[{"embeddable":true,"href":"https:\/\/diarioelpopular.com\/index.php\/wp-json\/wp\/v2\/comments?post=489640"}],"version-history":[{"count":1,"href":"https:\/\/diarioelpopular.com\/index.php\/wp-json\/wp\/v2\/posts\/489640\/revisions"}],"predecessor-version":[{"id":489642,"href":"https:\/\/diarioelpopular.com\/index.php\/wp-json\/wp\/v2\/posts\/489640\/revisions\/489642"}],"wp:attachment":[{"href":"https:\/\/diarioelpopular.com\/index.php\/wp-json\/wp\/v2\/media?parent=489640"}],"wp:term":[{"taxonomy":"category","embeddable":true,"href":"https:\/\/diarioelpopular.com\/index.php\/wp-json\/wp\/v2\/categories?post=489640"},{"taxonomy":"post_tag","embeddable":true,"href":"https:\/\/diarioelpopular.com\/index.php\/wp-json\/wp\/v2\/tags?post=489640"}],"curies":[{"name":"wp","href":"https:\/\/api.w.org\/{rel}","templated":true}]}}