{"id":489652,"date":"2020-04-08T14:31:56","date_gmt":"2020-04-08T14:31:56","guid":{"rendered":"https:\/\/diarioelpopular.com\/?p=489652"},"modified":"2020-04-08T14:31:56","modified_gmt":"2020-04-08T14:31:56","slug":"el-gobierno-de-bolivia-recibe-criticas-por-amenazar-la-libertad-de-expresion-durante-la-cuarentena","status":"publish","type":"post","link":"https:\/\/diarioelpopular.com\/index.php\/2020\/04\/08\/el-gobierno-de-bolivia-recibe-criticas-por-amenazar-la-libertad-de-expresion-durante-la-cuarentena\/","title":{"rendered":"El Gobierno de Bolivia recibe cr\u00edticas por amenazar la libertad de expresi\u00f3n durante la cuarentena"},"content":{"rendered":"<div id=\"attachment_489653\" style=\"width: 646px\" class=\"wp-caption alignnone\"><img loading=\"lazy\" decoding=\"async\" aria-describedby=\"caption-attachment-489653\" class=\"size-custom-full-size wp-image-489653\" src=\"https:\/\/diarioelpopular.com\/wp-content\/uploads\/2020\/04\/FYANTMQRJBDJ3NJFWUMIFOYEX4-1-636x446.jpg\" alt=\"\" width=\"636\" height=\"446\" \/><p id=\"caption-attachment-489653\" class=\"wp-caption-text\">Militares bolivianos realizan un control en el municipio de El Alto durante la cuarentena.<\/p><\/div>\n<h4 class=\"font_secondary color_gray_dark \"><em>Human Rights Watch acusa al Gabinete interino de \u201caprovechar la pandemia\u201d para aplicar restricciones a la libre opini\u00f3n<\/em><\/h4>\n<p>&nbsp;<\/p>\n<p class=\"\">Las medidas adoptadas por el Gabinete interino de Bolivia frente a la pandemia de coronavirus han despertado cr\u00edticas por el margen de acci\u00f3n que dejan a las autoridades para coartar la libertad de expresi\u00f3n. <a href=\"https:\/\/elpais.com\/noticias\/hrw-human-rights-watch\/\" target=\"_blank\" rel=\"noopener\" data-link-track-dtm=\"\">Human Rights Watch (HRW)<\/a> cuestion\u00f3 la norma aprobada por <a href=\"https:\/\/elpais.com\/noticias\/jeanine-anez-chavez\/\" target=\"_blank\" rel=\"noopener\" data-link-track-dtm=\"\">el Ejecutivo de Jeanine \u00c1\u00f1ez<\/a>para castigar a quienes se opongan a la cuarentena que realiza el pa\u00eds o que desinformen a la poblaci\u00f3n.<\/p>\n<p class=\"\">Seg\u00fan Jos\u00e9 Miguel Vivanco, director para Am\u00e9rica del organismo de derechos humanos, \u201cel Gobierno interino de Bolivia aprovecha la pandemia para arrogarse el poder de sancionar penalmente a quienes publiquen informaci\u00f3n que las autoridades consideren incorrecta y esto viola el derecho a la libertad de expresi\u00f3n\u201d.<\/p>\n<p class=\"\">El cuestionamiento hacer referencia a un art\u00edculo del decreto de la cuarentena que promulg\u00f3 la presidenta, el cual estipula que las \u201cpersonas que inciten el incumplimiento del presente Decreto Supremo o desinformen o generen incertidumbre a la poblaci\u00f3n, ser\u00e1n sujetos de denuncia penal por la comisi\u00f3n de delitos contra la salud p\u00fablica\u201d.<\/p>\n<p class=\"\">Estos delitos pueden merecer penas de hasta 10 a\u00f1os de prisi\u00f3n. Para Human Rights Watch, la ambig\u00fcedad de la norma podr\u00eda permitir que se cometan abusos contra quienes critiquen al Gobierno por su manejo de la crisis.<\/p>\n<p class=\"\">Hasta ahora no hay detenciones por el delito de desinformaci\u00f3n. <a href=\"https:\/\/elpais.com\/internacional\/2020-04-03\/la-cuarentena-desata-protestas-en-barrios-populares-de-bolivia.html\" target=\"_blank\" rel=\"noopener\" data-link-track-dtm=\"\">Cuatro personas se encuentran presas, acusadas de \u201csedici\u00f3n\u201d, <\/a>por organizar una protesta en contra de la cuarentena el 31 de marzo en la ciudad de Riberalta, en el norte del pa\u00eds. Tambi\u00e9n est\u00e1 arrestado, por actuar en contra de la salud colectiva, el alcalde de la poblaci\u00f3n ind\u00edgena de Patacamaya, que autoriz\u00f3 una fiesta religiosa en la que produjeron varios contagios.<\/p>\n<p class=\"\">El ministro de Gobierno, Arturo Murillo, denunci\u00f3 hace poco la existencia de un \u201cplan desestabilizador\u201d en contra del Ejecutivo y responsabiliz\u00f3 del mismo al <a href=\"https:\/\/elpais.com\/noticias\/mas-movimiento-al-socialismo\/\" target=\"_blank\" rel=\"noopener\" data-link-track-dtm=\"\">Movimiento al Socialismo (MAS),<\/a> el partido del expresidente Evo Morales, y a Comunidad Ciudadana, la formaci\u00f3n del candidato Carlos Mesa. Este hab\u00eda hecho circular v\u00eddeos criticando la falta de informaci\u00f3n oficial sobre asuntos clave para la contenci\u00f3n de la pandemia, como la cantidad de test que se est\u00e1n aplicando o el n\u00famero de respiradores disponibles para los enfermos.<\/p>\n<p class=\"\">Sin embargo, el principal blanco de las sospechas del Gobierno es el MAS. Se le acusa de estar detr\u00e1s de las marchas que se organizaron en algunos barrios sin recursos para pedir alimentos y, tambi\u00e9n, de incitar las protestas de cientos de bolivianos que aguardan, en el l\u00edmite con Chile, un permiso para entrar a Bolivia o que, habiendo ya entrado al pa\u00eds, se encuentran en un centro de cuarentena en la zona fronteriza. Estos \u00faltimos han denunciado que el lugar donde se encuentran no cuenta con las m\u00ednimas condiciones de habitabilidad. El MAS rechaz\u00f3 ser responsable de estas manifestaciones.<\/p>\n","protected":false},"excerpt":{"rendered":"<p>Human Rights Watch acusa al Gabinete interino de \u201caprovechar la pandemia\u201d para aplicar restricciones a la libre opini\u00f3n &nbsp; Las medidas adoptadas por el Gabinete&hellip;<\/p>\n","protected":false},"author":99,"featured_media":0,"comment_status":"open","ping_status":"open","sticky":false,"template":"","format":"standard","meta":{"footnotes":""},"categories":[23],"tags":[],"class_list":["post-489652","post","type-post","status-publish","format-standard","hentry","category-latinoamerica"],"_links":{"self":[{"href":"https:\/\/diarioelpopular.com\/index.php\/wp-json\/wp\/v2\/posts\/489652","targetHints":{"allow":["GET"]}}],"collection":[{"href":"https:\/\/diarioelpopular.com\/index.php\/wp-json\/wp\/v2\/posts"}],"about":[{"href":"https:\/\/diarioelpopular.com\/index.php\/wp-json\/wp\/v2\/types\/post"}],"author":[{"embeddable":true,"href":"https:\/\/diarioelpopular.com\/index.php\/wp-json\/wp\/v2\/users\/99"}],"replies":[{"embeddable":true,"href":"https:\/\/diarioelpopular.com\/index.php\/wp-json\/wp\/v2\/comments?post=489652"}],"version-history":[{"count":1,"href":"https:\/\/diarioelpopular.com\/index.php\/wp-json\/wp\/v2\/posts\/489652\/revisions"}],"predecessor-version":[{"id":489654,"href":"https:\/\/diarioelpopular.com\/index.php\/wp-json\/wp\/v2\/posts\/489652\/revisions\/489654"}],"wp:attachment":[{"href":"https:\/\/diarioelpopular.com\/index.php\/wp-json\/wp\/v2\/media?parent=489652"}],"wp:term":[{"taxonomy":"category","embeddable":true,"href":"https:\/\/diarioelpopular.com\/index.php\/wp-json\/wp\/v2\/categories?post=489652"},{"taxonomy":"post_tag","embeddable":true,"href":"https:\/\/diarioelpopular.com\/index.php\/wp-json\/wp\/v2\/tags?post=489652"}],"curies":[{"name":"wp","href":"https:\/\/api.w.org\/{rel}","templated":true}]}}