{"id":489688,"date":"2020-04-08T15:34:58","date_gmt":"2020-04-08T15:34:58","guid":{"rendered":"https:\/\/diarioelpopular.com\/?p=489688"},"modified":"2020-04-08T15:34:58","modified_gmt":"2020-04-08T15:34:58","slug":"107-muertos-y-2-954-casos-de-covid-19-en-el-dia-24-de-la-emergencia-en-peru","status":"publish","type":"post","link":"https:\/\/diarioelpopular.com\/index.php\/2020\/04\/08\/107-muertos-y-2-954-casos-de-covid-19-en-el-dia-24-de-la-emergencia-en-peru\/","title":{"rendered":"107 muertos y 2.954 casos de COVID-19 en el d\u00eda 24 de la emergencia en Per\u00fa"},"content":{"rendered":"<div id=\"attachment_489689\" style=\"width: 160px\" class=\"wp-caption alignnone\"><img loading=\"lazy\" decoding=\"async\" aria-describedby=\"caption-attachment-489689\" class=\"size-thumbnail wp-image-489689\" src=\"https:\/\/diarioelpopular.com\/wp-content\/uploads\/2020\/04\/Screen-Shot-2020-04-08-at-11.34.16-AM-150x150.png\" alt=\"\" width=\"150\" height=\"150\" \/><p id=\"caption-attachment-489689\" class=\"wp-caption-text\">Este 8 de abril es el d\u00eda 24 de la cuarentena iniciada por el Gobierno para evitar m\u00e1s casos de coronavirus. (Foto: GEC)<\/p><\/div>\n<h4 class=\"story-header__news-summary pr-20 pl-20 mb-20 secondary-font line-h-sm text-gray-300 text-xl font-normal\"><em>A la fecha hay 2.954 contagiados y 107 muertos en Per\u00fa en el d\u00eda 24 del estado de emergencia por Covid-19 este mi\u00e9rcoles 8 de abril<\/em><\/h4>\n<p>&nbsp;<\/p>\n<p>Este mi\u00e9rcoles 8 de abril, se cumplen 24 d\u00edas del estado de emergencia y aislamiento social obligatorio decretado por el gobierno de Mart\u00edn Vizcarra. Esto como medida preventiva ante el aumento de casos de<a href=\"https:\/\/elcomercio.pe\/noticias\/coronavirus\/\" target=\"_blank\" rel=\"noopener\"> coronavirus (COVID-19)<\/a>, enfermedad considerada como pandemia por la Organizaci\u00f3n Mundial de Salud (OMS), que est\u00e1 dejando miles de muertos e infectados en todo el mundo.<\/p>\n<p class=\"story-content__font--secondary mb-25 title-xs line-h-md mt-20 secondary-font pr-20\">La cifra de fallecidos por coronavirus en el pa\u00eds se ha elevado a 107. Asimismo, los casos por COVID-19 aumentaron de 2.561 a 2.954. Por otro lado, 1.231 personas han sido dadas de alta.<\/p>\n<p class=\"story-content__font--secondary mb-25 title-xs line-h-md mt-20 secondary-font pr-20\">En tanto, el presidente Mart\u00edn Vizcarra, en su pronunciamiento del martes se refiri\u00f3 a la posibilidad de extender la cuarentena y el jueves tendr\u00eda una respuesta. Vale recordar que, seg\u00fan las recientes medidas, este jueves, viernes y domingo se aplicar\u00e1 el aislamiento social obligatorio o toque de queda durante todo el d\u00eda por lo que resulta importante que las personas puedan reservar alimentos. Estas son las medidas para frenar el avance del coronavirus.<\/p>\n<p>Desde que se inici\u00f3 la cuarentena dispuesta por el Ejecutivo para evitar el contagio del <b>coronavirus <\/b>en el pa\u00eds, <a href=\"https:\/\/elcomercio.pe\/peru\/madre-de-dios\/coronavirus-en-peru-mas-de-2-mil-personas-incumplieron-aislamiento-en-madre-de-dios-noticia\/\" target=\"_blank\" rel=\"noopener\">2.023 personas fueron intervenidas en Madre de Dios<\/a> por incumplir esta medida. Seg\u00fan inform\u00f3 la polic\u00eda, de ellas, 156 resultaron detenidas y ser\u00e1n denunciadas penalmente.<\/p>\n<p>&nbsp;<\/p>\n<p>&nbsp;<\/p>\n<p>&nbsp;<\/p>\n","protected":false},"excerpt":{"rendered":"<p>A la fecha hay 2.954 contagiados y 107 muertos en Per\u00fa en el d\u00eda 24 del estado de emergencia por Covid-19 este mi\u00e9rcoles 8 de&hellip;<\/p>\n","protected":false},"author":99,"featured_media":0,"comment_status":"open","ping_status":"open","sticky":false,"template":"","format":"standard","meta":{"footnotes":""},"categories":[23],"tags":[],"class_list":["post-489688","post","type-post","status-publish","format-standard","hentry","category-latinoamerica"],"_links":{"self":[{"href":"https:\/\/diarioelpopular.com\/index.php\/wp-json\/wp\/v2\/posts\/489688","targetHints":{"allow":["GET"]}}],"collection":[{"href":"https:\/\/diarioelpopular.com\/index.php\/wp-json\/wp\/v2\/posts"}],"about":[{"href":"https:\/\/diarioelpopular.com\/index.php\/wp-json\/wp\/v2\/types\/post"}],"author":[{"embeddable":true,"href":"https:\/\/diarioelpopular.com\/index.php\/wp-json\/wp\/v2\/users\/99"}],"replies":[{"embeddable":true,"href":"https:\/\/diarioelpopular.com\/index.php\/wp-json\/wp\/v2\/comments?post=489688"}],"version-history":[{"count":1,"href":"https:\/\/diarioelpopular.com\/index.php\/wp-json\/wp\/v2\/posts\/489688\/revisions"}],"predecessor-version":[{"id":489690,"href":"https:\/\/diarioelpopular.com\/index.php\/wp-json\/wp\/v2\/posts\/489688\/revisions\/489690"}],"wp:attachment":[{"href":"https:\/\/diarioelpopular.com\/index.php\/wp-json\/wp\/v2\/media?parent=489688"}],"wp:term":[{"taxonomy":"category","embeddable":true,"href":"https:\/\/diarioelpopular.com\/index.php\/wp-json\/wp\/v2\/categories?post=489688"},{"taxonomy":"post_tag","embeddable":true,"href":"https:\/\/diarioelpopular.com\/index.php\/wp-json\/wp\/v2\/tags?post=489688"}],"curies":[{"name":"wp","href":"https:\/\/api.w.org\/{rel}","templated":true}]}}