{"id":489715,"date":"2020-04-08T22:55:57","date_gmt":"2020-04-08T22:55:57","guid":{"rendered":"https:\/\/diarioelpopular.com\/?p=489715"},"modified":"2020-04-08T22:55:57","modified_gmt":"2020-04-08T22:55:57","slug":"guayaquil-habilita-dos-terrenos-con-12-000-tumbas-para-victimas-del-coronavirus","status":"publish","type":"post","link":"https:\/\/diarioelpopular.com\/index.php\/2020\/04\/08\/guayaquil-habilita-dos-terrenos-con-12-000-tumbas-para-victimas-del-coronavirus\/","title":{"rendered":"Guayaquil habilita dos terrenos con 12.000 tumbas para v\u00edctimas del coronavirus"},"content":{"rendered":"<div id=\"attachment_489716\" style=\"width: 646px\" class=\"wp-caption alignnone\"><img loading=\"lazy\" decoding=\"async\" aria-describedby=\"caption-attachment-489716\" class=\"size-custom-full-size wp-image-489716\" src=\"https:\/\/diarioelpopular.com\/wp-content\/uploads\/2020\/04\/JVNT2GV4NZCNVOZVFT7A7KW7NI-636x433.jpg\" alt=\"\" width=\"636\" height=\"433\" \/><p id=\"caption-attachment-489716\" class=\"wp-caption-text\">El f\u00e9retro de una v\u00edctima de coronavirus en Guayaquil, el martes a las puertas del cementerio.REUTERS<\/p><\/div>\n<h4 class=\"a_st font_secondary color_gray_dark \"><em>El municipio convierte 12 hect\u00e1reas en un cementerio, tras una semana de caos en la identificaci\u00f3n y traslado de cuerpos<\/em><\/h4>\n<p>&nbsp;<\/p>\n<p class=\"\"><a href=\"https:\/\/elpais.com\/sociedad\/2020-04-01\/el-coronavirus-desborda-ecuador-y-abruma-a-su-poblacion-por-la-acumulacion-de-cadaveres-en-casas.html\" target=\"_blank\" rel=\"noopener\" data-link-track-dtm=\"\">Los muertos de coronavirus<\/a> en Guayaquil tendr\u00e1n mejor descanso que despedida. La ciudad costera ecuatoriana es el principal foco de contagio en el pa\u00eds y ha vivido en la \u00faltima semana una \u201cemergencia mortuoria\u201d -en palabras del funcionario responsable de darle soluci\u00f3n- que, en primer lugar, tuvo a los cad\u00e1veres durante d\u00edas <a href=\"https:\/\/elpais.com\/sociedad\/2020-04-01\/el-coronavirus-desborda-ecuador-y-abruma-a-su-poblacion-por-la-acumulacion-de-cadaveres-en-casas.html\" target=\"_blank\" rel=\"noopener\" data-link-track-dtm=\"\">en sus casas o en la calle sin ser retirados<\/a> por los servicios funerarios y, en segundo, dej\u00f3 de garantizar la correcta identificaci\u00f3n y manejo de los cuerpos una vez trasladados a las morgues de los hospitales. La autoridad municipal y la nacional se han propuesto, en cambio, que no haya m\u00e1s problemas ni imprevistos en el lugar de sepultura. Con ese fin, a los camposantos ya existentes en la ciudad, se suman ahora dos cementerios en el norte y en el sur guayaquile\u00f1os con capacidad para 12.000 tumbas.<\/p>\n<p class=\"\">Pese a que la cifra oficial de muertos por la Covid-19 era de 402 este martes, entre diagnosticados y probables, la alcaldesa de Guayaquil, Cynthia Viteri, ofreci\u00f3 12 hect\u00e1reas de terreno entre dos cementerios <a href=\"https:\/\/elpais.com\/america\/sociedad\/2020-04-08\/coronavirus-en-america-en-vivo-ultimas-noticias-de-la-covid-19.html\" target=\"_blank\" rel=\"noopener\" data-link-track-dtm=\"\">para las v\u00edctimas del coronavirus<\/a>. Uno de ellos es nuevo y el otro ya estaba contemplado como ampliaci\u00f3n de un camposanto. \u201cHemos perdido m\u00e1s de 400 vidas. Es una peste destructora. Y aunque estos son temas que no son de mi competencia, s\u00ed son de mi incumbencia\u201d, justific\u00f3 Cynthia Viteri en un v\u00eddeo publicado en Twitter donde daba a conocer la iniciativa. Lo hizo con un tono mucho m\u00e1s cooperador que aquel en el que explic\u00f3 por qu\u00e9 al inicio de la crisis sanitaria orden\u00f3 impedir la llegada de un avi\u00f3n de Iberia al aeropuerto de la ciudad.<\/p>\n<p class=\"\">\u201cA veces hay que cruzar la l\u00ednea por un bien mucho mayor: sus vidas. Por eso, hemos tomado decisiones que, a pesar de ser controvertidas, tienen como objetivo y prioridad defender la integridad de los habitantes de la ciudad que tiene la mayor cantidad de contagios\u201d, defendi\u00f3 de nuevo la alcaldesa, que tambi\u00e9n dio positivo en las pruebas de Covid-19. Como ella, en Guayaquil, hay 1.846 casos confirmados que son casi el 68% de los 3.995 registrados a escala nacional. <a href=\"https:\/\/elpais.com\/espana\/2020-03-19\/obligado-a-regresar-a-madrid-un-avion-que-iba-a-recoger-a-espanoles-en-ecuador.html\" target=\"_blank\" rel=\"noopener\" data-link-track-dtm=\"\">Ese episodio gener\u00f3 fuerte fricci\u00f3n <\/a>con el Gobierno nacional pero, tras el anuncio de los dos nuevos camposantos, parece haber quedado en el pasado. \u201cTodo es gracias al frente creado entre el Gobierno nacional y este municipio\u201d, presumi\u00f3 Viteri, hablando de veh\u00edculos, personal y fundas mortuorias entregados para ayudar en la emergencia sanitaria.<\/p>\n<p class=\"\">Seg\u00fan Jorge Wated, coordinador de la Fuerza de Tarea designado para resolver el atasco en sepultura de cad\u00e1veres, ese problema ya est\u00e1 al d\u00eda. Ya no hay cuerpos, asegura, que no se recojan en las primeras 24 horas desde el fallecimiento, tras haberse habilitado un n\u00famero de tel\u00e9fono espec\u00edfico para solicitar su retirada sin colapsar. Tambi\u00e9n se ha abierto una p\u00e1gina web para que los parientes de los fallecidos que no pudieron hacerse cargo de la inhumaci\u00f3n de forma particular, puedan consultar d\u00f3nde est\u00e1n enterrados.<\/p>\n<p class=\"\">\u201c146 compatriotas tuvieron un sepelio digno y diariamente lo haremos con cada uno de los hermanos fallecidos\u201d, asegur\u00f3 el lunes <a href=\"https:\/\/elpais.com\/noticias\/lenin-boltaire-moreno-garces\/\" target=\"_blank\" rel=\"noopener\" data-link-track-dtm=\"\">el presidente, Len\u00edn Moreno.<\/a> Semanas atr\u00e1s, cuando Wated hablaba de la \u201cemergencia mortuoria\u201d, \u00e9l mismo tuvo que aclarar p\u00fablicamente que los fallecidos en la crisis sanitaria provocada por el coronavirus ser\u00edan sepultados \u201ccon dignidad\u201d y \u201cen espacios unipersonales\u201d, desechando as\u00ed el planteamiento de crear un fosa com\u00fan para lidiar con el aumento de muertos.<\/p>\n<p class=\"\">Los dos nuevos cementerios -en uno ya han comenzado las tareas de desbrozado- seguir\u00e1n el esquema nacional de ayudas y se har\u00e1n inhumaciones gratuitas \u201cen honor a quienes cayeron durante esta tragedia para que todos sus seres queridos puedan honrarlos\u201d, matiz\u00f3 la alcaldesa Viteri.<\/p>\n","protected":false},"excerpt":{"rendered":"<p>El municipio convierte 12 hect\u00e1reas en un cementerio, tras una semana de caos en la identificaci\u00f3n y traslado de cuerpos &nbsp; Los muertos de coronavirus&hellip;<\/p>\n","protected":false},"author":99,"featured_media":0,"comment_status":"open","ping_status":"open","sticky":false,"template":"","format":"standard","meta":{"footnotes":""},"categories":[23],"tags":[],"class_list":["post-489715","post","type-post","status-publish","format-standard","hentry","category-latinoamerica"],"_links":{"self":[{"href":"https:\/\/diarioelpopular.com\/index.php\/wp-json\/wp\/v2\/posts\/489715","targetHints":{"allow":["GET"]}}],"collection":[{"href":"https:\/\/diarioelpopular.com\/index.php\/wp-json\/wp\/v2\/posts"}],"about":[{"href":"https:\/\/diarioelpopular.com\/index.php\/wp-json\/wp\/v2\/types\/post"}],"author":[{"embeddable":true,"href":"https:\/\/diarioelpopular.com\/index.php\/wp-json\/wp\/v2\/users\/99"}],"replies":[{"embeddable":true,"href":"https:\/\/diarioelpopular.com\/index.php\/wp-json\/wp\/v2\/comments?post=489715"}],"version-history":[{"count":1,"href":"https:\/\/diarioelpopular.com\/index.php\/wp-json\/wp\/v2\/posts\/489715\/revisions"}],"predecessor-version":[{"id":489717,"href":"https:\/\/diarioelpopular.com\/index.php\/wp-json\/wp\/v2\/posts\/489715\/revisions\/489717"}],"wp:attachment":[{"href":"https:\/\/diarioelpopular.com\/index.php\/wp-json\/wp\/v2\/media?parent=489715"}],"wp:term":[{"taxonomy":"category","embeddable":true,"href":"https:\/\/diarioelpopular.com\/index.php\/wp-json\/wp\/v2\/categories?post=489715"},{"taxonomy":"post_tag","embeddable":true,"href":"https:\/\/diarioelpopular.com\/index.php\/wp-json\/wp\/v2\/tags?post=489715"}],"curies":[{"name":"wp","href":"https:\/\/api.w.org\/{rel}","templated":true}]}}