{"id":489718,"date":"2020-04-08T23:13:18","date_gmt":"2020-04-08T23:13:18","guid":{"rendered":"https:\/\/diarioelpopular.com\/?p=489718"},"modified":"2020-04-08T23:13:18","modified_gmt":"2020-04-08T23:13:18","slug":"estas-son-las-ultimas-noticias-y-el-avance-por-el-continente-americano-de-la-pandemia-mundial","status":"publish","type":"post","link":"https:\/\/diarioelpopular.com\/index.php\/2020\/04\/08\/estas-son-las-ultimas-noticias-y-el-avance-por-el-continente-americano-de-la-pandemia-mundial\/","title":{"rendered":"Estas son las \u00a0\u00faltimas noticias y el avance por el continente americano de la pandemia mundial"},"content":{"rendered":"<div id=\"attachment_489720\" style=\"width: 646px\" class=\"wp-caption alignnone\"><img loading=\"lazy\" decoding=\"async\" aria-describedby=\"caption-attachment-489720\" class=\"size-custom-full-size wp-image-489720\" src=\"https:\/\/diarioelpopular.com\/wp-content\/uploads\/2020\/04\/YVHCLBZ745HOJPODYFQ2W36GYQ-636x424.jpg\" alt=\"\" width=\"636\" height=\"424\" \/><p id=\"caption-attachment-489720\" class=\"wp-caption-text\">Pacientes llegan este mi\u00e9rcoles al Montefiore Medical Center en el distrito de Bronx de la ciudad de Nueva York.<\/p><\/div>\n<p class=\"\">Am\u00e9rica concentra el 40% de la pandemia mundial frente a Europa que acumula m\u00e1s del 52%. Sin embargo, el aumento diario es m\u00e1s r\u00e1pido aqu\u00ed, casi parejo en ambas partes del mundo. Estados Unidos ha superado 12.000 fallecimientos y es el foco rojo del continente mientras que en Am\u00e9rica Latina, Brasil acumula el mayor n\u00famero de casos. Las repercusiones pol\u00edticas tambi\u00e9n cimbran Bolivia o Ecuador, tras el esc\u00e1ndalo de los cad\u00e1veres en la calle que golpea la imagen de Len\u00edn Moreno.<\/p>\n<p class=\"\">En M\u00e9xico la cifra de muertes ha ascendido a 125 y los casos confirmados a 2.439. En el pa\u00eds sigue vigente un confinamiento parcial y voluntario- con comercios cerrados- hasta el 30 de abril. En los Estados fronterizos como Baja California, Nuevo Le\u00f3n o Tamaulipas viven con miedo el aumento de casos en EE UU y las autoridades han pedido a sus migrantes \u201cque no vengan en Semana Santa\u201d. En pa\u00edses como Per\u00fa, Panam\u00e1 o Bolivia la cuarentena es m\u00e1s estricta y los gobiernos lidian con la contingencia sanitaria y el temor a protestas o saqueos. En el mundo, 1,3 millones de personas se han contagiado, m\u00e1s de 74.000 han muerto y 275.000 se han curado,<a href=\"https:\/\/coronavirus.jhu.edu\/map.html\" data-link-track-dtm=\"\"> seg\u00fan la Universidad Johns Hopkins.<\/a><\/p>\n<p>Cuando el alcalde de <strong>Nueva York<\/strong>, Bill de Blasio, fue a recibir hace poco m\u00e1s de una semana al buque hospital USNS Comfort en el muelle 90, dijo que era el \u201cimpulso de esperanza\u201d que necesitaba el Estado del pa\u00eds m\u00e1s golpeado por el coronavirus. Pero a pesar de la confianza depositada en su contribuci\u00f3n a aliviar el colapso del sistema hospitalario neoyorquino, el aporte ha resultado decepcionante hasta ahora.<\/p>\n<p>La embarcaci\u00f3n, que cuenta con<strong> 1.000 camas <\/strong>y una tripulaci\u00f3n de<strong>1.200 personas<\/strong>, apenas ha recibido a <strong>una cincuentena de pacientes<\/strong>. Su misi\u00f3n era atender a aquellos enfermos con patolog\u00edas diferentes de la Covid-19 o que tuvieran operaciones pendientes. Sin embargo, las autoridades neoyorquinas presionaron para que pudiera recibir a los contagiados por el brote, algo a lo que accedi\u00f3 este lunes el presidente Donald Trump. Al d\u00eda siguiente, un miembro de la tripulaci\u00f3n dio positivo y varios han sido aislados.<\/p>\n<p><strong>Nueva York reporta un nuevo r\u00e9cord diario de muertes<\/strong>. El Estado de Nueva York report\u00f3 este mi\u00e9rcoles y por segundo d\u00eda consecutivo un nuevo r\u00e9cord de muertes a causa de la pandemia de coronavirus. El gobernador estatal, Andrew Cuomo, ha informado esta ma\u00f1ana del mi\u00e9rcoles que la cifra de fallecidos en las \u00faltimas 24 horas asciende a 779, un nuevo m\u00e1ximo superando al de la jornada anterior, cuando se hab\u00edan registrado 731 muertes.<\/p>\n<p>El Estado es el epicentro de la pandemia en Estados Unidos y acumula un total de 6.268 fallecidos, seg\u00fan las cifras oficiales de este mi\u00e9rcoles. Coumo, sin embargo, dijo que a pesar del aumento en los fallecidos la curva de la enfermedad \u201cse est\u00e1 aplanando\u201d. \u201cHay buenas noticias, lo que hemos hecho y lo que estamos haciendo est\u00e1 funcionando. Si el ritmo de hospitalizaciones sigue bajando de la forma en que lo est\u00e1 haciendo, el sistema deber\u00eda estabilizarse en estas pr\u00f3ximas dos semanas, lo que minimizar\u00e1 la necesidad de capacidad extra que hemos construido\u201d, explic\u00f3 en su conferencia de prensa diaria, citado por la agencia EFE. En la imagen, personal sanitario de Brooklyn sube a un cami\u00f3n cad\u00e1veres de pacientes que fallecieron por la Covid-19.<\/p>\n<p><strong>Brasil<\/strong> contabiliza cada d\u00eda m\u00e1s nuevos fallecidos y mayor incremento de contagios de la Covid-19. Y con los 133 fallecidos de las \u00faltimas horas, suma 800 v\u00edctimas mortales de la pandemia. Tras superar por primera vez los 2.000 casos en un d\u00eda, los infectados se elevan a 15.927, seg\u00fan el balance difundido por el Ministerio de Salud.<\/p>\n<p>El ministro de salud, Luiz Henrique Mandetta, ha dado 12 d\u00edas, hasta el 20 de abril, al Consejo Federal de Medicina para que se pronuncie sobre la cloroquina, un medicamento contra la malaria que el presidente Jair Bolsonaro defiende reiteradamente para tratar a enfermos de coronavirus pero que tiene notables efectos secundarios. Su hom\u00f3logo Donald Trump tambi\u00e9n ha recomendado ese medicamento.<\/p>\n<p>Bolsonaro tiene previsto intervenir esta noche en cadena nacional. Ser\u00e1 su quinta intervenci\u00f3n en este formato desde que comenz\u00f3 la crisis del coronavirus.<\/p>\n<p><strong>Colombia<\/strong> supera los 2.000 casos confirmados de coronavirus.\u00a0 El Gobierno report\u00f3 este mi\u00e9rcoles 4 nuevas muertes relacionadas con la Covid-19, con lo que el total de fallecimientos escal\u00f3 a 54 desde que confirm\u00f3 hace poco m\u00e1s de un mes su primer caso de coronavirus. Los nuevas v\u00edctimas fatales fueron una mujer de 72 a\u00f1os en Bogot\u00e1, otra de 74 en el departamento de C\u00f3rdoba, otra de 79 en Quind\u00edo y un hombre de 65 a\u00f1os en la ciudad de Santa Marta, todos con comorbilidades.<\/p>\n<p>El ministerio de Salud ha registrado 2.054 casos y 123 pacientes recuperados. Bogot\u00e1 se mantiene como el epicentro con casi la mitad de los contagios: 992 casos confirmados. Le siguen los departamentos de Valle del Cauca, con 314, y Antioquia, con 234. El Instituto Nacional de Salud detall\u00f3 que este mi\u00e9rcoles se hicieron 3.022 pruebas, una cifra r\u00e9cord en el pa\u00eds andino, que aspira a aumentar su capacidad hasta 15.000 pruebas diarias.<\/p>\n<p><strong>Per\u00fa <\/strong>eleva a 114 los fallecidos por coronavirus. El Ministerio de Salud peruano ha informado esta tarde de que han fallecido 114 personas en el pa\u00eds a causa de la Covid-19. Las autoridades han contabilizado en 14 las muertes en las \u00faltimas 24 horas. Mientras tanto, de 512 pacientes hospitalizados, 113 est\u00e1n en unidades de cuidados intensivos. El gr\u00e1fico de arriba, elaborado por la m\u00e9dico Yolanda Angulo, muestra c\u00f3mo han aumentado la cifra de personas infectadas en Per\u00fa.<\/p>\n<p><strong>Chile<\/strong>. El Gobierno del presidente Sebasti\u00e1n Pi\u00f1era ha anunciado este mi\u00e9rcoles un nuevo plan de est\u00edmulo econ\u00f3mico para enfrentar los efectos del coronavirus en Chile, que este mi\u00e9rcoles sum\u00f3 5.546 contagiados confirmados \u2013430 nuevos casos en las \u00faltimas 24 horas\u2013, 48 fallecidos y 1.115 recuperados. Desde el Palacio de La Moneda, el mandatario explic\u00f3 que se trata de un fondo especial de 2.000 millones de d\u00f3lares para ayudar a los trabajadores informales afectados por la pandemia del COVID-19, junto con una inyecci\u00f3n de otros 3.000 millones de d\u00f3lares al Banco Central, que servir\u00e1 para financiar una l\u00ednea de cr\u00e9dito con garant\u00edas estatales por 24 mil millones d\u00f3lares para que las empresas puedan seguir produciendo y no deban despedir trabajadores. Este nuevo incentivo para apuntalar la actividad, enfocado en las empresas y los independientes, se produce luego de que el pasado 19 de marzo el Ejecutivo chileno anunciara un primer plan por otros 11.750 millones de d\u00f3lares. &#8220;La pandemia del coronavirus amenaza no solamente la salud y las vidas de muchos de nuestros compatriotas, sino que tambi\u00e9n pone en peligro y genera grandes dificultades a las familias, a los trabajadores y a las empresas chilenas&#8221;, indic\u00f3 Pi\u00f1era.<\/p>\n<p><strong>Costa Rica <\/strong>suma 502 contagios de Covid-19. El Ministerio de Salud de Costa Rica ha informado este mi\u00e9rcoles que el pa\u00eds centroamericano suma 502 casos positivos de coronavirus. Las autoridades diagnosticaron 19 casos nuevos en las \u00faltimas 24 horas. Hasta ahora solo se registran dos fallecimientos, ambos hombres de 87 a\u00f1os. Tambi\u00e9n informaron, citados por la agencia EFE, que hay 23 personas hospitalizadas, de las cuales 15 se encuentran en unidades de cuidados intensivos.<\/p>\n<p><strong>M\u00e9xico. M\u00e9dicos contagiados con Covid-19<\/strong>. Las autoridades sanitarias mexicanas ha informado este mi\u00e9rcoles que al menos 20 m\u00e9dicos en un hospital p\u00fablico localizado a las afueras de la Ciudad de M\u00e9xico han dado positivo por el coronavirus. Zoe Robledo, director del Instituto de Seguridad Social (IMSS) de M\u00e9xico, dijo que se trata del segundo brote importante entre los trabajadores de la salud en M\u00e9xico, informa Reuters. El coronavirus se detect\u00f3 por primera vez en el hospital de Tlanepantla de Baz, en el estado de M\u00e9xico, a las afueras de la capital, el 10 de marzo.<\/p>\n<p><strong>Nicaragua. Ortega desoye las recomendaciones internacionales frente a la Covid-19<\/strong>. El Gobierno, a trav\u00e9s del Instituto de Turismo (INTUR), ha redoblado las actividades de su \u201cPlan Verano 2020\u201d durante la Semana Santa en plena epidemia del Covid-19. Desoyendo las recomendaciones internacionales para prevenir el virus, el INTUR realiza procesiones, ferias, maratones, misas campales y conciertos p\u00fablicos. El programa del INTUR incluye la ejecuci\u00f3n de 800 actividades. El Gobierno de Daniel Ortega asegura que tiene contenido el coronavirus, pero este mi\u00e9rcoles santo las autoridades de Cuba confirmaron un tercer caso positivo de Covid-19 que lleg\u00f3 desde Managua.<\/p>\n<p>La Organizaci\u00f3n Panamericana de la Salud (OPS) critic\u00f3 por primera vez la pol\u00edtica de la administraci\u00f3n sandinista ante la pandemia. \u201cTenemos preocupaciones en cuanto a la falta de distanciamiento social, las aglomeraciones masivas, tenemos preocupaciones sobre las pruebas, el rastreo de contactos, sobre el reporte de casos, tambi\u00e9n nos preocupa sobre lo que vemos c\u00f3mo inadecuado, en cuanto a control y prevenci\u00f3n de la infecci\u00f3n\u201d, dijo Carissa Etienn, directora del organismo. En la imagen, compradores en un mercado de Managua.<\/p>\n<p><strong>Rep\u00fablica Dominicana registra 108 fallecidos<\/strong>. La pandemia de coronavirus ha dejado 108 fallecidos en Rep\u00fablica Dominica, pa\u00eds caribe\u00f1o que registr\u00f3 diez nuevas muertes en las \u00faltimas 24 horas. El ministro de Salud P\u00fablica, Rafael S\u00e1nchez, ha informado este mi\u00e9rcoles de que el n\u00famero de contagios en el pa\u00eds asciende a 2.111. El funcionario ha agregado que en la c\u00e1rcel de La Victoria, localizada a 20 kil\u00f3metros de Santo Domingo, se han registrado dos fallecimientos, 25 contagios y al menos 40 casos sospechosos.<\/p>\n<p><strong>La presidenta de Bolivia designa a un nuevo Ministro de Salud<\/strong>. En medio de la crisis sanitaria que enfrenta Bolivia por la pandemia del coronavirus, la presidenta, Jeanine \u00c1\u00f1ez, nombr\u00f3 este mi\u00e9rcoles a Marcelo Navajas como nuevo ministro de Salud, en reemplazo de An\u00edbal Cruz.<\/p>\n<p>La decis\u00f3n se da ante la renuncia de la ahora exautoridad que da un paso al costado por &#8220;motivos personales&#8221;, seg\u00fan argument\u00f3. Cruz permaneci\u00f3 por casi cinco meses en el cargo, desde el 14 de noviembre. Navajas, su reemplazo, es m\u00e9dico cirujano y tiene especialidad en neumolog\u00eda. \u201c [Cruz] Ha sembrado el terreno para que avancemos en una lucha firme contra el virus\u00a0y deja todo preparado para encarar las siguientes grandes tareas de la salud en lo que queda por delante contra el coronavirus\u201d, afirm\u00f3 la primera mandataria en la posesi\u00f3n de la nueva autoridad de la cartera de Salud.<\/p>\n<p><strong>La Covid-19 golpea a las favelas de Brasil<\/strong>. Cinco personas han fallecido por coronavirus en una de las mayores favelas de R\u00edo de Janeiro, Rocinha, seg\u00fan han confirmado las autoridades locales, informa mi colega <strong>Naiara Galarraga Gort\u00e1zar<\/strong>, corresponsal de EL PA\u00cdS. Tres personas m\u00e1s murieron en otra favela de la ciudad en d\u00edas anteriores. Hasta el martes Brasil hab\u00eda registrado 667 decesos y 14.000 contagios desde el inicio de la pandemia. Contener el avance de la enfermedad en las miles de favelas repartidas por Brasil es un enorme desaf\u00edo como contamos hace unos d\u00edas. En esta cr\u00f3nica explic\u00e1bamos c\u00f3mo los vecinos de Parais\u00f3polis, que con 100.000 habitantes es una de las mayores barriadas de S\u00e3o Paulo y del pa\u00eds, se est\u00e1n organizando tambi\u00e9n para mitigar el impacto econ\u00f3mico de la Covid-19: <a title=\"https:\/\/elpais.com\/sociedad\/2020-04-04\/las-favelas-de-brasil-esperan-el-impacto-del-virus-sin-un-modelo-en-el-que-mirarse.html\" href=\"http:\/\/cort.as\/-VCzJ\" target=\"_blank\" rel=\"noopener\">http:\/\/cort.as\/-VCzJ<\/a><\/p>\n<p>Ellos mismos cuentan en este v\u00eddeo que han repartido alimentos a 15.000 personas.<\/p>\n<p><strong><img loading=\"lazy\" decoding=\"async\" class=\"alignnone size-thumbnail wp-image-489719\" src=\"https:\/\/diarioelpopular.com\/wp-content\/uploads\/2020\/04\/1586364981-47cfe9aef4bde14227a609acb8e2bebf-150x150.jpg\" alt=\"\" width=\"150\" height=\"150\" \/><\/strong><\/p>\n<p><strong>Director de la OMS responde a cr\u00edticas de Trump<\/strong>. Tedros Adhanom Ghebreyesus, director general de la Organizaci\u00f3n Mundial de la Salud (OMS), ha respondido este mi\u00e9rcoles a las cr\u00edticas vertidas por Donald Trump a este organismo y le ha exigido que &#8220;no politice el virus&#8221;.<\/p>\n<p>La reacci\u00f3n se da despu\u00e9s de que Trump acusara a la OMS de \u201cestar muy sesgada hacia China\u201d, porque el organismo no aconsej\u00f3 prohibir los viajes hacia el pa\u00eds asi\u00e1tico cuando estall\u00f3 la crisis por la Covid-19 en Wuhan. \u201cLa OMS realmente se equivoc\u00f3. Por alguna raz\u00f3n est\u00e1 financiada en gran parte por Estados Unidos, pero muy centrada en China. Vamos a analizarlo m\u00e1s de cerca\u201d, amenz\u00f3 el mandatario estadounidense. El director de la organizaci\u00f3n, citado por la agencia France Presse, ha dicho este mi\u00e9rcoles en Ginebra que \u201cno deber\u00edamos perder tiempo echando la culpa a otros. Es como jugar con fuego\u201d.<\/p>\n","protected":false},"excerpt":{"rendered":"<p>Am\u00e9rica concentra el 40% de la pandemia mundial frente a Europa que acumula m\u00e1s del 52%. Sin embargo, el aumento diario es m\u00e1s r\u00e1pido aqu\u00ed,&hellip;<\/p>\n","protected":false},"author":99,"featured_media":0,"comment_status":"open","ping_status":"open","sticky":false,"template":"","format":"standard","meta":{"footnotes":""},"categories":[23],"tags":[],"class_list":["post-489718","post","type-post","status-publish","format-standard","hentry","category-latinoamerica"],"_links":{"self":[{"href":"https:\/\/diarioelpopular.com\/index.php\/wp-json\/wp\/v2\/posts\/489718","targetHints":{"allow":["GET"]}}],"collection":[{"href":"https:\/\/diarioelpopular.com\/index.php\/wp-json\/wp\/v2\/posts"}],"about":[{"href":"https:\/\/diarioelpopular.com\/index.php\/wp-json\/wp\/v2\/types\/post"}],"author":[{"embeddable":true,"href":"https:\/\/diarioelpopular.com\/index.php\/wp-json\/wp\/v2\/users\/99"}],"replies":[{"embeddable":true,"href":"https:\/\/diarioelpopular.com\/index.php\/wp-json\/wp\/v2\/comments?post=489718"}],"version-history":[{"count":1,"href":"https:\/\/diarioelpopular.com\/index.php\/wp-json\/wp\/v2\/posts\/489718\/revisions"}],"predecessor-version":[{"id":489721,"href":"https:\/\/diarioelpopular.com\/index.php\/wp-json\/wp\/v2\/posts\/489718\/revisions\/489721"}],"wp:attachment":[{"href":"https:\/\/diarioelpopular.com\/index.php\/wp-json\/wp\/v2\/media?parent=489718"}],"wp:term":[{"taxonomy":"category","embeddable":true,"href":"https:\/\/diarioelpopular.com\/index.php\/wp-json\/wp\/v2\/categories?post=489718"},{"taxonomy":"post_tag","embeddable":true,"href":"https:\/\/diarioelpopular.com\/index.php\/wp-json\/wp\/v2\/tags?post=489718"}],"curies":[{"name":"wp","href":"https:\/\/api.w.org\/{rel}","templated":true}]}}