{"id":489722,"date":"2020-04-08T23:34:37","date_gmt":"2020-04-08T23:34:37","guid":{"rendered":"https:\/\/diarioelpopular.com\/?p=489722"},"modified":"2020-04-08T23:34:53","modified_gmt":"2020-04-08T23:34:53","slug":"ontario-confirma-550-nuevos-casos-de-coronavirus-y-21-muertes-mas","status":"publish","type":"post","link":"https:\/\/diarioelpopular.com\/index.php\/2020\/04\/08\/ontario-confirma-550-nuevos-casos-de-coronavirus-y-21-muertes-mas\/","title":{"rendered":"Ontario confirma 550 nuevos casos de coronavirus y 21 muertes m\u00e1s"},"content":{"rendered":"<div id=\"attachment_489724\" style=\"width: 646px\" class=\"wp-caption alignnone\"><img loading=\"lazy\" decoding=\"async\" aria-describedby=\"caption-attachment-489724\" class=\"size-custom-full-size wp-image-489724\" src=\"https:\/\/diarioelpopular.com\/wp-content\/uploads\/2020\/04\/CPT10849685-636x424.jpg\" alt=\"\" width=\"636\" height=\"424\" \/><p id=\"caption-attachment-489724\" class=\"wp-caption-text\"><em style=\"font-size: 16px; line-height: 1.5;\">El n\u00famero total de casos de COVID-19 en Ontario super\u00f3 los 5,000, dijeron funcionarios de salud provinciales este mi\u00e9rcoles mientras confirmaban 550 nuevos casos del virus, incluidas 21 muertes adicionales.<\/em><\/p><\/div>\n<p>&nbsp;<\/p>\n<p><em>\u00daltima actualizaci\u00f3n mi\u00e9rcoles, 8 de abril de 2020 3:51 PM EDT<\/em><\/p>\n<p>&nbsp;<\/p>\n<p><em><strong>TORONTO &#8211;<\/strong><\/em> Ahora hay 5.276 casos confirmados del nuevo coronavirus en la provincia, incluidos 174 pacientes fallecidos.<\/p>\n<p>El recuento de casos del mi\u00e9rcoles fue el mayor salto de un d\u00eda en la provincia hasta el momento.<\/p>\n<p>Al anunciar a los nuevos pacientes, los funcionarios de salud confirmaron la primera muerte de COVID-19 de la provincia menor de 40 a\u00f1os.<\/p>\n<p>En el resumen epidemiol\u00f3gico de este mi\u00e9rcoles, los funcionarios enumeraron a un paciente fallecido entre los 20 y los 39 a\u00f1os. Otras nueve personas que murieron por el virus en Ontario ten\u00edan entre 40 y 59 a\u00f1os, 60 personas ten\u00edan entre 60 y 79 a\u00f1os. y 104 personas ten\u00edan 80 a\u00f1os o m\u00e1s.<\/p>\n<p>Actualmente hay 605 personas en el hospital con COVID-19 en Ontario. Ese n\u00famero ha bajado ligeramente de los 614 pacientes hospitalizados reportados por la provincia el martes.<\/p>\n<p>De los 605 pacientes en el hospital, 246 de ellos est\u00e1n siendo tratados en una unidad de cuidados intensivos y 195 de esos 246 pacientes est\u00e1n en ventiladores para ayudar con la respiraci\u00f3n.<\/p>\n<p>Los funcionarios de salud tambi\u00e9n declararon que 580 de todos los pacientes de Ontario son trabajadores de la salud.<\/p>\n<p>&nbsp;<\/p>\n<h4><em>Columbia Brit\u00e1nica. Funcionarios de salud anuncian 5 muertos m\u00e1s de COVID-19 en B.C., 45 m\u00e1s infectados<\/em><\/h4>\n<p><img loading=\"lazy\" decoding=\"async\" class=\"alignnone size-thumbnail wp-image-489723\" src=\"https:\/\/diarioelpopular.com\/wp-content\/uploads\/2020\/04\/image-1-3-150x150.jpg\" alt=\"\" width=\"150\" height=\"150\" \/><\/p>\n<p>&nbsp;<\/p>\n<p><em><strong>VICTORIA &#8211;<\/strong><\/em> Cinco personas m\u00e1s en Columbia Brit\u00e1nica han muerto por COVID-19, anunciaron este mi\u00e9rcoles funcionarios de salud, lo que eleva el n\u00famero total de v\u00edctimas del nuevo coronavirus en la provincia a 48.<\/p>\n<p>La oficial de salud provincial Dr. Bonnie Henry y el ministro de Salud Adrian Dix anunciaron las nuevas muertes en su sesi\u00f3n informativa diaria sobre el virus. Tambi\u00e9n anunciaron 45 nuevos casos positivos del virus, elevando el total de la provincia a 1,336 casos confirmados.<\/p>\n<p>La mayor\u00eda de las muertes contin\u00faan ocurriendo en centros de atenci\u00f3n a largo plazo y de vida asistida, dijo Henry, y se\u00f1al\u00f3 que dos de las cinco muertes ocurrieron en Amica Edgemont en North Vancouver, un hogar de atenci\u00f3n donde no se registraron muertes previas.<\/p>\n<p>Un total de 135 personas en B.C. est\u00e1n hospitalizados con COVID-19, y 61 est\u00e1n en cuidados cr\u00edticos. Ambos n\u00fameros representan ligeras disminuciones de los totales registrados el martes.<\/p>\n<p>La disminuci\u00f3n en las hospitalizaciones contin\u00faa una tendencia que ha estado en curso durante gran parte de esta semana. Pero tanto Henry como Dix reiteraron la necesidad de continuar las medidas que la provincia ha tomado para limitar la propagaci\u00f3n del virus, especialmente cuando se acerca un largo fin de semana.<\/p>\n<p>&#8220;Necesitamos quedarnos en casa este fin de semana&#8221;, dijo Henry. &#8220;Este no es el momento de viajar innecesariamente. No es el momento de ir a algunas de nuestras comunidades m\u00e1s peque\u00f1as o m\u00e1s remotas&#8221;.<\/p>\n<p>Tanto el oficial de salud provincial como el ministro de salud alentaron a las personas que observaban d\u00edas festivos religiosos en las pr\u00f3ximas semanas para asegurarse de que se conectan con sus familias y comunidades religiosas digitalmente, en lugar de en persona.<\/p>\n<p>Henry dijo que no se debe dar por sentado el progreso que la provincia ha logrado en desacelerar la propagaci\u00f3n del virus. Podr\u00eda verse obstaculizado por personas que abandonan sus hogares y se re\u00fanen durante el largo fin de semana.<\/p>\n<p>&#8220;Necesitamos asegurarnos de considerar el impacto que tal paso en falso podr\u00eda tener en todo lo que hemos hecho y todo lo que hemos reunido en las \u00faltimas semanas&#8221;, dijo.<\/p>\n<p>La mayor\u00eda de los casos y hospitalizaciones de B.C.se siguen localizando en \u00e1rea continental. Hay 615 casos confirmados de COVID-19 en la regi\u00f3n de salud costera de Vancouver y 487 en la regi\u00f3n de salud de Fraser. Esas dos autoridades de salud se combinan para cubrir todo Metro Vancouver, as\u00ed como las comunidades circundantes en el Valle de Fraser y el corredor Sea-to-Sky.<\/p>\n<p>Hay 48 personas hospitalizadas en Vancouver Coastal Health y 62 en Fraser Health, dijo Dix el mi\u00e9rcoles.<\/p>\n<p>En otras partes de la provincia, se han registrado 130 casos positivos en la regi\u00f3n de Salud Interior, y actualmente hay 10 personas hospitalizadas all\u00ed.<\/p>\n<p>Hay 81 casos confirmados de COVID-19 y 11 hospitalizaciones en la regi\u00f3n de Island Health, as\u00ed como 23 casos y 4 hospitalizaciones en la regi\u00f3n de Northern Health.<\/p>\n<p>Ahora hay 838 personas que dieron positivo para el coronavirus en B.C. que se consideran recuperados Eso es un aumento de 33 desde el martes.<\/p>\n<p>&nbsp;<\/p>\n<h4><em>Alberta reporta 50 nuevos casos de COVID-19, tres muertes<\/em><\/h4>\n<p>&nbsp;<\/p>\n<p><em><strong>EDMONTON &#8211;<\/strong><\/em> El gobierno de Alberta inform\u00f3 este mi\u00e9rcoles de 50 nuevos casos de COVID-19 y tres muertes m\u00e1s en su sitio web.<\/p>\n<p>Los nuevos casos elevan el total a 1.423, con 519 recuperaciones. Un total de 29 habitantes de Alberta han muerto despu\u00e9s de contraer el virus.<\/p>\n<p>Actualmente hay 44 pacientes con COVID-19 en el hospital, incluidos 16 en cuidados intensivos.<\/p>\n<p>El n\u00famero de casos confirmados ha disminuido considerablemente en los \u00faltimos d\u00edas desde que los Servicios de Salud de Alberta ralentizaron las pruebas. Hubo 1,645 pruebas desde la actualizaci\u00f3n COVID-19 del martes, despu\u00e9s de d\u00edas en los 4,000 la semana pasada.<\/p>\n<p>&#8220;Eso no significa que de repente la propagaci\u00f3n viral est\u00e9 disminuyendo en Alberta&#8221;, explic\u00f3 el mi\u00e9rcoles el primer ministro Jason Kenney. &#8220;Recibimos variaciones diarias de casos confirmados y generalmente son un reflejo de la cantidad de pruebas que hemos realizado.<\/p>\n<p>&#8220;Dado que hemos estado aumentando cada vez m\u00e1s pruebas, superamos una acumulaci\u00f3n y lo que descubrimos fue que las limitaciones que hab\u00edamos impuesto a las personas a las que se les dar\u00eda prioridad para acceder a las pruebas significaban que ten\u00edamos menos personas para realizar las pruebas que nosotros. capacidad de prueba &#8220;.<\/p>\n<p>Kenney sostuvo que el objetivo de Alberta es alcanzar 20,000 pruebas por d\u00eda.<\/p>\n<p>&nbsp;<\/p>\n<h4><em>Los casos de COVID-19 superan los 10.000 en Quebec a medida que las muertes ascienden a 175<\/em><\/h4>\n<p>&nbsp;<\/p>\n<p><em><strong>MONTREAL &#8211;<\/strong><\/em> Ahora hay 175 quebequenses que han muerto por COVID-19, y el n\u00famero de casos confirmados en Quebec ha llegado a 10.031, anunciaron este mi\u00e9rcoles los funcionarios de salud p\u00fablica de la provincia.<\/p>\n<p>Eso es un aumento de 25 de las 150 muertes reportadas el martes y 691 de los 9,340 casos reportados en toda la provincia 24 horas antes.<\/p>\n<p>Hay 632 quebequenses en tratamiento por COVID-19 en hospitales a partir del mi\u00e9rcoles por la tarde, informaron las autoridades de salud, 49 m\u00e1s de los 583 reportados el lunes; 181 de ellos est\u00e1n en cuidados intensivos, 17 de los 164 reportados el d\u00eda anterior.<\/p>\n<p>A partir de este mi\u00e9rcoles, se confirma que 827 personas se recuperaron, seg\u00fan datos del gobierno.<\/p>\n<p>El premier Francois Legault actualiz\u00f3 a la provincia sobre la \u00faltima situaci\u00f3n en su sesi\u00f3n informativa diaria COVID-19 junto con el director de salud p\u00fablica de Quebec, Horacio Arruda, y la ministra de Salud, Danielle McCann.<\/p>\n<p>&nbsp;<\/p>\n<p><em><strong>M\u00c1S AYUDA PARA MAYORES<\/strong><\/em><\/p>\n<p>McCann habl\u00f3 sobre los nuevos refuerzos para la atenci\u00f3n en las instalaciones de personas mayores para ayudar a la poblaci\u00f3n con mayor riesgo de complicaciones graves y muertes por un brote de COVID-19.<\/p>\n<p>Legault dijo que el 89 por ciento de las muertes por COVID-19 en la provincia son personas de 70 a\u00f1os o m\u00e1s.<\/p>\n<p>La provincia ha contratado a unas 500 ex enfermeras, dijo McCann, y agregar\u00e1 personal a las instalaciones de atenci\u00f3n a largo plazo, reubicando a muchos trabajadores de la salud de los hospitales en esas residencias para personas mayores.<\/p>\n<p>La contrataci\u00f3n de nuevas enfermeras permitir\u00e1 a los funcionarios de atenci\u00f3n m\u00e9dica crear equipos dedicados por establecimiento y por unidad, por lo que las mismas personas intervendr\u00e1n con los ancianos por establecimiento y unidad.<\/p>\n<p>&#8220;Va a hacer toda la diferencia&#8221;, dijo McCann, y agreg\u00f3 que los m\u00e9dicos de familia tambi\u00e9n ser\u00e1n redistribuidos para brindar m\u00e1s atenci\u00f3n a las personas mayores en centros de atenci\u00f3n a largo plazo. &#8220;El personal tiene que estar en un establecimiento, no en muchos establecimientos, y para eso necesitamos m\u00e1s personal&#8221;.<\/p>\n<p>Los funcionarios comenzar\u00e1n la evaluaci\u00f3n sistem\u00e1tica de COVID-19 para el personal y las personas mayores en aquellos lugares donde los ancianos viven y son vulnerables, dijo McCann.<\/p>\n<p>El personal tambi\u00e9n estar\u00e1 equipado con equipo de protecci\u00f3n para ayudar a prevenir la propagaci\u00f3n del virus.<\/p>\n<p>&#8220;Todo el equipo de protecci\u00f3n debe estar en su lugar&#8221;, dijo McCann.<\/p>\n<p>Sobre el mismo tema, Legault tambi\u00e9n habl\u00f3 sobre la necesidad de mantener seguros y saludables a las personas mayores que viven en sus hogares. Deben quedarse en casa en todo momento si es posible, y cualquiera que les entregue alimentos no debe quedarse y visitarlos. Todos deben permanecer a dos metros de distancia en todo momento, dijo.<\/p>\n<p>&#8220;No empieces a chatear, puedes hacerlo por tel\u00e9fono&#8221;, dijo.<\/p>\n<p>&nbsp;<\/p>\n<p><em><strong>\u00daNASE A LA DISTANCIA F\u00cdSICA<\/strong><\/em><\/p>\n<p>Legault habl\u00f3 con optimismo sobre las proyecciones, diciendo que Quebec ver\u00e1 mejores resultados cuanto m\u00e1s sigamos las pautas. Le dijo a los quebequenses que se &#8220;acostumbren&#8221; a las pautas de dos metros, incluso despu\u00e9s de que las empresas comiencen a reabrir.<\/p>\n<p>&#8220;No nos detengamos, comenzamos muy bien, sigamos por el buen camino&#8221;, dijo.<\/p>\n<p>Incluso en las proyecciones m\u00e1s pesimistas, la provincia necesitar\u00eda 1,000 camas y ventiladores.<\/p>\n<p>&#8220;Si es necesario, lo tenemos, tenemos esa capacidad&#8221;, dijo Legault.<\/p>\n<p>Legault dijo que espera que la provincia pueda ver el final gradual de la pausa econ\u00f3mica m\u00e1s temprano que tarde, pero dijo que es importante no ver un resurgimiento en los casos en que eso suceda.<\/p>\n<p>&#8220;Las lluvias de abril traen flores de mayo&#8221;, dijo Legault.<\/p>\n<p>El premier agreg\u00f3 que las pautas de distanciamiento f\u00edsico ser\u00e1n dif\u00edciles en las guarder\u00edas y las escuelas, as\u00ed como durante los desplazamientos durante las horas pico, por lo que Legault dijo que est\u00e1 considerando esos problemas y est\u00e1 pidiendo a los empleadores que vean c\u00f3mo podemos ser m\u00e1s flexibles con los horarios para evitar las horas pico y con los ni\u00f1os. problemas de cuidado.<\/p>\n","protected":false},"excerpt":{"rendered":"<p>&nbsp; \u00daltima actualizaci\u00f3n mi\u00e9rcoles, 8 de abril de 2020 3:51 PM EDT &nbsp; TORONTO &#8211; Ahora hay 5.276 casos confirmados del nuevo coronavirus en la&hellip;<\/p>\n","protected":false},"author":99,"featured_media":0,"comment_status":"open","ping_status":"open","sticky":false,"template":"","format":"standard","meta":{"footnotes":""},"categories":[21,11191],"tags":[],"class_list":["post-489722","post","type-post","status-publish","format-standard","hentry","category-canada","category-top-news"],"_links":{"self":[{"href":"https:\/\/diarioelpopular.com\/index.php\/wp-json\/wp\/v2\/posts\/489722","targetHints":{"allow":["GET"]}}],"collection":[{"href":"https:\/\/diarioelpopular.com\/index.php\/wp-json\/wp\/v2\/posts"}],"about":[{"href":"https:\/\/diarioelpopular.com\/index.php\/wp-json\/wp\/v2\/types\/post"}],"author":[{"embeddable":true,"href":"https:\/\/diarioelpopular.com\/index.php\/wp-json\/wp\/v2\/users\/99"}],"replies":[{"embeddable":true,"href":"https:\/\/diarioelpopular.com\/index.php\/wp-json\/wp\/v2\/comments?post=489722"}],"version-history":[{"count":2,"href":"https:\/\/diarioelpopular.com\/index.php\/wp-json\/wp\/v2\/posts\/489722\/revisions"}],"predecessor-version":[{"id":489726,"href":"https:\/\/diarioelpopular.com\/index.php\/wp-json\/wp\/v2\/posts\/489722\/revisions\/489726"}],"wp:attachment":[{"href":"https:\/\/diarioelpopular.com\/index.php\/wp-json\/wp\/v2\/media?parent=489722"}],"wp:term":[{"taxonomy":"category","embeddable":true,"href":"https:\/\/diarioelpopular.com\/index.php\/wp-json\/wp\/v2\/categories?post=489722"},{"taxonomy":"post_tag","embeddable":true,"href":"https:\/\/diarioelpopular.com\/index.php\/wp-json\/wp\/v2\/tags?post=489722"}],"curies":[{"name":"wp","href":"https:\/\/api.w.org\/{rel}","templated":true}]}}