{"id":489731,"date":"2020-04-09T00:40:43","date_gmt":"2020-04-09T00:40:43","guid":{"rendered":"https:\/\/diarioelpopular.com\/?p=489731"},"modified":"2020-04-09T00:40:43","modified_gmt":"2020-04-09T00:40:43","slug":"el-infierno-se-acerca-a-latinoamerica","status":"publish","type":"post","link":"https:\/\/diarioelpopular.com\/index.php\/2020\/04\/09\/el-infierno-se-acerca-a-latinoamerica\/","title":{"rendered":"El infierno se acerca a Latinoam\u00e9rica"},"content":{"rendered":"<div id=\"attachment_489733\" style=\"width: 160px\" class=\"wp-caption alignnone\"><img loading=\"lazy\" decoding=\"async\" aria-describedby=\"caption-attachment-489733\" class=\"size-thumbnail wp-image-489733\" src=\"https:\/\/diarioelpopular.com\/wp-content\/uploads\/2020\/04\/6705ea1a1858b0a6175f5777cdb11389-150x150.jpg\" alt=\"\" width=\"150\" height=\"150\" \/><p id=\"caption-attachment-489733\" class=\"wp-caption-text\">Una madre con su hijo en Quito. En las pr\u00f3ximas semanas Latinoam\u00e9rica vivir\u00e1 lo peor<\/p><\/div>\n<h4><em>En una semana, muertes se triplicaron. Se acerca lo peor, OPS<\/em><\/h4>\n<p>&nbsp;<\/p>\n<p><em><strong>BUENOS AIRES, 8 ABR &#8211;<\/strong><\/em> El n\u00famero de infectados por coronavirus en Am\u00e9rica latina super\u00f3 los 40 mil, con una duplicaci\u00f3n de casos en una semana.<br \/>\nAs\u00ed lo nuestra un trabajo estad\u00edstico preparado por ANSA para la monitorear la situaci\u00f3n existente en 34 pa\u00edses y territorios latinoamericanos.<br \/>\nEl pasado 1 de abril, el n\u00famero de pacientes confirmados era de 20.269, mientras que ahora, con la \u00faltima actualizaci\u00f3n aument\u00f3 a 40.092. En el mismo per\u00edodo, las muertes pr\u00e1cticamente se triplicaron, de 538 a 1.599.<br \/>\nSeg\u00fan los \u00faltimos reportes, casi la mitad de los infectados y los muertos (14.152 y 699 respectivamente) se registran en Brasil, donde contin\u00faan las tensiones entre el presidente Jair Bolsonaro y su ministro de Salud, Luis Henrique Mandetta, defensor de rigurosas medidas de prevenci\u00f3n, que el jefe de estado repudia y que por eso intent\u00f3 despedirlo aunque no pudo.<br \/>\nAmbos mantuvieron hoy una reuni\u00f3n &#8220;tranquila&#8221; de trabajo, mientras la opini\u00f3n p\u00fablica respalda en un 70% al ministro.<br \/>\nA Brasil le siguen, por n\u00famero de infectados, Chile (5.546) y Ecuador (3.995), mientras que este \u00faltimo pa\u00eds contin\u00faa siendo se\u00f1alado por el alto n\u00famero de muertes (220), en proporci\u00f3n a su poblaci\u00f3n, que es 12 veces menor a la de Brasil. En territorio chileno se registran en tanto 48 v\u00edctimas.<br \/>\nOtros pa\u00edses con m\u00e1s de 1.000 contagios son Per\u00fa (2.954 y 107 muertes), M\u00e9xico (2.785 y 141), Panam\u00e1 (2.249 y 59), Rep\u00fablica Dominicana (1.956 y 98) y Argentina (1.715 y 63).<\/p>\n<p>En tanto, la Organizaci\u00f3n Panamericana de la Salud (OPS), la oficina regional de la Organizaci\u00f3n Mundial de la Salud (OMS) para las Am\u00e9ricas, estim\u00f3 que el n\u00famero de muertes por covid-19 aumentar\u00e1 en las pr\u00f3ximas semanas en Am\u00e9rica Latina.<br \/>\nEn base a informes de los responsables nacionales, Carissa Etienne, directora de la OPS, afirm\u00f3 que a finales de abril y principios de mayo ser\u00e1n las fechas claves en la evoluci\u00f3n de la emergencia.<br \/>\n&#8220;En solo siete d\u00edas, hemos visto c\u00f3mo los casos y las muertes se duplicaron en nuestra regi\u00f3n, motivo por el cual insto a los gobiernos a prepararse y responder con la misma velocidad. La situaci\u00f3n empeorar\u00e1 antes de mejorar, y todos debemos estar preparados para el hecho de que las pr\u00f3ximas semanas ser\u00e1n a\u00fan m\u00e1s dif\u00edciles&#8221;, declar\u00f3 Etienne.<br \/>\nSeg\u00fan el OPS, la evoluci\u00f3n de la pandemia en la regi\u00f3n depender\u00e1 de las medidas adoptadas por cada naci\u00f3n para detener la propagaci\u00f3n del virus.<br \/>\n&#8220;Naturalmente, todo depende de cu\u00e1nto respetar\u00e1n los pa\u00edses el distanciamiento social, si est\u00e1n dispuestos a continuar con estas medidas, si tendr\u00e1n suficientes trabajadores de la salud y suficientes camas de hospital, especialmente en las unidades de cuidados intensivos, y si tendr\u00e1n suficientes respiradores y equipo de protecci\u00f3n individual&#8221;, dijo Etienne durante una video conferencia de prensa.<br \/>\nEtienne explic\u00f3 que no ten\u00eda una lista de pa\u00edses latinoamericanos siguiendo las recomendaciones de la OPS y de la Organizaci\u00f3n Mundial de la Salud (OMS), pero expres\u00f3 su preocupaci\u00f3n por las decisiones de Nicaragua con respecto al Covid-19.<br \/>\n&#8220;Nos preocupa la falta de distanciamiento social, la convocatoria de reuniones masivas. Nos preocupan las pruebas, el monitoreo de los contactos, la forma en que se informan los casos&#8221;, afirm\u00f3 la directora de la OPS.<\/p>\n","protected":false},"excerpt":{"rendered":"<p>En una semana, muertes se triplicaron. Se acerca lo peor, OPS &nbsp; BUENOS AIRES, 8 ABR &#8211; El n\u00famero de infectados por coronavirus en Am\u00e9rica&hellip;<\/p>\n","protected":false},"author":99,"featured_media":0,"comment_status":"open","ping_status":"open","sticky":false,"template":"","format":"standard","meta":{"footnotes":""},"categories":[23],"tags":[],"class_list":["post-489731","post","type-post","status-publish","format-standard","hentry","category-latinoamerica"],"_links":{"self":[{"href":"https:\/\/diarioelpopular.com\/index.php\/wp-json\/wp\/v2\/posts\/489731","targetHints":{"allow":["GET"]}}],"collection":[{"href":"https:\/\/diarioelpopular.com\/index.php\/wp-json\/wp\/v2\/posts"}],"about":[{"href":"https:\/\/diarioelpopular.com\/index.php\/wp-json\/wp\/v2\/types\/post"}],"author":[{"embeddable":true,"href":"https:\/\/diarioelpopular.com\/index.php\/wp-json\/wp\/v2\/users\/99"}],"replies":[{"embeddable":true,"href":"https:\/\/diarioelpopular.com\/index.php\/wp-json\/wp\/v2\/comments?post=489731"}],"version-history":[{"count":2,"href":"https:\/\/diarioelpopular.com\/index.php\/wp-json\/wp\/v2\/posts\/489731\/revisions"}],"predecessor-version":[{"id":489734,"href":"https:\/\/diarioelpopular.com\/index.php\/wp-json\/wp\/v2\/posts\/489731\/revisions\/489734"}],"wp:attachment":[{"href":"https:\/\/diarioelpopular.com\/index.php\/wp-json\/wp\/v2\/media?parent=489731"}],"wp:term":[{"taxonomy":"category","embeddable":true,"href":"https:\/\/diarioelpopular.com\/index.php\/wp-json\/wp\/v2\/categories?post=489731"},{"taxonomy":"post_tag","embeddable":true,"href":"https:\/\/diarioelpopular.com\/index.php\/wp-json\/wp\/v2\/tags?post=489731"}],"curies":[{"name":"wp","href":"https:\/\/api.w.org\/{rel}","templated":true}]}}