{"id":489738,"date":"2020-04-09T14:12:38","date_gmt":"2020-04-09T14:12:38","guid":{"rendered":"https:\/\/diarioelpopular.com\/?p=489738"},"modified":"2020-04-09T14:12:38","modified_gmt":"2020-04-09T14:12:38","slug":"una-serie-de-contagios-masivos-entre-el-personal-de-hospitales-publicos-enciende-las-alarmas-en-mexico","status":"publish","type":"post","link":"https:\/\/diarioelpopular.com\/index.php\/2020\/04\/09\/una-serie-de-contagios-masivos-entre-el-personal-de-hospitales-publicos-enciende-las-alarmas-en-mexico\/","title":{"rendered":"Una serie de contagios masivos entre el personal de hospitales p\u00fablicos enciende las alarmas en M\u00e9xico"},"content":{"rendered":"<div id=\"attachment_489739\" style=\"width: 646px\" class=\"wp-caption alignnone\"><img loading=\"lazy\" decoding=\"async\" aria-describedby=\"caption-attachment-489739\" class=\"size-custom-full-size wp-image-489739\" src=\"https:\/\/diarioelpopular.com\/wp-content\/uploads\/2020\/04\/CI2MWBXX4JFDJDTUYS5OMAV4II-636x425.jpg\" alt=\"\" width=\"636\" height=\"425\" \/><p id=\"caption-attachment-489739\" class=\"wp-caption-text\">Personal m\u00e9dico protesta afuera de un hospital de Monclova, al norte de M\u00e9xico.GUSTAVO RODR\u00cdGUEZ \/ EFE<\/p><\/div>\n<h4 class=\"a_st font_secondary color_gray_dark \"><em>Decenas de casos salen a la luz en varios puntos del pa\u00eds, despu\u00e9s de que trabajadores sanitarios protestaran por la falta de materiales y protecci\u00f3n para afrontar la pandemia<\/em><\/h4>\n<p>&nbsp;<\/p>\n<p class=\"\"><em><strong>MEXICO, 9 ABRIL.-<\/strong> <\/em>Una serie de contagios masivos entre personal sanitario ha sembrado dudas y preocupaci\u00f3n en la red de seguridad social m\u00e1s amplia de M\u00e9xico. En menos de 24 horas se han registrado m\u00e1s de 60 casos positivos en tres hospitales: 42 en Cabo San Lucas (en la pen\u00ednsula de Baja California), 19 en Tlalnepantla (a las afueras de Ciudad de M\u00e9xico) y seis en Cuernavaca (en el centro del pa\u00eds). Y tambi\u00e9n este mi\u00e9rcoles se registr\u00f3 la tercera muerte por un brote en una cl\u00ednica de la ciudad norte\u00f1a de Monclova, que se detect\u00f3 la semana pasada y ha dejado <a href=\"https:\/\/elpais.com\/sociedad\/2020-04-02\/un-brote-de-covid-19-entre-el-personal-de-un-hospital-de-mexico-deja-dos-muertos-y-al-menos-20-contagios.html\" target=\"_blank\" rel=\"noopener\" data-link-track-dtm=\"\">casi una treintena de infectados<\/a>, de acuerdo con los partes oficiales.<\/p>\n<p class=\"\">Todos los centros de salud pertenecen al <a href=\"https:\/\/elpais.com\/sociedad\/2020-04-05\/mexico-busca-contratar-19000-medicos-y-enfermeras-en-dos-semanas-para-atender-la-epidemia.html\" target=\"_blank\" rel=\"noopener\" data-link-track-dtm=\"\">Instituto Mexicano del Seguro Social (IMSS)<\/a> y en casi todos los puntos donde hoy se cuentan los enfermos por docenas, hubo protestas en las \u00faltimas semanas de los empleados sanitarios por la falta de materiales, protocolos y equipo de protecci\u00f3n para afrontar la crisis. Las autoridades han pedido que no se saque de proporci\u00f3n las cifras y que no se ponga en tela de juicio la capacidad hospitalaria ante la pandemia, pero no han ofrecido explicaciones claras de c\u00f3mo surgieron los casos ni sobre el reparto de responsabilidades ante los reclamos de sus trabajadores.<\/p>\n<p class=\"\">\u201cEl material es de p\u00e9sima calidad, esto no nos protege de nada\u201d, reclama una trabajadora del hospital regional 72 de Tlalnepantla, en un <a href=\"https:\/\/www.youtube.com\/watch?v=kXY7xtCq9lI&amp;feature=youtu.be\" target=\"_blank\" rel=\"noopener\" data-link-track-dtm=\"\">v\u00eddeo difundido por el propio personal<\/a>. Los contagios en esa cl\u00ednica ya superan la treintena y hay al menos 50 m\u00e9dicos puestos en aislamiento, de acuerdo con el portal <a href=\"https:\/\/latinus.us\/2020\/04\/07\/brote-covid19-hospital-imss-tlalnepantla-medicos-contagiados\/\" target=\"_blank\" rel=\"noopener\" data-link-track-dtm=\"\">Latinus<\/a>, que cita a las autoridades federales y del Estado de M\u00e9xico. El IMSS solo ha reconocido 19 diagn\u00f3sticos positivos y ha pedido a la prensa que no difunda informaci\u00f3n \u201cfalsa\u201d.<\/p>\n<p class=\"\">Pero el caso de Monclova y los testimonios de m\u00e9dicos y enfermeros ha sentado un precedente que el IMSS, que atiende a m\u00e1s de 12 millones de beneficiarios, no ha logrado sacudirse. \u201cNo es el mismo caso\u201d, ha defendido este mi\u00e9rcoles <a href=\"https:\/\/elpais.com\/internacional\/2019\/05\/22\/mexico\/1558536910_606604.html\" target=\"_blank\" rel=\"noopener\" data-link-track-dtm=\"\">Zo\u00e9 Robledo<\/a>, director del Instituto, en la rueda de prensa del presidente, <a href=\"https:\/\/elpais.com\/noticias\/administracion-andres-manuel-lopez-obrador\/\" target=\"_blank\" rel=\"noopener\" data-link-track-dtm=\"\">Andr\u00e9s Manuel L\u00f3pez Obrador<\/a>. \u201cNo es un brote hospitalario, vino de fuera\u201d, ha insistido y ha dicho que se estudian tres fuentes de contagio: un paciente que ya se recuper\u00f3, una doctora que no estuvo en contacto con ese paciente y un doctor que hac\u00eda turnos en otro hospital. Los casos confirmados y sus contactos est\u00e1n \u201cbajo supervisi\u00f3n\u201d y ya no trabajan ah\u00ed desde el 27 de marzo, ha asegurado el Instituto.<\/p>\n<p class=\"\">Los testimonios de los trabajadores de Tlalnepantla contradicen las declaraciones de Robledo. \u201cTenemos que manifestarnos y unirnos para exigir que se nos proporcione el material necesario, con el cual no contamos hasta la fecha, para atender a los pacientes y sanitizar principalmente este hospital\u201d, ha asegurado una infect\u00f3loga, cuyo reclamo se ha viralizado en redes sociales.<\/p>\n<p class=\"\">Al igual que en Monclova, los trabajadores del hospital salieron a las calles a finales de marzo porque no ten\u00edan lo necesario para atender el coronavirus. Esa misma semana, personal de la cl\u00ednica 1 de Cuernavaca tambi\u00e9n se manifest\u00f3 por la carencia de materiales b\u00e1sicos. La respuesta del IMSS, tambi\u00e9n de esos d\u00edas, fue que el abasto de insumos estaba \u201cgarantizado\u201d, en especial para quienes ven directamente a pacientes sospechosos y confirmados de Covid-19.<\/p>\n<p class=\"\">En la cl\u00ednica 1 de Cuernavaca, donde tres m\u00e9dicos y tres enfermeras han dado positivo, seg\u00fan un exfuncionario estatal que ahora trabaja en el hospital, no hay a\u00fan una explicaci\u00f3n sobre la cadena de contagio. Tampoco en el caso de la cl\u00ednica 26 de Cabo San Lucas. Entre los 42 infectados en esa cl\u00ednica hay m\u00e9dicos, enfermeras y trabajadores administradores y de la direcci\u00f3n, seg\u00fan un comunicado del IMSS. No hab\u00eda habido menci\u00f3n de ese brote en ninguna de las conferencias diarias de las autoridades sanitarias ni de los representantes federales del IMSS.<\/p>\n<p class=\"\">Una semana despu\u00e9s de que se destapara el brote, Monclova representa m\u00e1s de la mitad de los casos positivos de coronavirus en el Estado de Coahuila, que reporta 120 contagios confirmados, a pesar de ser una ciudad de 300.000 habitantes. En una cl\u00ednica del IMSS en Piedras Negras, una ciudad fronteriza tambi\u00e9n en Coahuila, se registr\u00f3 en estos d\u00edas el contagio de un enfermero originario de Monclova y 31 empleados fueron aislados para evitar la propagaci\u00f3n. El IMSS dijo primero que no ten\u00eda ese dato y despu\u00e9s, que no lo pod\u00eda revelar. Este diario tambi\u00e9n ha buscado una entrevista con Robledo, pero no ha obtenido respuesta. Con el \u00faltimo fallecimiento suman ya tres decesos de trabajadores por el contagio masivo en Monclova.<\/p>\n<p class=\"\">Una encuesta realizada a 400 trabajadores sanitarios por la Asociaci\u00f3n Mexicana de M\u00e9dicos Residentes y publicada a principios de abril indica que ocho de cada 10 no tienen mascarillas N95, las recomendadas para personal m\u00e9dico; m\u00e1s de la mitad no ten\u00eda gafas protectoras y que alrededor del 30% no ten\u00eda m\u00e1scaras de acr\u00edlico. \u201cAnte esta emergencia sanitaria, el IMSS hace un llamado a no confundir a la poblaci\u00f3n con informaci\u00f3n falsa que solo genera temor y desconfianza en los ciudadanos con los servicios de salud p\u00fablica\u201d, han insistido las autoridades en su \u00faltimo comunicado, en el que no hay una sola menci\u00f3n sobre inventarios, inversiones ni insumos disponibles para su personal.<\/p>\n","protected":false},"excerpt":{"rendered":"<p>Decenas de casos salen a la luz en varios puntos del pa\u00eds, despu\u00e9s de que trabajadores sanitarios protestaran por la falta de materiales y protecci\u00f3n&hellip;<\/p>\n","protected":false},"author":99,"featured_media":0,"comment_status":"open","ping_status":"open","sticky":false,"template":"","format":"standard","meta":{"footnotes":""},"categories":[23],"tags":[],"class_list":["post-489738","post","type-post","status-publish","format-standard","hentry","category-latinoamerica"],"_links":{"self":[{"href":"https:\/\/diarioelpopular.com\/index.php\/wp-json\/wp\/v2\/posts\/489738","targetHints":{"allow":["GET"]}}],"collection":[{"href":"https:\/\/diarioelpopular.com\/index.php\/wp-json\/wp\/v2\/posts"}],"about":[{"href":"https:\/\/diarioelpopular.com\/index.php\/wp-json\/wp\/v2\/types\/post"}],"author":[{"embeddable":true,"href":"https:\/\/diarioelpopular.com\/index.php\/wp-json\/wp\/v2\/users\/99"}],"replies":[{"embeddable":true,"href":"https:\/\/diarioelpopular.com\/index.php\/wp-json\/wp\/v2\/comments?post=489738"}],"version-history":[{"count":1,"href":"https:\/\/diarioelpopular.com\/index.php\/wp-json\/wp\/v2\/posts\/489738\/revisions"}],"predecessor-version":[{"id":489740,"href":"https:\/\/diarioelpopular.com\/index.php\/wp-json\/wp\/v2\/posts\/489738\/revisions\/489740"}],"wp:attachment":[{"href":"https:\/\/diarioelpopular.com\/index.php\/wp-json\/wp\/v2\/media?parent=489738"}],"wp:term":[{"taxonomy":"category","embeddable":true,"href":"https:\/\/diarioelpopular.com\/index.php\/wp-json\/wp\/v2\/categories?post=489738"},{"taxonomy":"post_tag","embeddable":true,"href":"https:\/\/diarioelpopular.com\/index.php\/wp-json\/wp\/v2\/tags?post=489738"}],"curies":[{"name":"wp","href":"https:\/\/api.w.org\/{rel}","templated":true}]}}