{"id":489823,"date":"2020-04-10T23:12:42","date_gmt":"2020-04-10T23:12:42","guid":{"rendered":"https:\/\/diarioelpopular.com\/?p=489823"},"modified":"2020-04-10T23:12:42","modified_gmt":"2020-04-10T23:12:42","slug":"los-pueblos-indigenas-de-brasil-se-enfrentan-a-la-pandemia-con-miedo-y-reglas-propias","status":"publish","type":"post","link":"https:\/\/diarioelpopular.com\/index.php\/2020\/04\/10\/los-pueblos-indigenas-de-brasil-se-enfrentan-a-la-pandemia-con-miedo-y-reglas-propias\/","title":{"rendered":"Los pueblos ind\u00edgenas de Brasil se enfrentan a la pandemia con miedo y reglas propias"},"content":{"rendered":"<div id=\"attachment_489824\" style=\"width: 646px\" class=\"wp-caption alignnone\"><img loading=\"lazy\" decoding=\"async\" aria-describedby=\"caption-attachment-489824\" class=\"size-custom-full-size wp-image-489824\" src=\"https:\/\/diarioelpopular.com\/wp-content\/uploads\/2020\/04\/3FMCL5YSBNCWBNU3YGKXRGOJZE-636x424.jpg\" alt=\"\" width=\"636\" height=\"424\" \/><p id=\"caption-attachment-489824\" class=\"wp-caption-text\"><em>Ind\u00edgenas de la tribu Mura en la selva amaz\u00f3nica de Brasil.UESLEI MARCELINO \/ REUTERS<\/em><\/p><\/div>\n<p>&nbsp;<\/p>\n<h4 class=\"a_st font_secondary color_gray_dark \"><em>Tras las primeras muertes de ind\u00edgenas, las aldeas cambian su rutina, endurecen las reglas y crean sus propias medidas sanitarias para evitar el contagio<\/em><\/h4>\n<p>&nbsp;<\/p>\n<p class=\"\">La profesora Nedilsa Pereira estaba en su casa \u2014una de las pocas que tiene wifi en una aldea ind\u00edgena del Estado brasile\u00f1o de Amazonas\u2014 viendo uno de los boletines informativos, cuando informaron de que Brasil hab\u00eda confirmado el primer caso de coronavirus en una mujer ind\u00edgena en su ciudad, Santo Ant\u00f4nio do I\u00e7\u00e1. Se qued\u00f3 at\u00f3nita. Era martes (31 de marzo), y los aproximadamente 5.000 ind\u00edgenas ticuna que viven en la aldea Vila Bet\u00e2nia, cerca de la frontera con Colombia, ya estaban en alerta porque, la semana anterior, un m\u00e9dico que trabaja con los<a href=\"https:\/\/elpais.com\/internacional\/2020\/01\/17\/actualidad\/1579288854_158770.html\" target=\"_blank\" rel=\"noopener\" data-link-track-dtm=\"\"> pueblos ind\u00edgenas de la regi\u00f3n <\/a>se hab\u00eda contagiado. Ten\u00eda s\u00edntomas y dej\u00f3 de trabajar, aunque el d\u00eda anterior hab\u00eda visitado a m\u00e1s de una docena de pacientes.<\/p>\n<p class=\"\">La confirmaci\u00f3n de estos dos casos provocaron una fuerte alarma entre los pueblos ind\u00edgenas brasile\u00f1os donde el miedo a contraer enfermedades del hombre blanco atraviesa muchas generaciones. Este viernes se ha confirmado la muerte de un ind\u00edgena yanomami de 15 a\u00f1os, el tercer fallecimiento en esta comunidad. Hist\u00f3ricamente, los pueblos han visto como su poblaci\u00f3n se diezmaba por el contacto con enfermedades para las cuales no ten\u00edan anticuerpos.<\/p>\n<p class=\"\">La \u00faltima experiencia as\u00ed ocurri\u00f3 con la c\u00f3lera, en los a\u00f1os 1990, y todav\u00eda sigue viva en la memoria de estas comunidades que ahora se <a href=\"https:\/\/elpais.com\/elpais\/2019\/04\/11\/3500_millones\/1554971346_439815.html\" target=\"_blank\" rel=\"noopener\" data-link-track-dtm=\"\">enfrentan al coronavirus<\/a> con un sistema de salud propio \u2014respetuoso de su cultura y tratamientos tradicionales\u2014, pero que tiene una estructura mucho m\u00e1s d\u00e9bil que el sistema \u00fanico de salud, del que dependen los dem\u00e1s brasile\u00f1os. El pa\u00eds latinoamericano tiene un total de 34 unidades de salud para responder a las enfermedades m\u00e1s leves de los 800.000 ind\u00edgenas que viven en las aldeas. Cuando necesitan del servicio hospitalario, necesitan ser trasladados, muchas veces en aviones o barcos.<\/p>\n<p class=\"\">Oficialmente, hasta este mi\u00e9rcoles (8), hab\u00edan seis ind\u00edgenas infectados por el nuevo coronavirus en todo Brasil y al menos 21 casos sospechosos. El propio ministro de Sanidad, Luiz Henrique Mandetta, ha estado advirtiendo sobre el riesgo que corren estos pueblos, a\u00fan m\u00e1s vulnerables al nuevo coronavirus ante la falta de acceso a condiciones sanitarias b\u00e1sicas y las carencias del sistema sanitario ind\u00edgena.<\/p>\n<p class=\"\">El pasado viernes, el ministro recomend\u00f3 que se endurecieran las restricciones en las aldeas y pidi\u00f3 que incluso las instituciones ind\u00edgenas bien intencionadas se abstuvieran de visitarlas durante la pandemia para reducir el riesgo de contagio. Este mi\u00e9rcoles, dijo que se plantea construir un hospital de campa\u00f1a exclusivo para cuidar de los ind\u00edgenas infectados por la Covid-19.<\/p>\n<p class=\"\">Sin embargo, antes mismo que el ministro diera sus recomendaciones oficiales, comunidades como la de Nedilsa ya hab\u00edan empezado a crear<a href=\"https:\/\/elpais.com\/elpais\/2019\/12\/31\/planeta_futuro\/1577796647_971760.html?rel=listapoyo\" target=\"_blank\" rel=\"noopener\" data-link-track-dtm=\"\"> sus propias propias reglas <\/a>sanitarias para protegerse. \u201cEstamos asustados y hacemos lo imposible para que la aldea se quede en casa\u201d, dice Nedilsa. Cuenta que el aislamiento social comenz\u00f3 en Vila Bet\u00e2nia el 23 de marzo, cuando caciques, l\u00edderes ind\u00edgenas y maestros de la comunidad se reunieron y decidieron entrar en cuarentena por su cuenta. Prohibieron la entrada de visitantes y comerciantes de fuera y el \u00fanico puerto por el que se entra a la aldea est\u00e1 constantemente vigilado.<\/p>\n<p class=\"\">Los ind\u00edgenas pueden plantar y pescar, como siempre han hecho, pero la actividad tradicional de vender pescado y productos agr\u00edcolas en la ciudad se ha suspendido. Como mucho, 20 personas al d\u00eda pueden cruzar el r\u00edo e ir a la ciudad a comprar alimentos, siempre siguiendo las precauciones de higiene.<\/p>\n<p class=\"\">\u201cHicimos p\u00fablico por megafon\u00eda que nadie pod\u00eda salir a la calle, que esta enfermedad es mucho m\u00e1s peligrosa para nosotros\u201d, dice Nedilsa. La aldea Vila Bet\u00e2nia est\u00e1 asistida por profesionales sanitarios que viven en la propia comunidad. Los residentes escuchan sus orientaciones y agregan las suyas propias, como encender todas las noches en la aldea un incensario con un remedio casero para combatir el virus. Tambi\u00e9n han creado un ung\u00fcento que se untan por el cuerpo antes de salir de casa, si necesitan realizar alguna actividad esencial. Y, a falta de mascarillas de tela, las hacen de c\u00e1scara de coco para crear barreras f\u00edsicas. \u201cTenemos nuestras tradiciones y nuestra forma de ver estas enfermedades. Hace a\u00f1os surgieron otras enfermedades como esta, nuestros antepasados nos lo contaron. Cuando aparece una enfermedad para la que no hay remedio, en nuestra aldea los ancianos encuentran un remedio para prevenirla. Estamos haciendo lo mismo ahora, con este incensario\u201d, explica Nedilsa.<\/p>\n<h2 class=\"font_secondary color_gray_ultra_dark\">La nueva rutina de la aldea<\/h2>\n<p class=\"\">Incluso teniendo un recuerdo v\u00edvido de la devastaci\u00f3n que pueden causar las enfermedades blancas, Nedilsa dice que los ticunas de Vila Bet\u00e2nia est\u00e1n experimentando algo que nunca hab\u00edan vivido: el distanciamiento social. La calle m\u00e1s concurrida de la ciudad, por la que transitan un gran n\u00famero de familiares, ahora est\u00e1 vac\u00eda. Los partidos de f\u00fatbol en la comunidad, una pasi\u00f3n de los m\u00e1s j\u00f3venes, ya no se juegan. Todo parece haberse detenido.<\/p>\n<p class=\"\">\u201cPor la noche, la comunidad est\u00e1 muy extra\u00f1a, todo est\u00e1 desierto, no hay nadie\u201d, cuenta. En casa de Nedilsa, donde funcionaba la sucursal bancaria y el cibercaf\u00e9 de la comunidad, el movimiento tambi\u00e9n tuvo que detenerse. \u201cMi casa siempre estaba abarrotada, llena de gente que quer\u00eda entrar en internet. Tuvimos que explic\u00e1rselo a los clientes, hasta que lo entendieron. No fue f\u00e1cil\u201d, afirma.<\/p>\n<p class=\"\">El impacto tambi\u00e9n se siente por la ausencia de comerciantes y visitantes de las aldeas vecinas o de la ciudad, que ven\u00edan a raudales a hacer negocios. Este tr\u00e1nsito ahora est\u00e1 prohibido. La comunidad, como muchas en Brasil, ya est\u00e1 empezando a sentir los <a href=\"https:\/\/elpais.com\/economia\/2020-03-19\/la-pandemia-en-america-latina-una-crisis-economica-sin-culpables.html\" target=\"_blank\" rel=\"noopener\" data-link-track-dtm=\"\">impactos de la par\u00e1lisis de la actividad econ\u00f3mica<\/a>. Algunos grupos \u00e9tnicos se est\u00e1n organizando para recibir donaciones del Gobierno, que prepara la distribuci\u00f3n de cestas de alimentos b\u00e1sicos para garantizar la seguridad alimentaria de los pueblos tradicionales.<\/p>\n","protected":false},"excerpt":{"rendered":"<p>&nbsp; Tras las primeras muertes de ind\u00edgenas, las aldeas cambian su rutina, endurecen las reglas y crean sus propias medidas sanitarias para evitar el contagio&hellip;<\/p>\n","protected":false},"author":99,"featured_media":0,"comment_status":"open","ping_status":"open","sticky":false,"template":"","format":"standard","meta":{"footnotes":""},"categories":[23],"tags":[],"class_list":["post-489823","post","type-post","status-publish","format-standard","hentry","category-latinoamerica"],"_links":{"self":[{"href":"https:\/\/diarioelpopular.com\/index.php\/wp-json\/wp\/v2\/posts\/489823","targetHints":{"allow":["GET"]}}],"collection":[{"href":"https:\/\/diarioelpopular.com\/index.php\/wp-json\/wp\/v2\/posts"}],"about":[{"href":"https:\/\/diarioelpopular.com\/index.php\/wp-json\/wp\/v2\/types\/post"}],"author":[{"embeddable":true,"href":"https:\/\/diarioelpopular.com\/index.php\/wp-json\/wp\/v2\/users\/99"}],"replies":[{"embeddable":true,"href":"https:\/\/diarioelpopular.com\/index.php\/wp-json\/wp\/v2\/comments?post=489823"}],"version-history":[{"count":1,"href":"https:\/\/diarioelpopular.com\/index.php\/wp-json\/wp\/v2\/posts\/489823\/revisions"}],"predecessor-version":[{"id":489825,"href":"https:\/\/diarioelpopular.com\/index.php\/wp-json\/wp\/v2\/posts\/489823\/revisions\/489825"}],"wp:attachment":[{"href":"https:\/\/diarioelpopular.com\/index.php\/wp-json\/wp\/v2\/media?parent=489823"}],"wp:term":[{"taxonomy":"category","embeddable":true,"href":"https:\/\/diarioelpopular.com\/index.php\/wp-json\/wp\/v2\/categories?post=489823"},{"taxonomy":"post_tag","embeddable":true,"href":"https:\/\/diarioelpopular.com\/index.php\/wp-json\/wp\/v2\/tags?post=489823"}],"curies":[{"name":"wp","href":"https:\/\/api.w.org\/{rel}","templated":true}]}}