{"id":489830,"date":"2020-04-11T02:08:24","date_gmt":"2020-04-11T02:08:24","guid":{"rendered":"https:\/\/diarioelpopular.com\/?p=489830"},"modified":"2020-04-11T02:08:24","modified_gmt":"2020-04-11T02:08:24","slug":"los-casos-se-disparan-en-ecuador","status":"publish","type":"post","link":"https:\/\/diarioelpopular.com\/index.php\/2020\/04\/11\/los-casos-se-disparan-en-ecuador\/","title":{"rendered":"Los casos se disparan en Ecuador"},"content":{"rendered":"<div id=\"attachment_489831\" style=\"width: 160px\" class=\"wp-caption alignnone\"><img loading=\"lazy\" decoding=\"async\" aria-describedby=\"caption-attachment-489831\" class=\"size-thumbnail wp-image-489831\" src=\"https:\/\/diarioelpopular.com\/wp-content\/uploads\/2020\/04\/47936acd51a2957a2ab462cbded3dcf7-150x150.jpg\" alt=\"\" width=\"150\" height=\"150\" \/><p id=\"caption-attachment-489831\" class=\"wp-caption-text\">Ecuador en apuros, la pandemia se acelera<\/p><\/div>\n<h4><em>Las muertes son 297. Aumentan el n\u00famero de ex\u00e1menes<\/em><\/h4>\n<p>&nbsp;<\/p>\n<p><em><strong>QUITO, 10 ABR &#8211;<\/strong> <\/em>M\u00e1s y m\u00e1s casos en Ecuador, el Covid-19 parece fuera de control y este viernes se detect\u00f3 un incremento de m\u00e1s del 40% de los casos con una suma global de 7.161 casos confirmados, es decir 2.196 m\u00e1s que el jueves 9, adem\u00e1s de casi 300 fallecidos aunque pueden ser m\u00e1s.<br \/>\nLo inform\u00f3 la ministra de Gobierno, Mar\u00eda Paula Romo, que precis\u00f3 que hay 297 fallecidos confirmados, pero hay m\u00e1s de 100 en estudio que podr\u00edan haber fallecido por el coronavirus.<br \/>\nLa funcionaria dijo que hay 6.496 casos descartados y que 368 personas han recibido el alta hospitalaria. Seg\u00fan Romo, el aumento se debe a la capacidad de procesar pruebas con mayor velocidad en el Ecuador y eso ha hecho que la cifra de los casos positivos de Covid-19 en el pa\u00eds se eleve, as\u00ed como tambi\u00e9n se incrementan los casos descartados. En el informe del jueves 9 de abril se registraron 4.965 casos de contagiados con covid-19 y 272 fallecidos.<\/p>\n","protected":false},"excerpt":{"rendered":"<p>Las muertes son 297. Aumentan el n\u00famero de ex\u00e1menes &nbsp; QUITO, 10 ABR &#8211; M\u00e1s y m\u00e1s casos en Ecuador, el Covid-19 parece fuera de&hellip;<\/p>\n","protected":false},"author":99,"featured_media":0,"comment_status":"open","ping_status":"open","sticky":false,"template":"","format":"standard","meta":{"footnotes":""},"categories":[23],"tags":[],"class_list":["post-489830","post","type-post","status-publish","format-standard","hentry","category-latinoamerica"],"_links":{"self":[{"href":"https:\/\/diarioelpopular.com\/index.php\/wp-json\/wp\/v2\/posts\/489830","targetHints":{"allow":["GET"]}}],"collection":[{"href":"https:\/\/diarioelpopular.com\/index.php\/wp-json\/wp\/v2\/posts"}],"about":[{"href":"https:\/\/diarioelpopular.com\/index.php\/wp-json\/wp\/v2\/types\/post"}],"author":[{"embeddable":true,"href":"https:\/\/diarioelpopular.com\/index.php\/wp-json\/wp\/v2\/users\/99"}],"replies":[{"embeddable":true,"href":"https:\/\/diarioelpopular.com\/index.php\/wp-json\/wp\/v2\/comments?post=489830"}],"version-history":[{"count":1,"href":"https:\/\/diarioelpopular.com\/index.php\/wp-json\/wp\/v2\/posts\/489830\/revisions"}],"predecessor-version":[{"id":489832,"href":"https:\/\/diarioelpopular.com\/index.php\/wp-json\/wp\/v2\/posts\/489830\/revisions\/489832"}],"wp:attachment":[{"href":"https:\/\/diarioelpopular.com\/index.php\/wp-json\/wp\/v2\/media?parent=489830"}],"wp:term":[{"taxonomy":"category","embeddable":true,"href":"https:\/\/diarioelpopular.com\/index.php\/wp-json\/wp\/v2\/categories?post=489830"},{"taxonomy":"post_tag","embeddable":true,"href":"https:\/\/diarioelpopular.com\/index.php\/wp-json\/wp\/v2\/tags?post=489830"}],"curies":[{"name":"wp","href":"https:\/\/api.w.org\/{rel}","templated":true}]}}