{"id":489838,"date":"2020-04-11T15:31:25","date_gmt":"2020-04-11T15:31:25","guid":{"rendered":"https:\/\/diarioelpopular.com\/?p=489838"},"modified":"2020-04-11T15:31:25","modified_gmt":"2020-04-11T15:31:25","slug":"ontario-registra-31-nuevas-muertes-relacionadas-con-el-coronavirus-411-casos-nuevos","status":"publish","type":"post","link":"https:\/\/diarioelpopular.com\/index.php\/2020\/04\/11\/ontario-registra-31-nuevas-muertes-relacionadas-con-el-coronavirus-411-casos-nuevos\/","title":{"rendered":"Ontario registra 31 nuevas muertes relacionadas con el coronavirus, 411 casos nuevos"},"content":{"rendered":"<p><em><img loading=\"lazy\" decoding=\"async\" class=\"alignnone size-custom-full-size wp-image-489839\" src=\"https:\/\/diarioelpopular.com\/wp-content\/uploads\/2020\/04\/image-2-3-636x358.jpg\" alt=\"\" width=\"636\" height=\"358\" \/>\u00daltima actualizaci\u00f3n: s\u00e1bado 11 de abril de 2020 11:01 AM EDT<\/em><\/p>\n<p>&nbsp;<\/p>\n<h4><em>El ente de salud de Ontario informaron 31 muertes m\u00e1s relacionadas con COVID-19 este s\u00e1bado por la ma\u00f1ana y anunciaron que el n\u00famero total de muertes en la provincia ahora es de 253.<\/em><\/h4>\n<p>&nbsp;<\/p>\n<p><em><strong>TORONTO &#8211;<\/strong><\/em> Funcionarios provinciales de salud tambi\u00e9n anunciaron 411 casos m\u00e1s del nuevo coronavirus. Ahora hay un total de 6.648 casos confirmados de COVID-19 en Ontario.<\/p>\n<p>En el resumen epidemiol\u00f3gico deeste s\u00e1bado, los funcionarios de salud mencionaron que un paciente fallecido ten\u00eda entre 20 y 39 a\u00f1os, 15 pacientes fallecidos ten\u00edan entre 40 y 59 a\u00f1os, 78 pacientes que murieron ten\u00edan entre 60 y 79 a\u00f1os y 159 ten\u00edan 80 a\u00f1os. de edad o mayor.<\/p>\n<p>Actualmente, 691 pacientes permanecen en hospitales en todo Ontario y de esos pacientes, 257 de ellos est\u00e1n recibiendo tratamiento en una unidad de cuidados intensivos. De esos 257 pacientes, 215 de ellos permanecen en ventiladores para ayudar con la respiraci\u00f3n.<\/p>\n<p>Adem\u00e1s declararon que 744 de todos los pacientes de Ontario son trabajadores de la salud.<\/p>\n<p>&nbsp;<\/p>\n<h3><em>Quebec se hace cargo de la casa de las personas mayores despu\u00e9s de informes de muertes y condiciones antihigi\u00e9nicas<\/em><\/h3>\n<p><em><strong>MONTREAL.-<\/strong><\/em> Un centro de atenci\u00f3n a largo plazo de Dorval est\u00e1 bajo la tutela de la provincia luego de que se descubriera que los residentes fueron encontrados desnutridos, deshidratados y, en algunos casos, cubiertos con heces y orina.<\/p>\n<p>La ministra de Salud de Quebec, Danielle McCann, confirm\u00f3 este viernes que la provincia ha tomado el control de la residencia privada Herron.<\/p>\n<p>Seg\u00fan los informes, la polic\u00eda encontr\u00f3 varios cuerpos en la residencia. Un portavoz de la polic\u00eda de Montreal dijo que recibi\u00f3 una llamada el 28 de marzo para transportar a una mujer de 95 a\u00f1os al hospital despu\u00e9s de que ella se negara a irse. Mientras estaba all\u00ed, Urgence Sante encontr\u00f3 el cuerpo de una persona que el personal no se dio cuenta de que hab\u00eda fallecido.<\/p>\n<p>Un residente le dijo que hab\u00edan visto sacar unos tres cuerpos en bolsas para cad\u00e1veres por d\u00eda durante los \u00faltimos d\u00edas.<\/p>\n<p>&#8220;Me siento muy inc\u00f3modo&#8221;, dijo Alan Price. &#8220;Estoy bien de salud, pero por cu\u00e1nto tiempo, no lo s\u00e9&#8221;.<\/p>\n<p>&#8220;El personal antiguo ya casi no existe. Veo tal vez cinco de esos trabajadores. Todos los dem\u00e1s est\u00e1n en casa, lejos de aqu\u00ed&#8221;.<\/p>\n<p>La ministra responsable de personas mayores y cuidadores, Marguerite Blais, apenas confirm\u00f3 que hubo dos muertes en el Herron durante el \u00faltimo mes, pero dijo que otras 18 muertes no estaban relacionadas con COVID-19.<\/p>\n<p>Sin embargo, un portavoz de Urgence Sante dijo que los cuerpos de 15 personas con casos confirmados o sospechosos de COVID-19 hab\u00edan sido retirados de la residencia desde el 1 de marzo; lo cual contradice la versi\u00f3n de Blais.<\/p>\n<p>En un comunicado, la autoridad local de salud dijo que le pidi\u00f3 al Ministerio de Salud la autoridad para hacerse cargo de la administraci\u00f3n de la instalaci\u00f3n despu\u00e9s de darse cuenta de la penosa situaci\u00f3n all\u00ed.<\/p>\n<p>&#8220;Hemos desplegado un gerente a la residencia para garantizar un mejor control de la situaci\u00f3n&#8221;, dijeron. &#8220;Ya se han implementado varias medidas, incluida la creaci\u00f3n de una zona separada para aislar a los residentes infectados. Tambi\u00e9n hemos agregado personal y proporcionado el equipo de protecci\u00f3n adicional requerido.<\/p>\n<p>&#8220;En cuanto a las situaciones espec\u00edficas mencionadas cuando a\u00fan no est\u00e1bamos a cargo del establecimiento: haremos todas las consultas necesarias sobre c\u00f3mo fueron tratados los pacientes. Una vez dicho esto, ahora somos responsables de la instalaci\u00f3n y estamos trabajando muy duro para asegurar que los residentes tengan las mejores condiciones de vida posibles &#8220;.<\/p>\n<p>M\u00e1s de 150 personas conectadas al centro han dado positivo por el virus.<\/p>\n<p>\u201cMe acaban de informar. El CIUSSS se hizo cargo de esta residencia hace unos d\u00edas \u201d, dijo Blais. \u201cQuiero tener un informe sobre esto. Por supuesto, esto es muy preocupante, pero conf\u00edo en que el CIUSSS se ha hecho cargo y est\u00e1 cuidando a las personas dentro de la residencia \u201d.<\/p>\n<p>&nbsp;<\/p>\n<p><em><strong>NUEVO PLAN PARA RESIDENCIAS MAYORES<\/strong><\/em><\/p>\n<p>Con los brotes de COVID-19 presentes en m\u00e1s de 150 de los centros de atenci\u00f3n a largo plazo de Quebec, el gobierno provincial lanz\u00f3 un nuevo plan de prevenci\u00f3n para las residencias de personas mayores el viernes.<\/p>\n<p>McCann y Blais presentaron un nuevo equipo de expertos, que estar\u00e1 dirigido por el m\u00e9dico Quoc Dinh Nguyen, un internista geri\u00e1trico especializado en epidemiolog\u00eda del envejecimiento.<\/p>\n<p>El tr\u00edo describi\u00f3 un plan de acci\u00f3n que, seg\u00fan dijeron, se desplegar\u00e1 agresivamente en centros de atenci\u00f3n a largo plazo y residencias privadas para personas mayores.<\/p>\n<p>El equipo tendr\u00e1 la tarea de monitorear la situaci\u00f3n en esas instalaciones en tiempo real, a fin de reaccionar m\u00e1s r\u00e1pidamente en entornos donde se ha extendido COVID-19.<\/p>\n<p>En un comunicado, el gobierno describi\u00f3 varias medidas que se tomar\u00e1n para mantener seguros a los adultos mayores en cuidados a largo plazo.<\/p>\n<p>Blais defendi\u00f3 el historial del gobierno de ayudar a las personas mayores durante la pandemia.<\/p>\n<p>\u201cSe trata de salvar vidas. A veces, para salvar vidas, tienes que ajustar lo que est\u00e1s haciendo \u201d, dijo Blais.<\/p>\n<p>Las nuevas medidas incluyen la reasignaci\u00f3n del personal a las instalaciones que los necesitan, con el objetivo de limitar el n\u00famero de personas que entran en contacto con personas mayores individuales. El plan tambi\u00e9n exige aumentar las pruebas COVID-19 tanto para los residentes como para el personal, suspender las nuevas admisiones y transferencias entre las instalaciones y proporcionar m\u00e1s equipos de protecci\u00f3n a todos los miembros del personal.<\/p>\n<p>Nguyen dijo que los quebequenses no deber\u00edan esperar ver un cambio inmediato en el n\u00famero de infectados en las residencias de ancianos.<\/p>\n","protected":false},"excerpt":{"rendered":"<p>\u00daltima actualizaci\u00f3n: s\u00e1bado 11 de abril de 2020 11:01 AM EDT &nbsp; El ente de salud de Ontario informaron 31 muertes m\u00e1s relacionadas con COVID-19&hellip;<\/p>\n","protected":false},"author":99,"featured_media":0,"comment_status":"open","ping_status":"open","sticky":false,"template":"","format":"standard","meta":{"footnotes":""},"categories":[21,11191],"tags":[],"class_list":["post-489838","post","type-post","status-publish","format-standard","hentry","category-canada","category-top-news"],"_links":{"self":[{"href":"https:\/\/diarioelpopular.com\/index.php\/wp-json\/wp\/v2\/posts\/489838","targetHints":{"allow":["GET"]}}],"collection":[{"href":"https:\/\/diarioelpopular.com\/index.php\/wp-json\/wp\/v2\/posts"}],"about":[{"href":"https:\/\/diarioelpopular.com\/index.php\/wp-json\/wp\/v2\/types\/post"}],"author":[{"embeddable":true,"href":"https:\/\/diarioelpopular.com\/index.php\/wp-json\/wp\/v2\/users\/99"}],"replies":[{"embeddable":true,"href":"https:\/\/diarioelpopular.com\/index.php\/wp-json\/wp\/v2\/comments?post=489838"}],"version-history":[{"count":1,"href":"https:\/\/diarioelpopular.com\/index.php\/wp-json\/wp\/v2\/posts\/489838\/revisions"}],"predecessor-version":[{"id":489840,"href":"https:\/\/diarioelpopular.com\/index.php\/wp-json\/wp\/v2\/posts\/489838\/revisions\/489840"}],"wp:attachment":[{"href":"https:\/\/diarioelpopular.com\/index.php\/wp-json\/wp\/v2\/media?parent=489838"}],"wp:term":[{"taxonomy":"category","embeddable":true,"href":"https:\/\/diarioelpopular.com\/index.php\/wp-json\/wp\/v2\/categories?post=489838"},{"taxonomy":"post_tag","embeddable":true,"href":"https:\/\/diarioelpopular.com\/index.php\/wp-json\/wp\/v2\/tags?post=489838"}],"curies":[{"name":"wp","href":"https:\/\/api.w.org\/{rel}","templated":true}]}}