{"id":489841,"date":"2020-04-11T15:42:00","date_gmt":"2020-04-11T15:42:00","guid":{"rendered":"https:\/\/diarioelpopular.com\/?p=489841"},"modified":"2020-04-11T15:42:00","modified_gmt":"2020-04-11T15:42:00","slug":"el-gobierno-de-ecuador-traslada-a-las-empresas-la-carga-de-la-crisis-desatada-por-el-coronavirus","status":"publish","type":"post","link":"https:\/\/diarioelpopular.com\/index.php\/2020\/04\/11\/el-gobierno-de-ecuador-traslada-a-las-empresas-la-carga-de-la-crisis-desatada-por-el-coronavirus\/","title":{"rendered":"El Gobierno de Ecuador traslada a las empresas la carga de la crisis desatada por el coronavirus"},"content":{"rendered":"<div id=\"attachment_489842\" style=\"width: 646px\" class=\"wp-caption alignnone\"><img loading=\"lazy\" decoding=\"async\" aria-describedby=\"caption-attachment-489842\" class=\"size-custom-full-size wp-image-489842\" src=\"https:\/\/diarioelpopular.com\/wp-content\/uploads\/2020\/04\/V3AG6OH7RJEAVHJUPNGUSPKA6A-636x424.jpg\" alt=\"\" width=\"636\" height=\"424\" \/><p id=\"caption-attachment-489842\" class=\"wp-caption-text\">Trabajadores de una funeraria transportan el cuerpo de un hombre muerto en Guayaquil, Ecuador.<\/p><\/div>\n<h4 class=\"a_st font_secondary color_gray_dark \"><em>El Ejecutivo de Len\u00edn Moreno crear\u00e1 una cuenta nacional humanitaria, alimentada con contribuciones privadas, cuyos fondos se destinar\u00e1n a atenci\u00f3n sanitaria, alimentos y empleo<\/em><\/h4>\n<p>&nbsp;<\/p>\n<p class=\"\">Con un llamado a la solidaridad a cada ciudadano, el presidente Len\u00edn Moreno present\u00f3 este viernes una propuesta para afrontar el par\u00f3n econ\u00f3mico provocado por <a href=\"https:\/\/elpais.com\/sociedad\/2020-04-01\/el-coronavirus-desborda-ecuador-y-abruma-a-su-poblacion-por-la-acumulacion-de-cadaveres-en-casas.html\" data-link-track-dtm=\"\">la crisis sanitaria del coronavirus en Ecuador<\/a>. El plan traslada el peso del rescate a las empresas y a los trabajadores que, con casi un mes sin actividad productiva debido a las medidas de aislamiento, deber\u00e1n hacer contribuciones a una cuenta nacional. Sin ocultar la realidad del pa\u00eds, el mandatario ecuatoriano reconoci\u00f3 que la pandemia, que suma 7.161 contagiados y m\u00e1s de 600 muertos entre confirmados y probables, <a href=\"https:\/\/elpais.com\/economia\/2020-03-24\/la-crisis-sanitaria-lleva-al-limite-a-la-economia-de-ecuador.html\" data-link-track-dtm=\"\">\u201cgolpe\u00f3\u201d a la econom\u00eda<\/a> en un momento en que no hab\u00eda \u201cni un centavo en las cuentas del Estado y con una deuda hist\u00f3rica de m\u00e1s de 65.000 millones de d\u00f3lares\u201d. Seg\u00fan Finanzas, adem\u00e1s, el PIB se contraer\u00e1 este a\u00f1o entre el 3 % y el 7 %.<\/p>\n<p class=\"\">Moreno responsabiliz\u00f3 este viernes al Gobierno de Rafael Correa, sin citar expresamente al expresidente, de haber dejado como legado \u201cun endeudamiento irresponsable\u201d y \u201cde robos (de recursos p\u00fablicos) de quienes acaban de ser sentenciados\u201d, en alusi\u00f3n a <a href=\"https:\/\/elpais.com\/internacional\/2020-04-07\/la-justicia-ecuatoriana-condena-a-rafael-correa-a-ocho-anos-de-carcel-y-a-25-de-inhabilitacion.html\" data-link-track-dtm=\"\">la reciente condena por el caso<i>Sobornos<\/i> al exjefe de Estado<\/a> y varios miembros de su Gabinete.<\/p>\n<p class=\"\">Tras el reproche a la gesti\u00f3n heredada, el presidente recondujo su discurso hacia un tono m\u00e1s conciliador antes de explicar el m\u00e9todo por el que los trabajadores y las empresas deber\u00e1n apoyar en la recuperaci\u00f3n del pa\u00eds. \u201cUno no se salva solo; pero ayudando a los dem\u00e1s, nos salvamos todos\u201d, dijo como preludio. El plan oficial es crear una cuenta nacional de asistencia humanitaria que estar\u00e1 alimentada por contribuciones particulares. Las empresas que hayan tenido m\u00e1s de un mill\u00f3n de d\u00f3lares de beneficios, deber\u00e1n entregar el 5% de sus ganancias en tres pagos. \u201cDe empresas a empresas. Con esto, evitaremos que el peque\u00f1o productor quiebre\u201d, explic\u00f3 Moreno.<\/p>\n<p class=\"\">Seg\u00fan las estad\u00edsticas de la Superintendencia de Compa\u00f1\u00edas, 781 firmas ecuatorianas superaron el mill\u00f3n de d\u00f3lares de ganancias en 2019. El ministro de Finanzas, Richard Mart\u00ednez, precis\u00f3 en una rueda de prensa posterior que este aporte llegar\u00e1 hasta los 500 millones de d\u00f3lares. Y record\u00f3 que los peque\u00f1os contribuyentes y las empresas de los sectores tur\u00edstico y exportador, adem\u00e1s, se beneficiar\u00e1n de un aplazamiento del impuesto a la renta de abril, mayo y junio, que puede abonarse entre seis meses.<\/p>\n<p class=\"\">Todo lo recaudado en esa cuenta humanitaria estar\u00e1 administrado y controlado por representantes de la sociedad civil. No ser\u00e1 el Estado, precis\u00f3 el mandatario, quien maneje los recursos que deber\u00e1n destinarse a garantizar el acceso a la atenci\u00f3n sanitaria, a la provisi\u00f3n de alimentos y a la preservaci\u00f3n de los empleos. Y puso como ejemplo que si una peque\u00f1a panader\u00eda se ve en problemas para pagar los sueldos de sus empleadores, recibir\u00e1 fondos de la cuenta como ayuda.<\/p>\n<p class=\"\">La reacci\u00f3n inmediata del sector empresarial ha sido de perplejidad. \u201cNo conozco ning\u00fan pa\u00eds en el mundo que est\u00e9 creando impuestos en este par\u00f3n productivo. Las empresas ya est\u00e1n sin ox\u00edgeno, preocupadas por los pagos que se vienen en este mes. Acabamos de dar una contribuci\u00f3n especial creada en la \u00faltima reforma tributaria de 2020\u201d, reproch\u00f3 Caterina Costa, presidenta del Comit\u00e9 Empresarial Ecuatoriano. Considera que estas medidas \u201catentan contra las empresas y el empleo\u201d, teniendo en cuenta el esfuerzo del tejido empresarial de las \u00faltimas cuatro semanas en que se han conservado los puestos de trabajo y se han pagado los sueldos completos. A diferencia del sector p\u00fablico, que ha reconocido tener un retraso en el abono del salario de marzo de hasta un 40 % de los funcionarios.<\/p>\n<p class=\"\">La segunda fuente que nutrir\u00e1 la cuenta humanitaria ser\u00e1n los trabajadores. Quienes ganen m\u00e1s de 500 d\u00f3lares de sueldo, deber\u00e1n aportar dos d\u00f3lares durante nueve meses con una tarifa progresiva. Esa cantidad ser\u00e1 mayor en funci\u00f3n del salario. El ministro de Finanzas precis\u00f3 despu\u00e9s que hay una tabla que fija los porcentajes de cada rango salarial y cit\u00f3 como ejemplo que los empleados que tengan un sueldo de hasta 2.000 d\u00f3lares, entregar\u00e1n 96 d\u00f3lares.<\/p>\n<p class=\"\">Esta contribuci\u00f3n se har\u00e1 siempre y cuando el puesto de trabajo sea fijo. La recaudaci\u00f3n total prevista oscilar\u00e1 entre 650 y 800 millones de d\u00f3lares que el Gobierno planea destinar a ampliar la base de ciudadanos que reciben un bono social contra la pobreza de 60 d\u00f3lares mensuales. De 900.000 personas se pasar\u00e1 a casi 2.000.000 de beneficiarios.<\/p>\n<p class=\"\">A manos de la Asamblea, que ya rechaz\u00f3 a finales de 2019 un paquete de medidas de ajuste y dej\u00f3 expuesta la situaci\u00f3n fiscal nacional, Moreno traslad\u00f3 cinco propuestas de reforma: una para extender de 30 a 120 d\u00edas la cobertura sanitaria, a trav\u00e9s de la Seguridad Social, a quienes se queden desempleados; otra, para que no haya desahucios hasta 60 d\u00edas despu\u00e9s de que termine la emergencia a quienes no paguen el alquiler; la tercera, para adelantar el cobro del seguro por desempleo a siete d\u00edas desde que se pierde el trabajo, en lugar de los actuales 60; la cuarta, para que las escuelas privadas lleguen a un acuerdo con profesores y padres para bajar las cuotas mensuales; y la quinta, para permitir que llegue financiamiento de multilaterales que puedan ser canalizados al sector productivo sin pagar intereses, sin garant\u00eda y con un periodo inicial de gracia. La ley con las reformas y la contribuci\u00f3n humanitaria ser\u00e1 presentada este s\u00e1bado, con car\u00e1cter urgente, en el Legislativo y se apel\u00f3 a la voluntad a todos los grupos pol\u00edticos para llegar a un acuerdo nacional.<\/p>\n<p class=\"\">Antes de despedirse con un mensaje religioso, en Viernes Santo, en el que aseguraba que \u201cDios nunca ha abandonado\u201d a los ecuatorianos y que \u201cno lo va a hacer ahora, pero para ello, exige fe, esfuerzo y trabajo\u201d, el presidente Moreno dijo que <a href=\"https:\/\/elpais.com\/internacional\/2019\/02\/21\/america\/1550724624_135866.html\" data-link-track-dtm=\"\">Ecuador est\u00e1 renegociando la deuda externa <\/a>para reducir ahora los pagos y tener m\u00e1s liquidez. El objetivo es que los tenedores de bonos soberanos de hasta 800 millones de d\u00f3lares admitan un pago parcializado hasta agosto, mientras llegan otros recursos urgentes de organismos internacionales, como el FMI o el Banco Mundial, a finales de este mes o en mayo.<\/p>\n","protected":false},"excerpt":{"rendered":"<p>El Ejecutivo de Len\u00edn Moreno crear\u00e1 una cuenta nacional humanitaria, alimentada con contribuciones privadas, cuyos fondos se destinar\u00e1n a atenci\u00f3n sanitaria, alimentos y empleo &nbsp;&hellip;<\/p>\n","protected":false},"author":99,"featured_media":0,"comment_status":"open","ping_status":"open","sticky":false,"template":"","format":"standard","meta":{"footnotes":""},"categories":[23],"tags":[],"class_list":["post-489841","post","type-post","status-publish","format-standard","hentry","category-latinoamerica"],"_links":{"self":[{"href":"https:\/\/diarioelpopular.com\/index.php\/wp-json\/wp\/v2\/posts\/489841","targetHints":{"allow":["GET"]}}],"collection":[{"href":"https:\/\/diarioelpopular.com\/index.php\/wp-json\/wp\/v2\/posts"}],"about":[{"href":"https:\/\/diarioelpopular.com\/index.php\/wp-json\/wp\/v2\/types\/post"}],"author":[{"embeddable":true,"href":"https:\/\/diarioelpopular.com\/index.php\/wp-json\/wp\/v2\/users\/99"}],"replies":[{"embeddable":true,"href":"https:\/\/diarioelpopular.com\/index.php\/wp-json\/wp\/v2\/comments?post=489841"}],"version-history":[{"count":1,"href":"https:\/\/diarioelpopular.com\/index.php\/wp-json\/wp\/v2\/posts\/489841\/revisions"}],"predecessor-version":[{"id":489843,"href":"https:\/\/diarioelpopular.com\/index.php\/wp-json\/wp\/v2\/posts\/489841\/revisions\/489843"}],"wp:attachment":[{"href":"https:\/\/diarioelpopular.com\/index.php\/wp-json\/wp\/v2\/media?parent=489841"}],"wp:term":[{"taxonomy":"category","embeddable":true,"href":"https:\/\/diarioelpopular.com\/index.php\/wp-json\/wp\/v2\/categories?post=489841"},{"taxonomy":"post_tag","embeddable":true,"href":"https:\/\/diarioelpopular.com\/index.php\/wp-json\/wp\/v2\/tags?post=489841"}],"curies":[{"name":"wp","href":"https:\/\/api.w.org\/{rel}","templated":true}]}}