{"id":489846,"date":"2020-04-11T23:35:39","date_gmt":"2020-04-11T23:35:39","guid":{"rendered":"https:\/\/diarioelpopular.com\/?p=489846"},"modified":"2020-04-11T23:35:39","modified_gmt":"2020-04-11T23:35:39","slug":"los-despedidos-mexicanos-por-la-crisis-yo-no-le-tengo-miedo-al-coronavirus-yo-le-tengo-miedo-al-hambre","status":"publish","type":"post","link":"https:\/\/diarioelpopular.com\/index.php\/2020\/04\/11\/los-despedidos-mexicanos-por-la-crisis-yo-no-le-tengo-miedo-al-coronavirus-yo-le-tengo-miedo-al-hambre\/","title":{"rendered":"Los despedidos mexicanos por la crisis: \u201cYo no le tengo miedo al coronavirus, yo le tengo miedo al hambre\u201d"},"content":{"rendered":"<div id=\"attachment_489847\" style=\"width: 646px\" class=\"wp-caption alignnone\"><img loading=\"lazy\" decoding=\"async\" aria-describedby=\"caption-attachment-489847\" class=\"size-custom-full-size wp-image-489847\" src=\"https:\/\/diarioelpopular.com\/wp-content\/uploads\/2020\/04\/GCXYHMEWGZCZXCK6KQAEZUO7OA-636x424.jpeg\" alt=\"\" width=\"636\" height=\"424\" \/><p id=\"caption-attachment-489847\" class=\"wp-caption-text\">Decenas de personas aguardan en la fila para tramitar su seguro de desempleo, en el Estado mexicano de Yucat\u00e1n, el pasado 7 de abril.MART\u00cdN ZETINA<\/p><\/div>\n<h4 class=\"a_st font_secondary color_gray_dark \"><em>Pese a la petici\u00f3n del Gobierno mexicano a la iniciativa privada de sostener el empleo durante la emergencia sanitaria, las compa\u00f1\u00edas han echado sin previo aviso a miles de trabajadores<\/em><\/h4>\n<p>&nbsp;<\/p>\n<p class=\"\">Daniel Mart\u00ednez no esperaba ser despedido. Llev\u00f3 su libreta a la oficina del director, a donde fue llamado el 31 de marzo. Pens\u00f3 que le asignar\u00edan m\u00e1s trabajo, quiz\u00e1 un nuevo desarrollo como los que supervisaba los cuatro a\u00f1os que labor\u00f3 en la inmobiliaria mexicana Be Grand. Todo cambi\u00f3 cuando vio el cheque de su finiquito sobre el escritorio. Su jefe le notific\u00f3 que la empresa no pod\u00eda cubrir su salario debido a <a href=\"https:\/\/elpais.com\/sociedad\/2020-04-10\/el-coronavirus-ya-ha-matado-a-mas-de-100000-personas-en-el-mundo.html\" target=\"_blank\" rel=\"noopener\" data-link-track-dtm=\"\">la crisis sanitaria provocada por el coronavirus<\/a>. \u201cSu justificaci\u00f3n fue que las ventas estaban bajas, que no ten\u00edan buenos ingresos y con lo del virus menos ventas iban a tener\u201d, relata.<\/p>\n<p class=\"\">La empresa trat\u00f3 este despido como una renuncia, lo que la exim\u00eda de cubrir una liquidaci\u00f3n acorde a un sueldo mensual de unos 25.000 pesos (1.050 d\u00f3lares). El arquitecto, de 33 a\u00f1os, prefiri\u00f3 aceptar el finiquito a comenzar una pelea interminable ante los tribunales laborales. Como \u00e9l, unos 60 trabajadores de Be Grand \u2014gerentes, coordinadores y personal administrativo\u2014 fueron despedidos bajo el eufemismo de una \u201crenuncia voluntaria\u201d.<\/p>\n<p class=\"\">Unas horas antes del despido de Mart\u00ednez, el Gobierno de <a href=\"https:\/\/elpais.com\/sociedad\/2020-03-31\/mexico-declara-la-emergencia-sanitaria-y-la-suspension-de-actividades-hasta-el-30-de-abril.html\" target=\"_blank\" rel=\"noopener\" data-link-track-dtm=\"\">M\u00e9xico hab\u00eda declarado la emergencia sanitaria<\/a> y la suspensi\u00f3n de actividades no esenciales hasta el 30 de abril. Ante el riesgo de que las medidas provocaran una catarata de despidos, el Ejecutivo apel\u00f3 a la \u201csolidaridad\u201d de los empresarios. \u201cEs un mes de permiso con goce de sueldo, un mes, se puede ayudar de esa manera. Estoy seguro de que la mayor\u00eda de los empresarios nos van a ayudar\u201d, dijo el presidente Andr\u00e9s Manuel L\u00f3pez Obrador a finales de marzo.<\/p>\n<p class=\"\">La realidad ha comenzado a mostrarle al Gobierno que una invitaci\u00f3n no es suficiente. No hay red de seguridad que permita a las compa\u00f1\u00edas proteger los empleos. Los contagios van en aumento \u2014 el pa\u00eds suma 233 muertes y 3.844 casos positivos\u2014 y tambi\u00e9n lo hacen las cifras de desempleados. Desde grandes corporativos que cotizan en Bolsa hasta medianas y peque\u00f1as empresas han decidido reducir sus n\u00f3minas para enfrentar el mazazo econ\u00f3mico provocado por la Covid-19. La Administraci\u00f3n de L\u00f3pez Obrador reconoci\u00f3 esta semana que<a href=\"https:\/\/elpais.com\/economia\/2020-04-08\/mexico-pierde-en-dos-semanas-el-empleo-creado-en-2019-en-un-ambiente-de-tension-entre-el-gobierno-y-los-empresarios.html\" target=\"_blank\" rel=\"noopener\" data-link-track-dtm=\"\"> se han perdido m\u00e1s de 346.800 empleos<\/a> en los \u00faltimos 15 d\u00edas. La cifra supone la destrucci\u00f3n del trabajo creado en todo 2019. Las estad\u00edsticas que advierten sobre una tasa de desempleo del 5% y una ca\u00edda de cuatro puntos porcentuales del PIB por la crisis comienzan a tener nombres y apellidos.<\/p>\n<p class=\"\">La petici\u00f3n de L\u00f3pez Obrador a los empresarios no tuvo efecto ni siquiera entre sus m\u00e1s allegados. Es el caso de Daniel Ch\u00e1vez Mor\u00e1n, miembro del Consejo Asesor Empresarial del presidente mexicano y due\u00f1o de 16 hoteles repartidos en los puntos m\u00e1s tur\u00edsticos. Dos de las empresas de su grupo, Vidanta, aparecieron esta semana en la lista de despidos presentada por el Gobierno, con un recorte de m\u00e1s de 5.000 puestos entre sus hoteles en Quintana Roo y Nayarit.<\/p>\n<p class=\"\">\u201cAl presidente le falta enterarse un poco m\u00e1s de lo que pasa dentro de estas empresas, no est\u00e1 viendo lo que la gente est\u00e1 padeciendo\u201d, dice Gloria Ram\u00edrez, una de las trabajadoras despedidas del grupo de Ch\u00e1vez Mor\u00e1n. Ram\u00edrez migr\u00f3 de Chiapas por falta de empleo. Pas\u00f3 los \u00faltimos seis a\u00f1os trabajando como camarista del hotel Grand Luxxe, en Nuevo Vallarta (Nayarit). El 27 de febrero lleg\u00f3 al hotel, donde la esperaba una cola de cientos de despedidos que aguardaban sus finiquitos. \u201cNos obligaron a firmar un papel, no nos dieron ni una copia y si no firm\u00e1bamos, no nos pagaban lo que nos adeudaban\u201d, cuenta.<\/p>\n<p class=\"\">Ram\u00edrez no recuerda haber visto despidos tan masivos. \u201cEcharon a casi todos, la mayor parte son trabajadores de la construcci\u00f3n, solo quedaron unos pocos ejecutivos\u201d, explica. La precariedad de los contratos, que suelen ser mensuales o trimestrales, le impidi\u00f3 generar antig\u00fcedad, por lo que se vio privada de una indemnizaci\u00f3n. A las horas de firmar el finiquito, la empresa le deposit\u00f3 lo que le deb\u00eda por esa quincena, unos 2.000 pesos, 85 d\u00f3lares, que solo le alcanz\u00f3 para las cuentas y la comida de un mes. \u201cEs desesperante. Yo no le tengo miedo al coronavirus, yo le tengo miedo al hambre\u201d.<\/p>\n<p class=\"\">El turismo ha sido una de las actividades m\u00e1s golpeada. El Estado de Quintana Roo, con su Riviera Maya, es de los que m\u00e1s despidos registr\u00f3: 63.800 personas perdieron su empleo. El alba\u00f1il Francisco Alcudia fue uno de ellos. Trabajaba en la construcci\u00f3n de un hotel en Tulum hace un mes, cuando la empresa paraliz\u00f3 la obra. \u201cCientos de mis compa\u00f1eros se quedaron en la calle\u201d, cuenta. La compa\u00f1\u00eda, cuyo nombre no quiere dar, se comport\u00f3 \u201cmuy mal\u201d con los trabajadores y en algunos casos ni siquiera les pag\u00f3 lo que les deb\u00eda. Tras el cierre de la obra, Alcudia volvi\u00f3 a Canc\u00fan, la ciudad donde naci\u00f3, a unos 130 kil\u00f3metros. \u201cAhora trabajo de manera independiente, de pintor, alba\u00f1il&#8230; Aunque est\u00e1 dif\u00edcil\u201d, admite.<\/p>\n<p class=\"\">Ciudad de M\u00e9xico, <a href=\"https:\/\/elpais.com\/sociedad\/2020-04-08\/la-semana-en-que-ciudad-de-mexico-empezo-a-cambiar.html\" target=\"_blank\" rel=\"noopener\" data-link-track-dtm=\"\">la entidad que m\u00e1s casos de coronavirus registra en el pa\u00eds<\/a>, es otro punto afectado. La compa\u00f1\u00eda de manualidades Fantas\u00edas Miguel recort\u00f3 al menos a 100 personas en la capital en las \u00faltimas semanas de marzo. La orden de mandar a casa a \u201cdescansar\u201d a sus trabajadores por el coronavirus fue el pre\u00e1mbulo a los despidos. \u201cTe ense\u00f1an una carta, a la que no te dejan tomarle foto ni te dan una copia, pero te explica que es por la situaci\u00f3n de la pandemia. Nos hicieron firmar la renuncia. No todos firmaron, solo un 20% de los afectados\u201d, cuenta una de las profesoras despedidas, quien prefiere no dar a conocer su nombre por temor a sufrir represalias. Su salario era de 10.000 pesos (421 d\u00f3lares) mensuales.<\/p>\n<p class=\"\">Ella accedi\u00f3 a firmar su renuncia pensando que era lo mejor para su familia. \u201cMi marido no tiene un trabajo seguro y no s\u00e9 c\u00f3mo venga lo de la mentada fase tres (de la pandemia). Tengo dos ni\u00f1as y necesitaba el dinero de inmediato porque yo vivo en la incertidumbre, lo que m\u00e1s me preocupa es qu\u00e9 vamos a comer\u201d, se\u00f1ala. Al firmar, dej\u00f3 ir la liquidaci\u00f3n por casi seis a\u00f1os trabajados. Su desesperaci\u00f3n y rabia a\u00fan se asoman a su voz al recordar el 25 de marzo, cuando fue despedida. \u201cMe siento bastante decepcionada, siento que la empresa me qued\u00f3 a deber mucho\u201d, lamenta.<\/p>\n<p class=\"\">Aar\u00f3n Quiroz, de 28 a\u00f1os, solo recibi\u00f3 una llamada de su empresa de publicidad el primer d\u00eda de abril. Por tel\u00e9fono, los directivos de la compa\u00f1\u00eda Once Once Pide un Deseo le comentaron que no podr\u00edan pagarle la \u00faltima quincena de marzo y ni hablar de un finiquito. Quiroz fue uno de los 150.000 despedidos en los primeros d\u00edas de este mes. El productor audiovisual lamenta que los trabajadores queden atrapados entre el pulso que tienen el Gobierno y los empresarios ante la contingencia. \u201cSe escucha muy bonito que el Gobierno pida que no despidan, pero la verdad es que no lo van a hacer. Es m\u00e1s f\u00e1cil despedir gente para ahorrar dinero\u201d, concluye.<\/p>\n<p class=\"\">Los afectados comparten el sentimiento de impotencia frente a las numerosas irregularidades en las que perdieron su empleo. Saben que fueron obligados a renunciar en plena contingencia sanitaria, pero prefieren no librar una batalla en los juzgados que para ellos resultar\u00e1 costosa, demandante y muy dif\u00edcil de ganar. De acuerdo con los m\u00e1s recientes informes de justicia laboral en M\u00e9xico, las juntas de conciliaci\u00f3n est\u00e1n rebasadas y un caso de este tipo tardar\u00eda, al menos, cuatro a\u00f1os en resolverse.<\/p>\n","protected":false},"excerpt":{"rendered":"<p>Pese a la petici\u00f3n del Gobierno mexicano a la iniciativa privada de sostener el empleo durante la emergencia sanitaria, las compa\u00f1\u00edas han echado sin previo&hellip;<\/p>\n","protected":false},"author":99,"featured_media":0,"comment_status":"open","ping_status":"open","sticky":false,"template":"","format":"standard","meta":{"footnotes":""},"categories":[23],"tags":[],"class_list":["post-489846","post","type-post","status-publish","format-standard","hentry","category-latinoamerica"],"_links":{"self":[{"href":"https:\/\/diarioelpopular.com\/index.php\/wp-json\/wp\/v2\/posts\/489846","targetHints":{"allow":["GET"]}}],"collection":[{"href":"https:\/\/diarioelpopular.com\/index.php\/wp-json\/wp\/v2\/posts"}],"about":[{"href":"https:\/\/diarioelpopular.com\/index.php\/wp-json\/wp\/v2\/types\/post"}],"author":[{"embeddable":true,"href":"https:\/\/diarioelpopular.com\/index.php\/wp-json\/wp\/v2\/users\/99"}],"replies":[{"embeddable":true,"href":"https:\/\/diarioelpopular.com\/index.php\/wp-json\/wp\/v2\/comments?post=489846"}],"version-history":[{"count":1,"href":"https:\/\/diarioelpopular.com\/index.php\/wp-json\/wp\/v2\/posts\/489846\/revisions"}],"predecessor-version":[{"id":489848,"href":"https:\/\/diarioelpopular.com\/index.php\/wp-json\/wp\/v2\/posts\/489846\/revisions\/489848"}],"wp:attachment":[{"href":"https:\/\/diarioelpopular.com\/index.php\/wp-json\/wp\/v2\/media?parent=489846"}],"wp:term":[{"taxonomy":"category","embeddable":true,"href":"https:\/\/diarioelpopular.com\/index.php\/wp-json\/wp\/v2\/categories?post=489846"},{"taxonomy":"post_tag","embeddable":true,"href":"https:\/\/diarioelpopular.com\/index.php\/wp-json\/wp\/v2\/tags?post=489846"}],"curies":[{"name":"wp","href":"https:\/\/api.w.org\/{rel}","templated":true}]}}