{"id":489855,"date":"2020-04-11T23:51:15","date_gmt":"2020-04-11T23:51:15","guid":{"rendered":"https:\/\/diarioelpopular.com\/?p=489855"},"modified":"2020-04-11T23:51:15","modified_gmt":"2020-04-11T23:51:15","slug":"primer-medico-colombiano-muerto","status":"publish","type":"post","link":"https:\/\/diarioelpopular.com\/index.php\/2020\/04\/11\/primer-medico-colombiano-muerto\/","title":{"rendered":"Primer m\u00e9dico colombiano muerto"},"content":{"rendered":"<div id=\"attachment_489856\" style=\"width: 486px\" class=\"wp-caption alignnone\"><img loading=\"lazy\" decoding=\"async\" aria-describedby=\"caption-attachment-489856\" class=\"size-custom-full-size wp-image-489856\" src=\"https:\/\/diarioelpopular.com\/wp-content\/uploads\/2020\/04\/5e8f7080c5578b2e81299d3fe92843f7.jpg\" alt=\"\" width=\"476\" height=\"328\" \/><p id=\"caption-attachment-489856\" class=\"wp-caption-text\"><em>Primer m\u00e9dico muerto en Colombia, se encienden las alarmas.<\/em><\/p><\/div>\n<p>&nbsp;<\/p>\n<h4><em>Trabajadores de la salud son objeto de desplantes y rechazo<\/em><\/h4>\n<p>&nbsp;<\/p>\n<p><em><strong>BOGOTA, 11 ABR &#8211;<\/strong><\/em> Este s\u00e1bado se anunci\u00f3 la primera muerte de un m\u00e9dico colombiano por coronavirus, quien se desempe\u00f1aba en una cl\u00ednica privada de Bogot\u00e1, lo que despert\u00f3 alarma entre los trabajadores de la salud del pa\u00eds.<br \/>\nEl anuncio del primer facultativo muerto por Covid-19 la hizo el Ministerio de Salud, a trav\u00e9s de Twitter junto a un comunicado de la Cl\u00ednica Universitaria Colombia donde se desempe\u00f1aba el especialista, al tiempo que lament\u00f3 su deceso.<br \/>\n&#8220;Su memoria perdurar\u00e1, con enorme gratitud, en todas las vidas que contribuy\u00f3 a salvar a lo largo carrera. Nuestra solidaridad con sus familiares y allegados en estos momentos&#8221;, dijo en su mensaje el ministerio.<br \/>\nTanto la cl\u00ednica como la cartera de Salud obviaron dar el nombre del galeno, tan solo informaron que laboraba en &#8220;urgencias&#8221; de la cl\u00ednica y que su deceso fue hoy, sin ahondar en detalles.<br \/>\n&#8220;En medio del dolor, agradecemos a todas las personas que se entregaron por completo para ayudar en esta situaci\u00f3n&#8221;, manifest\u00f3 la cl\u00ednica en un comunicado, en el que dijo que en el marco de su &#8220;plan&#8221; para enfrentar la pandemia estaba el cuidado de sus trabajadores.<br \/>\n&#8220;Se ha ido uno de nuestros h\u00e9roes. Que su recuerdo nos llene de fuerza para continuar y para seguir firmes en nuestro prop\u00f3sito de cuidado a todos los colombianos&#8221;, concluy\u00f3 el mensaje del centro m\u00e9dico.<br \/>\nEn la primera semana que se supo del arribo del coronavirus al pa\u00eds se registraron manifestaciones sociales de aprecio y gratitud hacia el personal sanitario, como noches de aplausos y actos espont\u00e1neos de solidaridad de taxistas que los transportaban de manera gratuita a sus sitios de trabajo.<br \/>\nPero el tema cambio en las semanas que siguieron y en la medida que el n\u00famero de positivos aument\u00f3 y empezaron a aparecer las primeras v\u00edctimas mortales.<br \/>\nFue ah\u00ed cuando los m\u00e9dicos, enfermeras, auxiliares, camilleros y otros trabajadores del sector se convirtieron en objeto de rechazo, desplantes, miradas acusativas y hasta maltrato de personas que los consideran &#8220;foco&#8221; de la infecci\u00f3n.<br \/>\nEl tema ha llegado a tal punto que en varias ocasiones el presidente, Iv\u00e1n Duque, ha reclamado solidaridad y apoyo a la labor de los empleados sanitarios.<br \/>\nIncluso la Defensor\u00eda del Pueblo calific\u00f3 de &#8220;angustiante&#8221; la &#8220;situaci\u00f3n&#8221; del &#8220;personal m\u00e9dico-asistencial&#8221; del pa\u00eds debido a la &#8220;falta de elementos de bioseguridad y protecci\u00f3n laboral&#8221; en la que se encuentran, pidi\u00f3 no &#8220;abandonarlos&#8221; y reclam\u00f3 de las instituciones de salud &#8220;solidaridad y cumplimiento de la ley&#8221;.<br \/>\nLa Asociaci\u00f3n Colombiana de Hospitales y Cl\u00ednicas (ACHC) elabor\u00f3 recientemente un encuesta con entidades de salud que buscaba identificar las debilidades del sector frente al coronavirus y entre sus hallazgo detect\u00f3 que solo ten\u00edan garantizada la dotaci\u00f3n de protecci\u00f3n adecuada para atender la enfermedad para cuatro semanas en promedio.<br \/>\nEl 91% de las instituciones consultadas evidenci\u00f3 que los barbijos aumentaron su precio, mientras que el 72% advirti\u00f3 que su oferta hab\u00eda disminuido. El alcohol y la ropa de protecci\u00f3n tambi\u00e9n fueron elementos escasos o cuyos costos subieron desde la llegada de la pandemia.<br \/>\nEntre los pedidos hechos por el personal de salud al gobierno el primero fue el llamado para aumentar los insumos de protecci\u00f3n, seguido de la renovaci\u00f3n expedita de contratos laborales, el pago oportuno de salarios, subsanar las deudas oficiales con los hospitales y hasta la exenci\u00f3n de impuestos, entre otros reclamos.<br \/>\nColombia tiene hasta hoy registradas 80 muertes por coronavirus, 2.473 contagiados, 197 personas recuperadas y se mantiene desde el pasado 25 de marzo en una cuarentena nacional que ira hasta el 27 de abril.<\/p>\n","protected":false},"excerpt":{"rendered":"<p>&nbsp; Trabajadores de la salud son objeto de desplantes y rechazo &nbsp; BOGOTA, 11 ABR &#8211; Este s\u00e1bado se anunci\u00f3 la primera muerte de un&hellip;<\/p>\n","protected":false},"author":99,"featured_media":0,"comment_status":"open","ping_status":"open","sticky":false,"template":"","format":"standard","meta":{"footnotes":""},"categories":[23],"tags":[],"class_list":["post-489855","post","type-post","status-publish","format-standard","hentry","category-latinoamerica"],"_links":{"self":[{"href":"https:\/\/diarioelpopular.com\/index.php\/wp-json\/wp\/v2\/posts\/489855","targetHints":{"allow":["GET"]}}],"collection":[{"href":"https:\/\/diarioelpopular.com\/index.php\/wp-json\/wp\/v2\/posts"}],"about":[{"href":"https:\/\/diarioelpopular.com\/index.php\/wp-json\/wp\/v2\/types\/post"}],"author":[{"embeddable":true,"href":"https:\/\/diarioelpopular.com\/index.php\/wp-json\/wp\/v2\/users\/99"}],"replies":[{"embeddable":true,"href":"https:\/\/diarioelpopular.com\/index.php\/wp-json\/wp\/v2\/comments?post=489855"}],"version-history":[{"count":1,"href":"https:\/\/diarioelpopular.com\/index.php\/wp-json\/wp\/v2\/posts\/489855\/revisions"}],"predecessor-version":[{"id":489857,"href":"https:\/\/diarioelpopular.com\/index.php\/wp-json\/wp\/v2\/posts\/489855\/revisions\/489857"}],"wp:attachment":[{"href":"https:\/\/diarioelpopular.com\/index.php\/wp-json\/wp\/v2\/media?parent=489855"}],"wp:term":[{"taxonomy":"category","embeddable":true,"href":"https:\/\/diarioelpopular.com\/index.php\/wp-json\/wp\/v2\/categories?post=489855"},{"taxonomy":"post_tag","embeddable":true,"href":"https:\/\/diarioelpopular.com\/index.php\/wp-json\/wp\/v2\/tags?post=489855"}],"curies":[{"name":"wp","href":"https:\/\/api.w.org\/{rel}","templated":true}]}}