{"id":489882,"date":"2020-04-12T01:18:10","date_gmt":"2020-04-12T01:18:10","guid":{"rendered":"https:\/\/diarioelpopular.com\/?p=489882"},"modified":"2020-04-12T01:18:24","modified_gmt":"2020-04-12T01:18:24","slug":"desandar-el-camino-en-medio-de-la-pandemia-el-drama-de-los-venezolanos-que-regresan-por-falta-de-recursos","status":"publish","type":"post","link":"https:\/\/diarioelpopular.com\/index.php\/2020\/04\/12\/desandar-el-camino-en-medio-de-la-pandemia-el-drama-de-los-venezolanos-que-regresan-por-falta-de-recursos\/","title":{"rendered":"Desandar el camino en medio de la pandemia: el drama de los venezolanos que regresan por falta de recursos"},"content":{"rendered":"<p>&nbsp;<\/p>\n<div id=\"attachment_489883\" style=\"width: 310px\" class=\"wp-caption alignnone\"><img loading=\"lazy\" decoding=\"async\" aria-describedby=\"caption-attachment-489883\" class=\"size-medium wp-image-489883\" src=\"https:\/\/diarioelpopular.com\/wp-content\/uploads\/2020\/04\/OZ46HZJWGFHCXNZN6BFMNRHGOU-300x187.jpg\" alt=\"\" width=\"300\" height=\"187\" \/><p id=\"caption-attachment-489883\" class=\"wp-caption-text\"><em>Un grupo de migrantes venezolanos camina hacia la frontera de su pa\u00eds procedentes de Colombia.<\/em><\/p><\/div>\n<h4 class=\"a_st font_secondary color_gray_dark \"><em>El fen\u00f3meno, incipiente frente a un \u00e9xodo de millones de personas, saca a la luz el debate sobre la atenci\u00f3n a los migrantes en Colombia<\/em><\/h4>\n<p>&nbsp;<\/p>\n<p class=\"\"><a href=\"https:\/\/elpais.com\/agr\/el_exodo_venezolano\/a\" target=\"_blank\" rel=\"noopener\" data-link-track-dtm=\"\">Una migraci\u00f3n masiva<\/a>, miles de personas sin apenas recursos y los efectos de una pandemia que en todo el mundo golpea con mayor fuerza a los m\u00e1s vulnerables. El c\u00f3ctel es la premisa de un fen\u00f3meno num\u00e9ricamente incipiente, aunque significativo porque pone de manifiesto el debate sobre la atenci\u00f3n a los migrantes venezolanos. Los reportes desde la porosa frontera entre Colombia y Venezuela, <a href=\"https:\/\/elpais.com\/internacional\/2020-03-20\/luchar-contra-el-virus-en-la-frontera-mas-caliente-de-sudamerica.html\" target=\"_blank\" rel=\"noopener\" data-link-track-dtm=\"\">cerrada desde mediados de marzo como parte de los esfuerzos para contener el coronavirus<\/a><a href=\"https:\/\/elpais.com\/noticias\/covid-19\/\" target=\"_blank\" rel=\"noopener\" data-link-track-dtm=\"\">,<\/a> dan cuenta del retorno de m\u00e1s de un millar de personas, aunque seg\u00fan el chavismo son casi 4.000. Decidieron desandar sus pasos y regresar a su pa\u00eds, pues las medidas de aislamiento obligatorio decretadas por el Gobierno de Iv\u00e1n Duque hasta el 26 de abril les impiden ganarse la vida en las ciudades colombianas que los acog\u00edan.<\/p>\n<p class=\"\">Se trata de personas que hab\u00edan optado por emigrar ante el colapso econ\u00f3mico y de servicios que se agrav\u00f3 en Venezuela desde que<a href=\"https:\/\/elpais.com\/noticias\/nicolas-maduro\/\" target=\"_blank\" rel=\"noopener\" data-link-track-dtm=\"\"> Nicol\u00e1s Maduro sucedi\u00f3 a Hugo Ch\u00e1vez,<\/a> en 2013, y que no pueden ser atendidas por las autoridades colombianas. Al menos medio centenar de buses coordinados por gobernaciones, alcald\u00edas y asociaciones de migrantes los han transportado en la \u00faltima semana desde distintos lugares como Bucaramanga o Soacha \u2013que colinda con Bogot\u00e1\u2013 hasta la ciudad de C\u00facuta, fronteriza con el Estado T\u00e1chira. Incluso desde ciudades tan distantes como Pasto, la capital del departamento de Nari\u00f1o que limita con Ecuador, en el otro extremo del pa\u00eds. Este jueves m\u00e1s de 300 migrantes fueron retenidos a la salida de la capital, que como el resto del pa\u00eds se encuentra en estricto r\u00e9gimen de confinamiento. En varias carreteras colombianas se observan grupos de caminantes, decididos a hacer a pie y <i>autostop <\/i>el largo trayecto hasta la frontera.<\/p>\n<p class=\"\">El n\u00famero de retornados, que de momento es muy contenido frente a las abrumadoras cifras del <a href=\"https:\/\/elpais.com\/internacional\/2018\/08\/17\/actualidad\/1534514057_453804.html\" target=\"_blank\" rel=\"noopener\" data-link-track-dtm=\"\">\u00e9xodo venezolano<\/a>, se enfrenta a un aumento si la comunidad internacional no incrementa su financiaci\u00f3n para apoyar la respuesta del Gobierno colombiano ante la crisis sanitaria, ha advertido el Consejo Noruego para Refugiados (NRC). \u201cEs algo que no hemos visto antes. Por supuesto, <a href=\"https:\/\/elpais.com\/agr\/el_exodo_venezolano\/a\" target=\"_blank\" rel=\"noopener\" data-link-track-dtm=\"\">hay muchos m\u00e1s venezolanos que se quedan.<\/a> No conocemos los n\u00fameros precisos\u201d, explica a este peri\u00f3dico Dominika Arseniuk, directora del NRC en Colombia. Adem\u00e1s de los siete cruces oficiales, a lo largo de la frontera de m\u00e1s de 2.200 kil\u00f3metros abundan los pasos ilegales conocidos como trochas. \u201cPara muchos venezolanos no es seguro volver. La situaci\u00f3n en Venezuela no ha cambiado y sigue empeorando. Entonces nosotros esperamos que los venezolanos que han venido a Colombia puedan quedarse, pero para esto necesitamos ayudarles a sobrevivir este periodo muy dif\u00edcil para ellos\u201d.<\/p>\n<p class=\"\">Colombia es por mucho el principal destino de una di\u00e1spora de casi cinco millones de venezolanos que huyeron de su pa\u00eds. Los que ahora retornan son una muy peque\u00f1a porci\u00f3n de los radicados en el pa\u00eds vecino, m\u00e1s de 1.825.000 hasta el 29 de febrero seg\u00fan los datos difundidos por Migraci\u00f3n Colombia. <a href=\"https:\/\/elpais.com\/agr\/el_exodo_venezolano\/a\" target=\"_blank\" rel=\"noopener\" data-link-track-dtm=\"\">En la \u00faltima semana se abri\u00f3 un corredor humanitario para cerca de 2.000 retornados,<\/a> una cifra que palidece incluso frente a los m\u00e1s de 30.000 que pudieron regresar en los d\u00edas siguientes al cierre de la frontera el pasado 14 de marzo, o a los m\u00e1s de 50.000 que cruzaban cada d\u00eda la l\u00ednea lim\u00edtrofe antes de la pandemia.<\/p>\n<p class=\"\">Sin embargo, la emergencia sanitaria y las consecuentes medidas de aislamiento obligatorio han sacado a la luz el espinoso asunto de la atenci\u00f3n a los venezolanos en Colombia. La prensa ha registrado la <a href=\"https:\/\/elpais.com\/agr\/el_exodo_venezolano\/a\" target=\"_blank\" rel=\"noopener\" data-link-track-dtm=\"\">expulsi\u00f3n de familias migrantes de pensiones que no pueden pagar <\/a>en plena cuarentena nacional. Muchos de los venezolanos afincados en Colombia forman parte de las franjas m\u00e1s vulnerables de la sociedad, y cerca de nueve de cada diez alimenta las filas de la informalidad. \u201cMuchos ya han vuelto, muchos quieren volver y muchos que se quedan en Colombia tambi\u00e9n se han encontrado en situaci\u00f3n de calle\u201d, resume Arseniuk. Pese al gran esfuerzo de Colombia, algunos incluso regresaron a su pa\u00eds quej\u00e1ndose de malos tratos recibidos. Dentro de Venezuela, la noticia ha sido recibida con cierta incomodidad ante la posibilidad de que est\u00e9n infectados, aunque el aparato chavista intenta sacar r\u00e9dito pol\u00edtico del fen\u00f3meno.<\/p>\n<h2 class=\"font_secondary color_gray_ultra_dark\"><b>Pol\u00edtica de acogida<\/b><\/h2>\n<p class=\"\">Bajo una enorme presi\u00f3n, Colombia ha mantenido una pol\u00edtica de acogida y flexibilidad migratoria elogiada internacionalmente, y busca continuarla pese a <a href=\"https:\/\/elpais.com\/noticias\/covid-19\/\" target=\"_blank\" rel=\"noopener\" data-link-track-dtm=\"\">la contingencia de la Covid-19.<\/a> A pesar de esos esfuerzos, los recursos con insuficientes. El Gobierno ha pedido con insistencia mayor cooperaci\u00f3n de los organismos multilaterales. Lanzado en noviembre de 2019, el plan de ayuda regional de la ONU para responder a una in\u00e9dita crisis migratoria que precede al coronavirus ha recibido apenas el 3% de los fondos solicitados.<\/p>\n<p class=\"\">\u201cHa sido una situaci\u00f3n que ha puesto a prueba nuestras capacidades, aun as\u00ed, se ha logrado responder frente a las circunstancias. Hace falta mucho, pero el compromiso del Gobierno por acoger e integrar a los migrantes no desfallece\u201d, ha dicho Felipe Mu\u00f1oz, gerente presidencial para la frontera. Su despacho coordina ahora mismo diversas acciones como<a href=\"https:\/\/elpais.com\/noticias\/ivan-duque-marquez\/\" target=\"_blank\" rel=\"noopener\" data-link-track-dtm=\"\"> la entrega de 200.000 bolsas de alimentos en 40 municipios<\/a> del pa\u00eds para poblaci\u00f3n migrante o reforzar \u2013con el acompa\u00f1amiento de Acnur\u2013 la capacidad del hospital de Maicao, otra de las poblaciones fronterizas m\u00e1s impactadas.<\/p>\n<p class=\"\">En tiempos de crisis, el origen de los fondos para ayudarlos con alimentaci\u00f3n o auxilios de arrendamientos se ha convertido en un punto de fricci\u00f3n entre <a href=\"https:\/\/elpais.com\/noticias\/ivan-duque-marquez\/\" target=\"_blank\" rel=\"noopener\" data-link-track-dtm=\"\">el Ejecutivo de Duque<\/a> y algunos mandatarios locales. La reciente \u201cperegrinaci\u00f3n\u201d, como la llamaron las autoridades en C\u00facuta, capital del departamento de Norte de Santander, fue desordenada. All\u00ed temen que cualquier embudo de personas en la frontera, justo en medio de las medidas de aislamiento obligatorio, ser\u00eda el peor escenario posible y un potencial foco de contagio.<\/p>\n<p class=\"\">Colombia tiene hasta este viernes casi 2.500 casos confirmados de coronavirus y contabiliz\u00f3 80 muertes. Venezuela reporta oficialmente 175, con 9 fallecidos. Muchos de estos emigrantes viven de lo que producen diariamente. Desesperados ante los problemas econ\u00f3micos y episodios de xenofobia, sin estatus legal, han decidido regresar como llegaron, tres a\u00f1os atr\u00e1s. Sin lujos y, a menudo, caminando. Despu\u00e9s de haber contemplado en silencio la brutal di\u00e1spora de personas que abandon\u00f3 Venezuela por los pasos fronterizos con Colombia a partir de 2016 \u2013<a href=\"https:\/\/elpais.com\/internacional\/2018\/08\/17\/actualidad\/1534514057_453804.html\" target=\"_blank\" rel=\"noopener\" data-link-track-dtm=\"\">rumbo tambi\u00e9n a Ecuador, Per\u00fa y Chile<\/a>\u2013, la jerarqu\u00eda chavista ha rese\u00f1ado con alborozo, aunque con cierta discreci\u00f3n, el retorno de estos d\u00edas. <a href=\"https:\/\/elpais.com\/sociedad\/2020-03-30\/encerrados-sin-ahorros-ni-provisiones-asi-sobrevive-venezuela-en-cuarentena.html\" target=\"_blank\" rel=\"noopener\" data-link-track-dtm=\"\">Regresan a un pa\u00eds quebrado econ\u00f3micamente,<\/a> metido en un conflicto pol\u00edtico interminable y con una infraestructura sanitaria en ruinas.<\/p>\n<p class=\"\">Tan pronto cruzan la frontera, los retornados son recibidos por efectivos militares para ser interrogados. <a href=\"https:\/\/elpais.com\/noticias\/jorge-arreaza-montserrat\/\" target=\"_blank\" rel=\"noopener\" data-link-track-dtm=\"\">El canciller, Jorge Arreaza, <\/a>inform\u00f3 a trav\u00e9s de Twitter: \u201cEstamos registrando y coordinando el regreso de miles de compatriotas desde Colombia. Todos son evaluados cl\u00ednicamente y se les realizan pruebas de despistaje del coronavirus. Muchos est\u00e1n de tr\u00e1nsito, rumbo a los puestos fronterizos\u201d. Esta semana el chavismo coloc\u00f3 una etiqueta en las redes cuyo llamado era \u201cBienvenidos a casa\u201d para colocar en relieve esta inusual circunstancia.<\/p>\n<p class=\"\">Freddy Bernal, miembro de la direcci\u00f3n nacional del Partido Socialista Unido de Venezuela, que act\u00faa como \u201cprotector\u201d del Estado fronterizo de T\u00e1chira \u2013un cargo al margen de la Constituci\u00f3n que tiene en sus manos todo el poder pol\u00edtico del cual carece la actual gobernadora electa, militante de la oposici\u00f3n\u2013 declar\u00f3 que \u201ca todos los venezolanos que por alguna circunstancia deciden volver a su patria, aqu\u00ed en casa les estamos esperando\u201d. \u201cCon disciplina y consciencia les invitamos a cumplir las medidas sanitarias recomendadas (\u2026) No est\u00e1n solos, su patria venezolana, presidida por Nicol\u00e1s Maduro, est\u00e1 lista para recibirlos con amor y darles atenci\u00f3n y abrigo\u201d, insisti\u00f3. Declaraciones similares han hecho en estos d\u00edas miembros de las Fuerzas Armadas. En un intento por contrarrestar<a href=\"https:\/\/elpais.com\/agr\/el_exodo_venezolano\/a\" target=\"_blank\" rel=\"noopener\" data-link-track-dtm=\"\"> los devastadores efectos para la reputaci\u00f3n del Gobierno<\/a> de un \u00e9xodo sin precedentes, Maduro ya hab\u00eda comenzado a organizar el plan \u201dVuelta a la Patria\u201d que ha hecho retornar, en avi\u00f3n, unas 10.000 personas.<\/p>\n","protected":false},"excerpt":{"rendered":"<p>&nbsp; El fen\u00f3meno, incipiente frente a un \u00e9xodo de millones de personas, saca a la luz el debate sobre la atenci\u00f3n a los migrantes en&hellip;<\/p>\n","protected":false},"author":99,"featured_media":0,"comment_status":"open","ping_status":"open","sticky":false,"template":"","format":"standard","meta":{"footnotes":""},"categories":[23],"tags":[],"class_list":["post-489882","post","type-post","status-publish","format-standard","hentry","category-latinoamerica"],"_links":{"self":[{"href":"https:\/\/diarioelpopular.com\/index.php\/wp-json\/wp\/v2\/posts\/489882","targetHints":{"allow":["GET"]}}],"collection":[{"href":"https:\/\/diarioelpopular.com\/index.php\/wp-json\/wp\/v2\/posts"}],"about":[{"href":"https:\/\/diarioelpopular.com\/index.php\/wp-json\/wp\/v2\/types\/post"}],"author":[{"embeddable":true,"href":"https:\/\/diarioelpopular.com\/index.php\/wp-json\/wp\/v2\/users\/99"}],"replies":[{"embeddable":true,"href":"https:\/\/diarioelpopular.com\/index.php\/wp-json\/wp\/v2\/comments?post=489882"}],"version-history":[{"count":2,"href":"https:\/\/diarioelpopular.com\/index.php\/wp-json\/wp\/v2\/posts\/489882\/revisions"}],"predecessor-version":[{"id":489885,"href":"https:\/\/diarioelpopular.com\/index.php\/wp-json\/wp\/v2\/posts\/489882\/revisions\/489885"}],"wp:attachment":[{"href":"https:\/\/diarioelpopular.com\/index.php\/wp-json\/wp\/v2\/media?parent=489882"}],"wp:term":[{"taxonomy":"category","embeddable":true,"href":"https:\/\/diarioelpopular.com\/index.php\/wp-json\/wp\/v2\/categories?post=489882"},{"taxonomy":"post_tag","embeddable":true,"href":"https:\/\/diarioelpopular.com\/index.php\/wp-json\/wp\/v2\/tags?post=489882"}],"curies":[{"name":"wp","href":"https:\/\/api.w.org\/{rel}","templated":true}]}}