{"id":489894,"date":"2020-04-12T15:17:28","date_gmt":"2020-04-12T15:17:28","guid":{"rendered":"https:\/\/diarioelpopular.com\/?p=489894"},"modified":"2020-04-12T15:17:28","modified_gmt":"2020-04-12T15:17:28","slug":"el-recuento-de-casos-covid-19-de-ontario-supera-los-7000-la-provincia-confirma-21-muertes-mas","status":"publish","type":"post","link":"https:\/\/diarioelpopular.com\/index.php\/2020\/04\/12\/el-recuento-de-casos-covid-19-de-ontario-supera-los-7000-la-provincia-confirma-21-muertes-mas\/","title":{"rendered":"El recuento de casos COVID-19 de Ontario supera los 7,000, la provincia confirma 21 muertes m\u00e1s"},"content":{"rendered":"<div id=\"attachment_489895\" style=\"width: 310px\" class=\"wp-caption alignnone\"><img loading=\"lazy\" decoding=\"async\" aria-describedby=\"caption-attachment-489895\" class=\"size-medium wp-image-489895\" src=\"https:\/\/diarioelpopular.com\/wp-content\/uploads\/2020\/04\/RJB11257218-e1586359773712-300x169.jpg\" alt=\"\" width=\"300\" height=\"169\" \/><p id=\"caption-attachment-489895\" class=\"wp-caption-text\">Las muestras a analizar para COVID-19 se ven en Surrey, B.C.\u00a0<\/p><\/div>\n<p><em><strong>\u00daltima actualizaci\u00f3n el domingo 12 de abril de 2020 10:56 AM EDT<\/strong><\/em><\/p>\n<p>&nbsp;<\/p>\n<p><em><strong>TORONTO &#8211;<\/strong><\/em> Los funcionarios de salud de Ontario est\u00e1n reportando 401 casos m\u00e1s de COVID-19 en la provincia este domingo por la ma\u00f1ana, lo que eleva el n\u00famero total provincial de personas infectadas a m\u00e1s de 7,000.<\/p>\n<p>Los funcionarios de salud tambi\u00e9n informaron 21 muertes m\u00e1s relacionadas con el virus, y anunciaron que la cifra provincial de muertes ahora es de 274.<\/p>\n<p>El n\u00famero total de casos de COVID-19 en Ontario, incluidos los casos resueltos y fallecidos, asciende a 7.049. Funcionarios de salud informaron el domingo que el n\u00famero de casos resueltos aument\u00f3 a 3.121.<\/p>\n<p>&nbsp;<\/p>\n<h3><em>Quebec informa 289 muertes a medida que aumentan los casos de COVID-19<\/em><\/h3>\n<p>Quebec ha visto otro aumento en el n\u00famero de muertes en la provincia y ahora tiene 289 muertes relacionadas con COVID-19.<\/p>\n<p>El premier Francois Legault dijo que la provincia tambi\u00e9n tiene 12,292 casos confirmados y 778 personas est\u00e1n hospitalizadas, 211 en cuidados intensivos.<\/p>\n<p>Legault tambi\u00e9n est\u00e1 asegurando a los quebequenses que no volver\u00e1 a abrir escuelas y guarder\u00edas sin el visto bueno de la salud p\u00fablica.<\/p>\n<p>Hubo fuertes reacciones de los sindicatos de padres y maestros despu\u00e9s de que Legault sugiri\u00f3 el viernes que esas instituciones, cerradas por el gobierno hasta el 4 de mayo, podr\u00edan reabrir antes de esa fecha, mientras Quebec busca formas de reiniciar la econom\u00eda.<\/p>\n<p>&nbsp;<\/p>\n<h3><em>3 muertes adicionales, 35 nuevos casos de COVID-19 en B.C.<\/em><\/h3>\n<p><em><strong>VANCOUVER &#8211;<\/strong> <\/em>Tres personas m\u00e1s murieron por COVID-19 en Columbia Brit\u00e1nica en las \u00faltimas 24 horas, dijo el funcionario de salud provincial, la Dra. Bonnie Henry.<\/p>\n<p>El total de muertos en B.C. de la pandemia de coronavirus ahora se encuentra en 58.<\/p>\n<p>Henry tambi\u00e9n anunci\u00f3 35 nuevos casos del virus, elevando el total de B.C. a 1,445.<\/p>\n<p>Hay 134 personas en el hospital con COVID-19 en la provincia, incluidas 63 que est\u00e1n en cuidados cr\u00edticos, dijo Henry.<\/p>\n<p>Durante toda la semana, Henry y el ministro provincial de Salud, Adrian Dix, han estado advirtiendo a las personas que no viajaran innecesariamente durante el largo fin de semana de Pascua.<\/p>\n<p>El viernes, CTV News Vancouver inform\u00f3 sobre terminales de ferry llenas de gente y playas concurridas, con un n\u00famero significativo de personas aparentemente sin prestar atenci\u00f3n a ese consejo.<\/p>\n<p>Cuando se le pregunt\u00f3 sobre esto durante su sesi\u00f3n informativa, Henry se centr\u00f3 en aquellos que se hab\u00edan quedado en casa, a quienes describi\u00f3 como &#8220;la mayor\u00eda&#8221; de residentes de B.C.<\/p>\n<p>El funcionario de salud provincial se\u00f1al\u00f3 que la capacidad en BC Ferries ha sido severamente limitada por las regulaciones federales y por las reducciones de servicio autoimpuestas del servicio de ferry. Ella dijo que hab\u00eda estado en contacto con BC Ferries sobre los niveles de tr\u00e1fico este fin de semana, y se sinti\u00f3 &#8220;alentada&#8221; por la afirmaci\u00f3n de la compa\u00f1\u00eda de que el tr\u00e1fico es mucho m\u00e1s bajo de lo esperado durante un fin de semana largo.<\/p>\n<p>&#8220;Si no tienes una raz\u00f3n para ir, entonces no vayas&#8221;, dijo Henry. &#8220;Qu\u00e9dese en casa. Qu\u00e9dese cerca de casa. Sabemos que la mayor\u00eda de las personas lo est\u00e1n haciendo. Hay muchas razones por las cuales las personas pueden necesitar viajar, ya sea para la familia, para poder controlar a las personas que no han tenido la capacidad de hacer eso para, as\u00ed que creo que todos debemos ser pacientes y amables entre nosotros &#8220;.<\/p>\n<p>No ha habido brotes adicionales en los centros de atenci\u00f3n a largo plazo, dijo el s\u00e1bado el funcionario de salud provincial, lo que significa que todav\u00eda hay 20 centros con casos activos en la provincia. En las residencias de ancianos, hay 246 casos confirmados de COVID-19; 153 de ellos son residentes de los hogares y 93 son miembros del personal.<\/p>\n<p>Preguntado si B.C. anticipa una escasez de trabajadores para hogares de cuidado, como se inform\u00f3 en Quebec y Ontario, Henry dijo que la provincia tiene un plan para garantizar la dotaci\u00f3n de personal adecuada en dichas instalaciones.<\/p>\n<p>Parte de la raz\u00f3n por la que tom\u00f3 varias semanas para B.C. para implementar su orden provincial de salud que proh\u00edbe que los trabajadores de la salud trabajen en m\u00faltiples hogares de cuidado a largo plazo, dijo Henry, fue porque los funcionarios tuvieron que elaborar la log\u00edstica para garantizar que todos los hogares tengan suficiente personal.<\/p>\n<p>&#8220;No hemos visto escasez de personal, y hemos estado trabajando con mucho cuidado para tratar de apoyar al personal para que puedan seguir trabajando&#8221;, dijo Henry. &#8220;Hemos tenido una gran cantidad &#8230; de enfermeras y auxiliares de atenci\u00f3n que han dado un paso al frente y se ofrecieron como voluntarios para ayudar en los brotes de centros de atenci\u00f3n a largo plazo que hemos tenido y estamos incre\u00edblemente agradecidos por eso&#8221;.<\/p>\n<p>La gran mayor\u00eda de los casos de virus de B.C. se encuentran en el Bajo Continente, con 642 en la regi\u00f3n de Salud Costera de Vancouver y 558 en la regi\u00f3n de Salud de Fraser. Esas dos regiones son responsables de todo Metro Vancouver, as\u00ed como de las comunidades circundantes en el Valle de Fraser y el Corredor Sea-to-Sky.<\/p>\n<p>En otras partes de la provincia, hay 135 casos en la regi\u00f3n de Salud Interior, 84 en la regi\u00f3n de Salud de la Isla y 26 en Salud del Norte.<\/p>\n<p>Un total de 905 personas que dieron positivo para el virus en B.C. ahora se consideran totalmente recuperados, dijo Henry.<\/p>\n","protected":false},"excerpt":{"rendered":"<p>\u00daltima actualizaci\u00f3n el domingo 12 de abril de 2020 10:56 AM EDT &nbsp; TORONTO &#8211; Los funcionarios de salud de Ontario est\u00e1n reportando 401 casos&hellip;<\/p>\n","protected":false},"author":99,"featured_media":0,"comment_status":"open","ping_status":"open","sticky":false,"template":"","format":"standard","meta":{"footnotes":""},"categories":[21,11191],"tags":[],"class_list":["post-489894","post","type-post","status-publish","format-standard","hentry","category-canada","category-top-news"],"_links":{"self":[{"href":"https:\/\/diarioelpopular.com\/index.php\/wp-json\/wp\/v2\/posts\/489894","targetHints":{"allow":["GET"]}}],"collection":[{"href":"https:\/\/diarioelpopular.com\/index.php\/wp-json\/wp\/v2\/posts"}],"about":[{"href":"https:\/\/diarioelpopular.com\/index.php\/wp-json\/wp\/v2\/types\/post"}],"author":[{"embeddable":true,"href":"https:\/\/diarioelpopular.com\/index.php\/wp-json\/wp\/v2\/users\/99"}],"replies":[{"embeddable":true,"href":"https:\/\/diarioelpopular.com\/index.php\/wp-json\/wp\/v2\/comments?post=489894"}],"version-history":[{"count":1,"href":"https:\/\/diarioelpopular.com\/index.php\/wp-json\/wp\/v2\/posts\/489894\/revisions"}],"predecessor-version":[{"id":489896,"href":"https:\/\/diarioelpopular.com\/index.php\/wp-json\/wp\/v2\/posts\/489894\/revisions\/489896"}],"wp:attachment":[{"href":"https:\/\/diarioelpopular.com\/index.php\/wp-json\/wp\/v2\/media?parent=489894"}],"wp:term":[{"taxonomy":"category","embeddable":true,"href":"https:\/\/diarioelpopular.com\/index.php\/wp-json\/wp\/v2\/categories?post=489894"},{"taxonomy":"post_tag","embeddable":true,"href":"https:\/\/diarioelpopular.com\/index.php\/wp-json\/wp\/v2\/tags?post=489894"}],"curies":[{"name":"wp","href":"https:\/\/api.w.org\/{rel}","templated":true}]}}