{"id":4899,"date":"2011-07-14T20:13:54","date_gmt":"2011-07-15T00:13:54","guid":{"rendered":"http:\/\/retrolab.ca\/elpopular\/?p=4899"},"modified":"2011-07-14T20:13:54","modified_gmt":"2011-07-15T00:13:54","slug":"un-final-apocaliptico-para-despedir-a-harry-potter","status":"publish","type":"post","link":"https:\/\/diarioelpopular.com\/index.php\/2011\/07\/14\/un-final-apocaliptico-para-despedir-a-harry-potter\/","title":{"rendered":"Un final &#8220;apocal\u00edptico&#8221; para despedir a Harry Potter"},"content":{"rendered":"<div id=\"attachment_4900\" style=\"width: 710px\" class=\"wp-caption aligncenter\"><a href=\"http:\/\/retrolab.ca\/elpopular\/wp-content\/uploads\/2011\/07\/Harry-Potter-and-the-Deathly-Hallows-II.jpg\"><img loading=\"lazy\" decoding=\"async\" aria-describedby=\"caption-attachment-4900\" class=\"size-full wp-image-4900\" title=\"Harry Potter and the Deathly Hallows II\" src=\"http:\/\/retrolab.ca\/elpopular\/wp-content\/uploads\/2011\/07\/Harry-Potter-and-the-Deathly-Hallows-II.jpg\" alt=\"\" width=\"700\" height=\"420\" \/><\/a><p id=\"caption-attachment-4900\" class=\"wp-caption-text\">Los actores Daniel Radcliffe, en el papel de Harry Potter; Rupert Grint, en el papel de Ron Weasley; Warwick Davis, en el papel de Griphook; Jon Key, en el papel de Bogrod, y Emma Watson, en el papel de Hermione Granger, durante una escena de la pel\u00edcula &quot;Harry Potter and the Deathly Hallows II&quot;, que se estrena este fin de semana en la cartelera de EE UU, dispuesta a liderar la taquilla. La octava parte de la historia de este joven mago, que se despide as\u00ed de la gran pantalla, llega tras una buena acogida de la cr\u00edtica, que la ha definido como una de las mejores de la saga. Imagen: Jaap Buitendijk \/ Warner Bros \/ Efe<\/p><\/div>\n<p><em>Patricia Rodr\u00edguez. Londres.-<\/em> El mago juvenil Harry\u00a0Potter\u00a0se despide de su devota legi\u00f3n de seguidores con la pel\u00edcula m\u00e1s &#8220;apocal\u00edptica&#8221; y &#8220;b\u00e9lica&#8221; de la saga, &#8220;Harry\u00a0Potter\u00a0and the Deathly Hallows II&#8221;, asegur\u00f3 en Londres su director, David Yates.<\/p>\n<p>Humilde y cercano, el realizador brit\u00e1nico explic\u00f3 en una entrevista con Efe que con la octava y \u00faltima cinta de la serie, que se estrena ma\u00f1ana d\u00eda 15 en los cines de todo el mundo, busc\u00f3 escenarios &#8220;m\u00e1s espectaculares&#8221; que en entregas pasadas.<\/p>\n<p>&#8220;Quer\u00eda im\u00e1genes te\u00f1idas de rojo, con sangre, fuego y acci\u00f3n, sin que solaparan el aspecto emocional con el que estos j\u00f3venes tratan de ganar una guerra&#8221;, afirm\u00f3 el guionista, encargado desde 2007 de trasladar al cine las historias contadas en papel por la autora brit\u00e1nica JK Rowling.<\/p>\n<p>Yates, pr\u00e1cticamente un desconocido antes de que Harry\u00a0Potter\u00a0se colase en su vida, recogi\u00f3 el testigo de Chris Columbus, Alfonso Cuar\u00f3n y Mike Newell, despu\u00e9s de que le fuese encomendado darle un giro &#8220;m\u00e1s oscuro&#8221; a las aventuras del mago.<\/p>\n<p>As\u00ed lo hizo con &#8220;Harry\u00a0Potter\u00a0y la Orden del F\u00e9nix&#8221; (2007), &#8220;Harry\u00a0Potter\u00a0y la sangre del pr\u00edncipe&#8221; (2009) y &#8220;Harry\u00a0Potter\u00a0and the Deathly Hallows (1)&#8221; (2010), filmes a los que quiso a\u00f1adir &#8220;oscuridad e intensidad&#8221;.<\/p>\n<p>&#8220;Quer\u00eda un producto m\u00e1s maduro, m\u00e1s moderno, y dejar el mundo infantil, ampliar la audiencia y que la pel\u00edcula fuera m\u00e1s sofisticada a la vez que emocional&#8221;, indic\u00f3.<\/p>\n<p>El esfuerzo de llevar al cine las exitosas novelas de Rowling, que en 2007 le vali\u00f3 una candidatura a los Premios Empire y otra a los Saturn, le han dejado &#8220;agotado&#8221;.<\/p>\n<p>&#8220;Han sido a\u00f1os de intensidad, de no parar, y probablemente me voy a sentir vac\u00edo ahora que esto se ha terminado&#8221;, confes\u00f3 el director, quien pese a encadenar rodaje tras rodaje se siente &#8220;un privilegiado&#8221; por haber participado en la saga cinematogr\u00e1fica &#8220;m\u00e1s taquillera del mundo&#8221;.<\/p>\n<p>El mundo fant\u00e1stico que rodea a Harry\u00a0Potter\u00a0y que fascina a ni\u00f1os y a mayores, le ha supuesto &#8220;una experiencia incre\u00edble, muy intensa y muy absorbente&#8221; que, en esta \u00faltima entrega, llega por fin en 3D.<\/p>\n<p>Yates afirma que el mago que encarna Daniel Radcliffe es ya &#8220;un tesoro nacional incre\u00edblemente importante&#8221;.<\/p>\n<p>El director dedic\u00f3 elogios para un elenco de int\u00e9rpretes convertidos ahora en estrellas, como Radcliffe, Emma Watson o Rupert Grint. &#8220;Trabajar con todos ellos ha sido genial&#8221;, dijo.<\/p>\n<p>&#8220;Siempre han sido muy normales, equilibrados, con los pies en la tierra en este circo incre\u00edble que ha sido Harry\u00a0Potter&#8221;.<\/p>\n<p>Dijo de Radcliffe que es un &#8220;tipo adicto al trabajo&#8221;, sobre Watson que es &#8220;un poco Hermione, extremadamente perfeccionista y muy brillante&#8221; y acerca de Grint que es &#8220;muy tranquilo, muy afable y muy tierno&#8221;.<\/p>\n<p>Si tuviera que escoger alg\u00fan personaje favorito, se decantar\u00eda por Severus &#8220;Snape&#8221; por su &#8220;complejidad y porque tiene algo tr\u00e1gicamente rom\u00e1ntico, de figura incomprendida&#8221; aunque tambi\u00e9n nombra a &#8220;Hermione&#8221;, la amiga sabelotodo de Harry, por ser &#8220;tan inteligente, tan intensa y tan rigurosa&#8221;.<\/p>\n<p>Preguntado si su vida personal se ha resentido a causa del traj\u00edn imparable de los rodajes y de su nuevo estatus como director de \u00e9xito, dice que apenas ha tenido &#8220;tiempo para pensarlo&#8221;.<\/p>\n<p>&#8220;No paro, pero intento seguir siendo yo mismo y les pido a mi mujer y a mi editor que me digan si he cambiado&#8221;, coment\u00f3.<\/p>\n<p>En cuanto al esperado desenlace cinematogr\u00e1fico, en la estaci\u00f3n londinense de Kings&#8217;Cross donde comienza el mundo m\u00e1gico de\u00a0Potter, el director confes\u00f3 que es su &#8220;escena preferida&#8221; y la que, adem\u00e1s, &#8220;completa el ciclo&#8221;.<\/p>\n<p>La saga cinematogr\u00e1fica de Harry\u00a0Potter, que ha seguido fielmente las historias del mago creado por J.K.Rowling en 1997, ha recaudado hasta ahora en taquilla m\u00e1s de 6.000 millones de d\u00f3lares en todo el mundo.<\/p>\n","protected":false},"excerpt":{"rendered":"<p>El mago juvenil Harry Potter se despide de su devota legi\u00f3n de seguidores con la pel\u00edcula m\u00e1s &#8220;apocal\u00edptica&#8221; y &#8220;b\u00e9lica&#8221; de la saga, &#8220;Harry Potter and the Deathly Hallows II&#8221;, asegur\u00f3 en Londres su director, David Yates.<\/p>\n","protected":false},"author":1,"featured_media":4900,"comment_status":"closed","ping_status":"open","sticky":false,"template":"","format":"standard","meta":{"footnotes":""},"categories":[80],"tags":[6776,6538,6777],"class_list":["post-4899","post","type-post","status-publish","format-standard","has-post-thumbnail","hentry","category-cine-2","tag-david-yates","tag-harry-potter","tag-harry-potter-and-the-deathly-hallows-ii"],"_links":{"self":[{"href":"https:\/\/diarioelpopular.com\/index.php\/wp-json\/wp\/v2\/posts\/4899","targetHints":{"allow":["GET"]}}],"collection":[{"href":"https:\/\/diarioelpopular.com\/index.php\/wp-json\/wp\/v2\/posts"}],"about":[{"href":"https:\/\/diarioelpopular.com\/index.php\/wp-json\/wp\/v2\/types\/post"}],"author":[{"embeddable":true,"href":"https:\/\/diarioelpopular.com\/index.php\/wp-json\/wp\/v2\/users\/1"}],"replies":[{"embeddable":true,"href":"https:\/\/diarioelpopular.com\/index.php\/wp-json\/wp\/v2\/comments?post=4899"}],"version-history":[{"count":0,"href":"https:\/\/diarioelpopular.com\/index.php\/wp-json\/wp\/v2\/posts\/4899\/revisions"}],"wp:featuredmedia":[{"embeddable":true,"href":"https:\/\/diarioelpopular.com\/index.php\/wp-json\/"}],"wp:attachment":[{"href":"https:\/\/diarioelpopular.com\/index.php\/wp-json\/wp\/v2\/media?parent=4899"}],"wp:term":[{"taxonomy":"category","embeddable":true,"href":"https:\/\/diarioelpopular.com\/index.php\/wp-json\/wp\/v2\/categories?post=4899"},{"taxonomy":"post_tag","embeddable":true,"href":"https:\/\/diarioelpopular.com\/index.php\/wp-json\/wp\/v2\/tags?post=4899"}],"curies":[{"name":"wp","href":"https:\/\/api.w.org\/{rel}","templated":true}]}}