{"id":489904,"date":"2020-04-13T03:32:48","date_gmt":"2020-04-13T03:32:48","guid":{"rendered":"https:\/\/diarioelpopular.com\/?p=489904"},"modified":"2020-04-13T03:32:48","modified_gmt":"2020-04-13T03:32:48","slug":"costa-rica-refuerza-su-frontera-mientras-ve-con-temor-la-politica-sanitaria-de-nicaragua","status":"publish","type":"post","link":"https:\/\/diarioelpopular.com\/index.php\/2020\/04\/13\/costa-rica-refuerza-su-frontera-mientras-ve-con-temor-la-politica-sanitaria-de-nicaragua\/","title":{"rendered":"Costa Rica refuerza su frontera mientras ve con temor la pol\u00edtica sanitaria de Nicaragua"},"content":{"rendered":"<div id=\"attachment_489905\" style=\"width: 646px\" class=\"wp-caption alignnone\"><img loading=\"lazy\" decoding=\"async\" aria-describedby=\"caption-attachment-489905\" class=\"size-custom-full-size wp-image-489905\" src=\"https:\/\/diarioelpopular.com\/wp-content\/uploads\/2020\/04\/RL5SZ3ZSNJGKNBRCVT2O3ZXHJQ-636x424.jpg\" alt=\"\" width=\"636\" height=\"424\" \/><p id=\"caption-attachment-489905\" class=\"wp-caption-text\">Refugiados nicarag\u00fcenses, venezolanos, y colombianos este viernes en San Jos\u00e9.JEFFREY ARGUEDAS \/ EFE<\/p><\/div>\n<h4 class=\"a_st font_secondary color_gray_dark \"><em>El Gobierno cierra la principal ruta de escape a los perseguidos de Daniel Ortega y suspende las solicitudes de refugio<\/em><\/h4>\n<p>&nbsp;<\/p>\n<p class=\"\"><a href=\"https:\/\/elpais.com\/sociedad\/2020-03-23\/costa-rica-un-destino-diferente-por-el-coronavirus.html\" target=\"_blank\" rel=\"noopener\" data-link-track-dtm=\"\">Costa Rica cumple tres semanas de cierre de fronteras<\/a> y mand\u00f3 polic\u00edas como nunca antes a vigilar su frontera norte; orden\u00f3 cancelar cualquier estatus migratorio a los millares de nicarag\u00fcenses que salgan a su pa\u00eds; instal\u00f3 una base a\u00e9rea en las barbas del territorio de su vecina Nicaragua y suspendi\u00f3 hasta nuevo aviso la recepci\u00f3n de solicitudes de refugio.<\/p>\n<p class=\"\">El coronavirus ha cerrado la ruta de escape de <a href=\"https:\/\/elpais.com\/sociedad\/2020-04-06\/daniel-ortega-cumple-24-dias-sin-dar-la-cara-en-plena-contingencia-por-el-coronavirus-en-nicaragua.html\" target=\"_blank\" rel=\"noopener\" data-link-track-dtm=\"\">los perseguidos de Daniel Ortega<\/a>. Dos a\u00f1os despu\u00e9s de la detonaci\u00f3n de la agitaci\u00f3n social y la represi\u00f3n gubernamental, la vecina Costa Rica da un giro de 180 grados en la pol\u00edtica migratoria que hasta marzo dio acogida a 350.000 nicarag\u00fcenses, el 7% de la poblaci\u00f3n costarricense. El peque\u00f1o pa\u00eds centroamericano conocido por recibir m\u00e1s migrantes de los que expulsa fue un remanso para 77.000 solicitantes de refugio procedentes de Nicaragua desde 2018, pero la epidemia del COVID-19 ha cambiado el mundo para todos.<\/p>\n<p class=\"\">Ahora el gobierno de Costa Rica trata de blindar sus 309 kil\u00f3metros de frontera con Nicaragua. Insiste hasta a la saciedad a los residentes nicarag\u00fcenses que no vayan a su pa\u00eds; que no podr\u00e1n volver, al menos dentro de los m\u00e1rgenes de legalidad que a\u00fan quedan. En tres semanas, la Polic\u00eda ha rechazado a 5.357 extranjeros en la frontera norte, el doble de la cantidad rechazada en las nueve semanas anteriores. Todo vale para consolidar un \u201ccerco sanitario\u201d, ha dicho la vicepresidenta Epsy Campbell, a cargo de los operativos migratorios.<\/p>\n<p class=\"\"><a href=\"https:\/\/elpais.com\/sociedad\/2020-04-09\/el-gobierno-de-nicaragua-desafia-al-coronavirus-con-procesiones-de-semana-santa.html\" target=\"_blank\" rel=\"noopener\" data-link-track-dtm=\"\">Al Gobierno de Costa Rica, con 577 casos de COVID-19 hasta este domingo y tres fallecidos, les preocupa la manera en el gobierno de Ortega responde a la epidemia<\/a>, aunque se han cuidado de decirlo p\u00fablicamente. \u201cEl tema migratorio es de alt\u00edsima vigilancia y preocupaci\u00f3n\u201d, dijo el presidente de la Caja Costarricense del Seguro Social, la entidad estatal que administra todas las cl\u00ednicas y hospitales del pa\u00eds. Fuera de micr\u00f3fonos, otras autoridades suenan alarmadas por los llamados gubernamentales a las aglomeraciones p\u00fablicas, por mantener las lecciones y por invitar al turismo a disfrutar esta \u00e9poca, en paralelo a la desaparici\u00f3n p\u00fablica del presidente Ortega por casi un mes.<\/p>\n<p class=\"\">Lo resumi\u00f3 el viernes la directora de la Organizaci\u00f3n Panamericana de la Salud, Carissa Etienne, al hablar de Nicaragua. \u201cNos preocupa la falta de distanciamiento social, la convocatoria de reuniones masivas; nos preocupan las pruebas, el rastreo de contactos, la notificaci\u00f3n de casos\u201d. En Costa Rica crece el temor a un contagio masivo y silencioso en suelo nicarag\u00fcense, y a una posible propagaci\u00f3n sobre la poblaci\u00f3n costarricense. La inquietud cunde en sectores opuestos a recibir migraci\u00f3n, pero tambi\u00e9n en los que han apoyado las pol\u00edticas de acogida, a pesar de espor\u00e1dicos llamados a evitar brotes de xenofobia.<\/p>\n<p class=\"\">La tensi\u00f3n no es solo sanitaria; la econom\u00eda tambi\u00e9n juega en contra. La epidemia del coronavirus destruir\u00e1 miles de empleos y agravar\u00e1 la debilidad de las finanzas p\u00fablicas, lo que reduce a m\u00ednimos la posibilidad de los migrantes de conseguir un trabajo o ayudas. \u201cEn esta semana estamos comiendo las verduras que nos regal\u00f3 un se\u00f1or campesino porque ya los restaurantes ya no le compran, pero no s\u00e9 qu\u00e9 vamos a hacer despu\u00e9s. Lo seguro es que a Nicaragua no vamos, pero s\u00e9 de otros que s\u00ed tuvieron que volver\u201d, dijo un profesor de Managua que lleg\u00f3 en octubre de 2018 con sus dos hijos adolescentes.<\/p>\n<p class=\"\">La Polic\u00eda costarricense tambi\u00e9n ha reforzado la vigilancia en la frontera sur, con Panam\u00e1, por donde desde 2016 entran miles de migrantes africanos y haitianos que cruzan Centroam\u00e9rica por tierra hasta Estados Unidos. Un acuerdo para trasladar de manera controlada 2.600 de ellos fracas\u00f3 porque Nicaragua tambi\u00e9n aument\u00f3 la presencia militar en su frontera; las autoridades migratorias costarricenses tampoco quisieron arriesgarse a aglomeraciones de migrantes en su territorio y avis\u00f3 a Panam\u00e1, en la \u00faltima semana de marzo, que no recibir\u00eda m\u00e1s.<\/p>\n","protected":false},"excerpt":{"rendered":"<p>El Gobierno cierra la principal ruta de escape a los perseguidos de Daniel Ortega y suspende las solicitudes de refugio &nbsp; Costa Rica cumple tres&hellip;<\/p>\n","protected":false},"author":99,"featured_media":0,"comment_status":"open","ping_status":"open","sticky":false,"template":"","format":"standard","meta":{"footnotes":""},"categories":[23],"tags":[],"class_list":["post-489904","post","type-post","status-publish","format-standard","hentry","category-latinoamerica"],"_links":{"self":[{"href":"https:\/\/diarioelpopular.com\/index.php\/wp-json\/wp\/v2\/posts\/489904","targetHints":{"allow":["GET"]}}],"collection":[{"href":"https:\/\/diarioelpopular.com\/index.php\/wp-json\/wp\/v2\/posts"}],"about":[{"href":"https:\/\/diarioelpopular.com\/index.php\/wp-json\/wp\/v2\/types\/post"}],"author":[{"embeddable":true,"href":"https:\/\/diarioelpopular.com\/index.php\/wp-json\/wp\/v2\/users\/99"}],"replies":[{"embeddable":true,"href":"https:\/\/diarioelpopular.com\/index.php\/wp-json\/wp\/v2\/comments?post=489904"}],"version-history":[{"count":1,"href":"https:\/\/diarioelpopular.com\/index.php\/wp-json\/wp\/v2\/posts\/489904\/revisions"}],"predecessor-version":[{"id":489906,"href":"https:\/\/diarioelpopular.com\/index.php\/wp-json\/wp\/v2\/posts\/489904\/revisions\/489906"}],"wp:attachment":[{"href":"https:\/\/diarioelpopular.com\/index.php\/wp-json\/wp\/v2\/media?parent=489904"}],"wp:term":[{"taxonomy":"category","embeddable":true,"href":"https:\/\/diarioelpopular.com\/index.php\/wp-json\/wp\/v2\/categories?post=489904"},{"taxonomy":"post_tag","embeddable":true,"href":"https:\/\/diarioelpopular.com\/index.php\/wp-json\/wp\/v2\/tags?post=489904"}],"curies":[{"name":"wp","href":"https:\/\/api.w.org\/{rel}","templated":true}]}}