{"id":489908,"date":"2020-04-13T03:35:31","date_gmt":"2020-04-13T03:35:31","guid":{"rendered":"https:\/\/diarioelpopular.com\/?p=489908"},"modified":"2020-04-13T03:35:31","modified_gmt":"2020-04-13T03:35:31","slug":"la-pandemia-asfixia-a-los-taxistas-mexicanos","status":"publish","type":"post","link":"https:\/\/diarioelpopular.com\/index.php\/2020\/04\/13\/la-pandemia-asfixia-a-los-taxistas-mexicanos\/","title":{"rendered":"La pandemia asfixia a los taxistas mexicanos"},"content":{"rendered":"<div id=\"article_header\" class=\"a_hg basic | \">\n<div id=\"attachment_489909\" style=\"width: 646px\" class=\"wp-caption alignnone\"><img loading=\"lazy\" decoding=\"async\" aria-describedby=\"caption-attachment-489909\" class=\"size-custom-full-size wp-image-489909\" src=\"https:\/\/diarioelpopular.com\/wp-content\/uploads\/2020\/04\/Screen-Shot-2020-04-12-at-11.34.59-PM-636x414.png\" alt=\"\" width=\"636\" height=\"414\" \/><p id=\"caption-attachment-489909\" class=\"wp-caption-text\">Un sitio de taxis, en Ciudad de M\u00e9xico, durante la emergencia sanitaria.M\u00d3NICA GONZ\u00c1LEZ<\/p><\/div>\n<h4 class=\"a_st font_secondary color_gray_dark \"><em>Miles de choferes deambulan por Ciudad de M\u00e9xico en busca de pasajeros en medio de la emergencia sanitaria pese a exponerse al virus<\/em><\/h4>\n<\/div>\n<div class=\"flex container_row social-icons  horizontal  \"><\/div>\n<div>\n<p class=\"\">La crom\u00e1tica de una <a href=\"https:\/\/elpais.com\/sociedad\/2020-04-08\/la-semana-en-que-ciudad-de-mexico-empezo-a-cambiar.html\" target=\"_blank\" rel=\"noopener\" data-link-track-dtm=\"\">Ciudad de M\u00e9xico <\/a>paralizada por la pandemia son el rosa y blanco. Colores como si fueran el empaque de goma de mascar. Esos tonos les pertenecen a los <a href=\"https:\/\/elpais.com\/internacional\/2019\/10\/07\/mexico\/1570478780_263279.html\" target=\"_blank\" rel=\"noopener\" data-link-track-dtm=\"\">taxistas<\/a> que han tomado las calles solitarias de la capital mexicana. Los veh\u00edculos peinan las avenidas escasas de gente para intentar subir un pasajero, como le ocurre a Jos\u00e9 Manuel Aguilar, un ch\u00f3fer de 60 a\u00f1os. \u201c\u00a1Qu\u00e9 bueno que te subiste! Eres mi primer pasaje. \u00bfMe dejas poner 40 pesos (1,7 d\u00f3lares) de gasolina? No me quiero quedar por ah\u00ed detenido\u201d, dice el conductor. Avanza unos metros, revisa las monedas sobre su tablero y pide: \u201c\u00bfme presta algo de lo que me va a pagar?\u201d.<\/p>\n<p class=\"\"><a href=\"https:\/\/elpais.com\/elpais\/2020\/04\/07\/album\/1586211586_310661.html\" target=\"_blank\" rel=\"noopener\" data-link-track-dtm=\"\">Ciudad de M\u00e9xico<\/a> es el principal foco de la pandemia en el pa\u00eds norteamericano con m\u00e1s de 1.000 casos de contagio y 49 muertes. Las autoridades sanitarias federales han pedido a sus ciudadanos no salir de casa, aunque no lo han hecho de forma obligatoria. Las restricciones de movilidad han golpeado las actividades econ\u00f3micas. Los taxistas, como el resto de trabajadores que viven al d\u00eda, ponderan su supervivencia al miedo a contagiarse, pese a que ellos est\u00e1n m\u00e1s expuestos. La mayor\u00eda de los conductores, al ser independientes, no cuentan con seguridad social. En la capital mexicana circulan al d\u00eda 105.000 unidades, seg\u00fan cifras oficiales. Debido a <a href=\"https:\/\/elpais.com\/america\/sociedad\/2020-04-11\/coronavirus-en-america-en-vivo-ultimas-noticias-de-la-covid-19.html\" target=\"_blank\" rel=\"noopener\" data-link-track-dtm=\"\">la emergencia sanitaria<\/a>, las ganancias se han reducido a m\u00ednimos.<\/p>\n<p class=\"\">\u201cEl otro d\u00eda sal\u00ed a las seis de la ma\u00f1ana y hasta las once no se hab\u00eda subido nadie. Ayer saqu\u00e9 113 pesos (4,8 d\u00f3lares)\u201d, cuenta Jos\u00e9 Manuel Aguilar, inquieto porque cuenta que tiene una infecci\u00f3n en el pie izquierdo. No puede ir al pod\u00f3logo porque la consulta le cuesta 200 pesos (8,5 d\u00f3lares). \u201cEn un d\u00eda normal sacaba los 1.000 pesos (42 d\u00f3lares), ahora saco 200. Trabajo en un sitio de taxis, pero las filas son de 40 o 50 autos esperando pasaje. En dos o tres horas luego sacas solo quince pesos (0,6 d\u00f3lares)\u201d, cuenta Javier Guti\u00e9rrez.<\/p>\n<p class=\"\">Arturo Alarc\u00f3n, un taxista de 63 a\u00f1os, prefiere salir de su auto para hablar. Solo la bronquitis ha podido detener su trayectoria de cuatro d\u00e9cadas frente al volante. \u201cSi me enfermo del coronavirus, pues ya me habr\u00e1 tocado\u201d, cuenta un tanto esc\u00e9ptico de la gravedad del <a href=\"https:\/\/elpais.com\/america\/sociedad\/2020-04-11\/coronavirus-en-america-en-vivo-ultimas-noticias-de-la-covid-19.html\" target=\"_blank\" rel=\"noopener\" data-link-track-dtm=\"\">Covid-19<\/a>. \u201cNo creo que sea como los medios lo muestran, lo \u00fanico que he visto de contagio es la paranoia\u201d, opina. Al d\u00eda debe ganar 270 pesos (11 d\u00f3lares) para pagarle al due\u00f1o del taxi. Estos d\u00edas no los ha podido completar. \u201cCada d\u00eda que pasa todo es m\u00e1s tenso\u201d, dice mientras espera alg\u00fan pasajero fuera de un negocio de helados. Conductores como Alarc\u00f3n o Aguilera pertenecen al grupo de mayor riesgo, seg\u00fan la OMS.<\/p>\n<p class=\"\">\u201cNos pusimos en contacto con las organizaciones de taxistas para explicarles cu\u00e1les son los riesgos para los conductores. Les dimos un manual de c\u00f3mo limpiar la unidad, para mantenerla limpia despu\u00e9s de cada uso\u201d, explica Andr\u00e9s Lajous, secretario de Movilidad en la capital. Las medidas de higiene de taxistas como Alarc\u00f3n y Aguilera se reducen a un cubrebocas que han usado varios d\u00edas.<\/p>\n<p class=\"\">En octubre pasado, <a href=\"https:\/\/elpais.com\/internacional\/2019\/10\/07\/mexico\/1570478780_263279.html\" target=\"_blank\" rel=\"noopener\" data-link-track-dtm=\"\">m\u00e1s de 10.000 taxistas protestaron en Ciudad de M\u00e9xico<\/a>para que las autoridades inhabilitaran a las aplicaciones de transporte privado porque no cumplen las mismas exigencias que los coches rosados y representa, seg\u00fan explican, una competencia desleal. Los taxistas deben pagar por una licencia de uso p\u00fablico y la revista de taxi (una certificaci\u00f3n de la unidad). De acuerdo con Lajous, los pagos de esos tr\u00e1mites se van a prorrogar por la emergencia sanitaria y lo anunciar\u00e1 en los pr\u00f3ximos d\u00edas.<\/p>\n<p class=\"\">\u201cEl sol sale para todos\u201d, es el mantra que profesan los taxistas mexicanos frente a la competencia de Uber, DiDi o Cabify. \u201cS\u00ed nos han afectado, pero es cuesti\u00f3n de cada quien: me he hecho de mis clientes. Pero ellos tambi\u00e9n la est\u00e1n pasando mal\u201d, cuenta el se\u00f1or Alarc\u00f3n. Las autoridades de movilidad de la metr\u00f3poli han puesto en marcha su propia app para los taxistas mexicanos e incluso un programa para renovar los coches de m\u00e1s de 10 a\u00f1os. Frente a la pandemia, la situaci\u00f3n de los taxistas se ha agravado.<\/p>\n<p class=\"\">Una de las paradojas que viven los taxistas es que estos d\u00edas el precio del litro de gasolina ha bajado hasta los casi 13 pesos (medio d\u00f3lar), por el desacuerdo entre en la producci\u00f3n entre Arabia Saud\u00ed y Rusia. \u201cS\u00ed, ha bajado el costo de la<i>gas<\/i>, pero de qu\u00e9 me sirve si no hay pasaje. Ojal\u00e1 nos mantuvieran el precio unos cuantos meses y yo s\u00e9 que muchos taxistas nos vamos a levantar\u201d, opina Joel Trejo, taxista de 39 a\u00f1os.<\/p>\n<p class=\"\">\u201cMe he ido a parar a los supermercados. Cuando llegu\u00e9 a detenerme, vinieron los otros taxistas para que me largara. \u2018\u00bfPor qu\u00e9 me corres? Amigo, tengo hambre igual que ustedes\u2019, les dije. \u2018O te mueves o te picamos las llantas\u2019, me respondieron y tuve que irme\u201d, cuenta Aguilar.<\/p>\n<p class=\"\">-\u00bfNo le da miedo contagiarse del <a href=\"https:\/\/elpais.com\/america\/sociedad\/2020-04-10\/coronavirus-en-america-en-vivo-ultimas-noticias-de-la-covid-19.html\" target=\"_blank\" rel=\"noopener\" data-link-track-dtm=\"\">Covid-19<\/a>?- se le pregunta a \u00c9rick Uribe, conductor de un sed\u00e1n.<\/p>\n<p class=\"\">-Tengo la certeza de que estoy joven, de que mi cuerpo es inmune. Tengo 31 a\u00f1os -explica mientras baja el sonido de la radio y mira por el retrovisor- Temor no tengo, solo s\u00e9 que debo trabajar. Tra\u00eda mi gel antibacterial, pero el pasaje es muy cabr\u00f3n y se lo llevaron.<\/p>\n<\/div>\n","protected":false},"excerpt":{"rendered":"<p>Miles de choferes deambulan por Ciudad de M\u00e9xico en busca de pasajeros en medio de la emergencia sanitaria pese a exponerse al virus La crom\u00e1tica&hellip;<\/p>\n","protected":false},"author":99,"featured_media":0,"comment_status":"open","ping_status":"open","sticky":false,"template":"","format":"standard","meta":{"footnotes":""},"categories":[23],"tags":[],"class_list":["post-489908","post","type-post","status-publish","format-standard","hentry","category-latinoamerica"],"_links":{"self":[{"href":"https:\/\/diarioelpopular.com\/index.php\/wp-json\/wp\/v2\/posts\/489908","targetHints":{"allow":["GET"]}}],"collection":[{"href":"https:\/\/diarioelpopular.com\/index.php\/wp-json\/wp\/v2\/posts"}],"about":[{"href":"https:\/\/diarioelpopular.com\/index.php\/wp-json\/wp\/v2\/types\/post"}],"author":[{"embeddable":true,"href":"https:\/\/diarioelpopular.com\/index.php\/wp-json\/wp\/v2\/users\/99"}],"replies":[{"embeddable":true,"href":"https:\/\/diarioelpopular.com\/index.php\/wp-json\/wp\/v2\/comments?post=489908"}],"version-history":[{"count":1,"href":"https:\/\/diarioelpopular.com\/index.php\/wp-json\/wp\/v2\/posts\/489908\/revisions"}],"predecessor-version":[{"id":489910,"href":"https:\/\/diarioelpopular.com\/index.php\/wp-json\/wp\/v2\/posts\/489908\/revisions\/489910"}],"wp:attachment":[{"href":"https:\/\/diarioelpopular.com\/index.php\/wp-json\/wp\/v2\/media?parent=489908"}],"wp:term":[{"taxonomy":"category","embeddable":true,"href":"https:\/\/diarioelpopular.com\/index.php\/wp-json\/wp\/v2\/categories?post=489908"},{"taxonomy":"post_tag","embeddable":true,"href":"https:\/\/diarioelpopular.com\/index.php\/wp-json\/wp\/v2\/tags?post=489908"}],"curies":[{"name":"wp","href":"https:\/\/api.w.org\/{rel}","templated":true}]}}