{"id":489932,"date":"2020-04-13T16:43:47","date_gmt":"2020-04-13T16:43:47","guid":{"rendered":"https:\/\/diarioelpopular.com\/?p=489932"},"modified":"2020-04-13T16:43:47","modified_gmt":"2020-04-13T16:43:47","slug":"la-peste-se-acelera-y-aniquila-en-ecuador","status":"publish","type":"post","link":"https:\/\/diarioelpopular.com\/index.php\/2020\/04\/13\/la-peste-se-acelera-y-aniquila-en-ecuador\/","title":{"rendered":"La peste se acelera y aniquila en Ecuador"},"content":{"rendered":"<div id=\"attachment_489933\" style=\"width: 160px\" class=\"wp-caption alignnone\"><img loading=\"lazy\" decoding=\"async\" aria-describedby=\"caption-attachment-489933\" class=\"size-thumbnail wp-image-489933\" src=\"https:\/\/diarioelpopular.com\/wp-content\/uploads\/2020\/04\/cd80bb6a27d470729eb99f1ebf8270cb-150x150.jpg\" alt=\"\" width=\"150\" height=\"150\" \/><p id=\"caption-attachment-489933\" class=\"wp-caption-text\">M\u00e1s y m\u00e1s muertes en Ecuador<\/p><\/div>\n<h4><em>Los fallecidos ya superan los 300 y los caos son caso 7.500<\/em><\/h4>\n<p>&nbsp;<\/p>\n<p><em><strong>QUITO, 13 ABR &#8211;<\/strong><\/em> La peste desborda a las autoridades sanitarias en Ecuador, que desde el 29 de marzo ven como la curva de contagios se dispara hacia arriba y los contagios se acercan ya a los 7.500 con m\u00e1s de 300 decesos confirmados, aunque hay numerosas muertes sospechosas.<br \/>\nEl ministro de Salud, Juan Carlos Zevallos, inform\u00f3 este domingo que existen 7.466 personas confirmadas con Covid-19, de 23.635 muestras tomadas. Seg\u00fan lo reproduce el diario El Comercio, el funcionario puntualiz\u00f3 que hay 333 fallecidos, 7.118 casos descartados y 501 personas han recibido el alta hospitalaria.<br \/>\nExiste un n\u00famero adicional de 384 &#8220;fallecidos probables por Covid-19 a nivel nacional&#8221;, admite el informe oficial.<br \/>\nEn Guayas, cuya capital en Guayaquil, la situaci\u00f3n es particularmente alarmante. Los datos confirmados de personas infectas hablan de 5.381; mientras que en Pichincha alcanza el n\u00famero de 627. La siguiente provincia con m\u00e1s contagios es Los R\u00edos con 239.<br \/>\nEl ministerio de Salud dispone, al momento, de 27 hospitales para atenci\u00f3n especifica de la pandemia, 2.100 centros m\u00e9dicos y adem\u00e1s 133 hospitales habilitados para atender a la ciudadan\u00eda para otro tipo de consultas. La estructura, con notorias precariedades est\u00e1 resultando escasa.<br \/>\nEl 29 de febrero se confirm\u00f3 el primer caso, aunque reci\u00e9n el 13 de marzo se activ\u00f3 el COE, el ente nacional para la coordinaci\u00f3n de la emergencia. Y desde dos d\u00edas antes el pa\u00eds est\u00e1 en Estado de Emergencia Sanitaria.<br \/>\nLa situaci\u00f3n en las c\u00e1rceles ecuatorianas tambi\u00e9n es especialmente alarmante y no se descartan inminentes motines.<br \/>\nLa Polic\u00eda Nacional moviliz\u00f3 a Guayaquil a 50 agentes de Inteligencia, para fortalecer la seguridad en el sistema penitenciario de esa ciudad y evitar posibles revueltas entre los presos, inform\u00f3 El Comercio en su portal online.<br \/>\nPor resoluci\u00f3n oficial este fin de semana (s\u00e1bado y domingo) ning\u00fan veh\u00edculo particular (autos o motocicletas) pudo circular en las ciudades de Ecuador.<br \/>\nSolo podr\u00e1n circular veh\u00edculos cuando justificadamente se movilicen por emergencias m\u00e9dicas, corredores humanitarios, corredores log\u00edsticos y servicios funerarios exequiales.<br \/>\nS\u00ed se mantuvo la entrega a domicilio de productos de primera necesidad y de alimentos preparados.<br \/>\nDesde el lunes 13 de abril, Ecuador ensayar\u00e1 un mapa de sem\u00e1foro para definir las zonas y provincias m\u00e1s peligrosas de contagio, pero en el campo de acci\u00f3n cada d\u00eda m\u00e1s todo se parece a un infierno.<\/p>\n","protected":false},"excerpt":{"rendered":"<p>Los fallecidos ya superan los 300 y los caos son caso 7.500 &nbsp; QUITO, 13 ABR &#8211; La peste desborda a las autoridades sanitarias en&hellip;<\/p>\n","protected":false},"author":99,"featured_media":0,"comment_status":"open","ping_status":"open","sticky":false,"template":"","format":"standard","meta":{"footnotes":""},"categories":[23],"tags":[],"class_list":["post-489932","post","type-post","status-publish","format-standard","hentry","category-latinoamerica"],"_links":{"self":[{"href":"https:\/\/diarioelpopular.com\/index.php\/wp-json\/wp\/v2\/posts\/489932","targetHints":{"allow":["GET"]}}],"collection":[{"href":"https:\/\/diarioelpopular.com\/index.php\/wp-json\/wp\/v2\/posts"}],"about":[{"href":"https:\/\/diarioelpopular.com\/index.php\/wp-json\/wp\/v2\/types\/post"}],"author":[{"embeddable":true,"href":"https:\/\/diarioelpopular.com\/index.php\/wp-json\/wp\/v2\/users\/99"}],"replies":[{"embeddable":true,"href":"https:\/\/diarioelpopular.com\/index.php\/wp-json\/wp\/v2\/comments?post=489932"}],"version-history":[{"count":1,"href":"https:\/\/diarioelpopular.com\/index.php\/wp-json\/wp\/v2\/posts\/489932\/revisions"}],"predecessor-version":[{"id":489934,"href":"https:\/\/diarioelpopular.com\/index.php\/wp-json\/wp\/v2\/posts\/489932\/revisions\/489934"}],"wp:attachment":[{"href":"https:\/\/diarioelpopular.com\/index.php\/wp-json\/wp\/v2\/media?parent=489932"}],"wp:term":[{"taxonomy":"category","embeddable":true,"href":"https:\/\/diarioelpopular.com\/index.php\/wp-json\/wp\/v2\/categories?post=489932"},{"taxonomy":"post_tag","embeddable":true,"href":"https:\/\/diarioelpopular.com\/index.php\/wp-json\/wp\/v2\/tags?post=489932"}],"curies":[{"name":"wp","href":"https:\/\/api.w.org\/{rel}","templated":true}]}}